{"id":131606,"date":"2025-12-22T18:02:58","date_gmt":"2025-12-22T21:02:58","guid":{"rendered":"https:\/\/www.r2cpress.com.br\/v1\/?p=131606"},"modified":"2025-12-22T18:02:58","modified_gmt":"2025-12-22T21:02:58","slug":"caos-no-transporte-publico-ilheus-horarios-ridiculos-e-respeito-zero-ao-cidadao","status":"publish","type":"post","link":"https:\/\/www.r2cpress.com.br\/v1\/2025\/12\/22\/caos-no-transporte-publico-ilheus-horarios-ridiculos-e-respeito-zero-ao-cidadao\/","title":{"rendered":"CAOS NO TRANSPORTE PUBLICO ILH\u00c9US &#8211; HOR\u00c1RIOS RID\u00cdCULOS E RESPEITO ZERO AO CIDAD\u00c3O."},"content":{"rendered":"<p style=\"font-weight: 400;\"><a href=\"https:\/\/www.r2cpress.com.br\/v1\/wp-content\/uploads\/2017\/06\/leonardo-garcia.jpg\"><img loading=\"lazy\" class=\"aligncenter size-full wp-image-109994\" src=\"https:\/\/www.r2cpress.com.br\/v1\/wp-content\/uploads\/2017\/06\/leonardo-garcia.jpg\" alt=\"\" width=\"210\" height=\"242\" \/><\/a>Ilh\u00e9us recentemente testemunhou a aprova\u00e7\u00e3o por parte da c\u00e2mara de vereadores de um projeto que destina valores exorbitantes \u00e0s empresas de \u00f4nibus municipais, algo que beira a imoralidade. \u00c9 desolador ver que, mesmo diante de tantas injusti\u00e7as, somos desrespeitados e ridicularizados ao buscar respostas das autoridades. Nossos cidad\u00e3os, incluindo turistas, enfrentam diariamente o abandono nas ruas, o que traz um enorme preju\u00edzo econ\u00f4mico e um desgaste sem precedentes \u00e0 imagem da nossa cidade.<\/p>\n<p style=\"font-weight: 400;\">Os empres\u00e1rios da regi\u00e3o sentem os impactos diretos dessa situa\u00e7\u00e3o, enfrentando preju\u00edzos tanto pelo atraso de seus funcion\u00e1rios quanto pelo desgaste f\u00edsico que resulta de horas de espera em pontos de \u00f4nibus. Essa situa\u00e7\u00e3o, em que aceitamos passivamente a realidade, demonstra um comportamento de cordeiros diante dos problemas que nos cercam. O mais lament\u00e1vel \u00e9 ver a propaganda de uma corpora\u00e7\u00e3o poderosa em nossos meios de comunica\u00e7\u00e3o, desejando aos brasileiros que n\u00e3o entrem no ano novo com o p\u00e9 direito. Cada povo recebe o que merece, e \u00e9 triste perceber que, mesmo diante de tantos desafios, a esperan\u00e7a de mudan\u00e7a parece distante.<\/p>\n<p style=\"font-weight: 400;\">O Brasil \u00e9 um pa\u00eds que ainda atravessa profunda tens\u00e3o entre liberdade de express\u00e3o, responsabilidade institucional e maturidade democr\u00e1tica.<\/p>\n<p style=\"font-weight: 400;\">Quando uma empresa de grande porte, l\u00edder em seu segmento, utiliza seu alcance econ\u00f4mico e simb\u00f3lico para sugerir ou induzir posicionamentos pol\u00edticos, especialmente associando o futuro da na\u00e7\u00e3o a uma \u00fanica corrente ideol\u00f3gica, ela ultrapassa a esfera do marketing e adentra o terreno delicado da influ\u00eancia pol\u00edtica indireta. N\u00e3o se trata de negar o direito \u00e0 opini\u00e3o \u2014 direito leg\u00edtimo de qualquer cidad\u00e3o ou entidade, mas de questionar o peso desproporcional dessa voz diante de milh\u00f5es de consumidores que n\u00e3o compartilham, necessariamente, da mesma vis\u00e3o.<\/p>\n<p style=\"font-weight: 400;\">Num pa\u00eds plural, o Ano Novo deveria simbolizar esperan\u00e7a comum, uni\u00e3o na diversidade e respeito \u00e0s diferen\u00e7as, n\u00e3o uma provoca\u00e7\u00e3o que divide, rotula ou sugere que h\u00e1 apenas um \u201cp\u00e9 certo\u201d para caminhar. Quando uma empresa fala como se representasse a na\u00e7\u00e3o, corre o risco de confundir marca com poder, mercado com soberania, consumo com consci\u00eancia pol\u00edtica.<!--more--><\/p>\n<p style=\"font-weight: 400;\">O que isso revela, no fundo, \u00e9 um pa\u00eds em que as institui\u00e7\u00f5es ainda lutam para separar economia, ideologia e cidadania; que o debate pol\u00edtico se desloca do campo das ideias para o campo das narrativas emocionais; que setor privado se sente autorizado a tutelar escolhas que cabem exclusivamente ao povo.<\/p>\n<p style=\"font-weight: 400;\">Em democracias maduras, empresas produzem, inovam, geram empregos e pagam impostos. O destino pol\u00edtico da na\u00e7\u00e3o pertence aos cidad\u00e3os, livres para decidir, sem constrangimentos simb\u00f3licos, com que p\u00e9 desejam entrar no novo ano e em qual caminho pretendem seguir.<\/p>\n<p style=\"font-weight: 400;\">Somos um Pa\u00eds de gente sem nenhuma no\u00e7\u00e3o das diferen\u00e7as entre direitos e deveres, pior, tem espertalh\u00f5es mostrando s\u00f3 direitos, escondendo os deveres relativos a cada direito embaixo de tapetes; um dia qui\u00e7\u00e1 nosso povo acorde.<\/p>\n<p>Leonardo Garcia Diniz<\/p>\n<p style=\"font-weight: 400;\">\n","protected":false},"excerpt":{"rendered":"<p>Ilh\u00e9us recentemente testemunhou a aprova\u00e7\u00e3o por parte da c\u00e2mara de vereadores de um projeto que destina valores exorbitantes \u00e0s empresas de \u00f4nibus municipais, algo que beira a imoralidade. \u00c9 desolador ver que, mesmo diante de tantas injusti\u00e7as, somos desrespeitados e ridicularizados ao buscar respostas das autoridades. Nossos cidad\u00e3os, incluindo turistas, enfrentam diariamente o abandono nas [&hellip;]<\/p>\n","protected":false},"author":2,"featured_media":109994,"comment_status":"open","ping_status":"open","sticky":false,"template":"","format":"standard","meta":{"_links_to":"","_links_to_target":""},"categories":[1],"tags":[],"_links":{"self":[{"href":"https:\/\/www.r2cpress.com.br\/v1\/wp-json\/wp\/v2\/posts\/131606"}],"collection":[{"href":"https:\/\/www.r2cpress.com.br\/v1\/wp-json\/wp\/v2\/posts"}],"about":[{"href":"https:\/\/www.r2cpress.com.br\/v1\/wp-json\/wp\/v2\/types\/post"}],"author":[{"embeddable":true,"href":"https:\/\/www.r2cpress.com.br\/v1\/wp-json\/wp\/v2\/users\/2"}],"replies":[{"embeddable":true,"href":"https:\/\/www.r2cpress.com.br\/v1\/wp-json\/wp\/v2\/comments?post=131606"}],"version-history":[{"count":1,"href":"https:\/\/www.r2cpress.com.br\/v1\/wp-json\/wp\/v2\/posts\/131606\/revisions"}],"predecessor-version":[{"id":131607,"href":"https:\/\/www.r2cpress.com.br\/v1\/wp-json\/wp\/v2\/posts\/131606\/revisions\/131607"}],"wp:featuredmedia":[{"embeddable":true,"href":"https:\/\/www.r2cpress.com.br\/v1\/wp-json\/wp\/v2\/media\/109994"}],"wp:attachment":[{"href":"https:\/\/www.r2cpress.com.br\/v1\/wp-json\/wp\/v2\/media?parent=131606"}],"wp:term":[{"taxonomy":"category","embeddable":true,"href":"https:\/\/www.r2cpress.com.br\/v1\/wp-json\/wp\/v2\/categories?post=131606"},{"taxonomy":"post_tag","embeddable":true,"href":"https:\/\/www.r2cpress.com.br\/v1\/wp-json\/wp\/v2\/tags?post=131606"}],"curies":[{"name":"wp","href":"https:\/\/api.w.org\/{rel}","templated":true}]}}