{"id":131820,"date":"2026-02-13T14:41:01","date_gmt":"2026-02-13T17:41:01","guid":{"rendered":"https:\/\/www.r2cpress.com.br\/v1\/?p=131820"},"modified":"2026-02-13T14:41:01","modified_gmt":"2026-02-13T17:41:01","slug":"demo-tape-e-das-atracoes-do-astro-rock-bahia-no-domingo-22","status":"publish","type":"post","link":"https:\/\/www.r2cpress.com.br\/v1\/2026\/02\/13\/demo-tape-e-das-atracoes-do-astro-rock-bahia-no-domingo-22\/","title":{"rendered":"Demo Tape \u00e9 das atra\u00e7\u00f5es do Astro Rock Bahia, no domingo (22)"},"content":{"rendered":"<p><a href=\"https:\/\/www.r2cpress.com.br\/v1\/wp-content\/uploads\/2023\/07\/Screenshot_2023-03-24-17-30-00-765_com.miui_.screenshot-edit-1-300x121-1.jpg\"><img loading=\"lazy\" class=\"aligncenter size-full wp-image-127471\" src=\"https:\/\/www.r2cpress.com.br\/v1\/wp-content\/uploads\/2023\/07\/Screenshot_2023-03-24-17-30-00-765_com.miui_.screenshot-edit-1-300x121-1.jpg\" alt=\"\" width=\"300\" height=\"121\" \/><\/a>A\u00a0<a class=\"outlook-break-word-in-links\" href=\"https:\/\/www.instagram.com\/demotapeoficial\/\" target=\"_blank\" rel=\"noopener\" data-linkindex=\"0\"><b>Demo Tape<\/b><\/a>\u00a0volta aos palcos de Salvador para mostrar seu rock autoral e cheio de energia. Desta vez, a apresenta\u00e7\u00e3o do quarteto acontece no\u00a0<b><a class=\"outlook-break-word-in-links\" href=\"https:\/\/www.instagram.com\/seuastro\/\" target=\"_blank\" rel=\"noopener\" data-linkindex=\"1\">Astro Bar<\/a>,<\/b>\u00a0na Pituba, ao lado das bandas\u00a0<a class=\"outlook-break-word-in-links\" href=\"https:\/\/www.instagram.com\/oficial.arrow\/\" target=\"_blank\" rel=\"noopener\" data-linkindex=\"2\">Arrow<\/a>, que lan\u00e7a seu primeiro single &#8211; Shattered Mind &#8211; , e Intra, no domingo, 22\/02, a partir das 15h.<\/p>\n<p>Formada por\u00a0<a class=\"outlook-break-word-in-links\" href=\"https:\/\/www.instagram.com\/ivandmarques\/\" target=\"_blank\" rel=\"noopener\" data-linkindex=\"3\">Ivan Marques<\/a>\u00a0(voz e guitarras),\u00a0<a class=\"outlook-break-word-in-links\" href=\"https:\/\/www.instagram.com\/henriqueferre1ra\/\" target=\"_blank\" rel=\"noopener\" data-linkindex=\"4\">Henrique Ferreira<\/a>\u00a0(guitarras),\u00a0<a class=\"outlook-break-word-in-links\" href=\"https:\/\/www.instagram.com\/fabiosanches_78\/\" target=\"_blank\" rel=\"noopener\" data-linkindex=\"5\">F\u00e1bio Sanches<\/a>\u00a0(baixo) e\u00a0<a class=\"outlook-break-word-in-links\" href=\"https:\/\/www.instagram.com\/bradoabreu\/\" target=\"_blank\" rel=\"noopener\" data-linkindex=\"6\">Alan Abreu<\/a>\u00a0(bateria), a\u00a0<a class=\"outlook-break-word-in-links\" href=\"https:\/\/allmylinks.com\/demotapeoficial\" target=\"_blank\" rel=\"noopener\" data-linkindex=\"7\">Demo Tape<\/a>\u00a0surgiu em 2022 e une a tradi\u00e7\u00e3o da cultura rock\/metal com riffs, timbres, tecnologia e pensamento contempor\u00e2neos em can\u00e7\u00f5es e apresenta\u00e7\u00f5es intensas.<\/p>\n<p>No\u00a0<a class=\"outlook-break-word-in-links\" href=\"https:\/\/www.facebook.com\/astrorestobar\/\" target=\"_blank\" rel=\"noopener\" data-linkindex=\"8\">Astro<\/a>, a banda ir\u00e1 mostrar m\u00fasicas que fazem dos dois EPs demo lan\u00e7ados em 2024 em formato para streaming &#8211;\u00a0\u00a0<a class=\"outlook-break-word-in-links\" href=\"https:\/\/open.spotify.com\/intl-pt\/album\/3X1CCNDfoptAhZBfwKXyMR\" target=\"_blank\" rel=\"noopener\" data-linkindex=\"9\">Samba do Caos<\/a>\u00a0e\u00a0<a class=\"outlook-break-word-in-links\" href=\"https:\/\/open.spotify.com\/intl-pt\/album\/0Yy4SkEDNHY1fgrpPBWl5a\" target=\"_blank\" rel=\"noopener\" data-linkindex=\"10\">Bootleg<\/a>\u00a0-, al\u00e9m de novas composi\u00e7\u00f5es que far\u00e3o parte do primeiro \u00e1lbum completo da\u00a0<a class=\"outlook-break-word-in-links\" href=\"https:\/\/www.youtube.com\/@demotapeoficial\" target=\"_blank\" rel=\"noopener\" data-linkindex=\"11\">Demo Tape<\/a>, com previs\u00e3o de lan\u00e7amento para este ano.<\/p>\n<p>Em sua trajet\u00f3ria, o quarteto j\u00e1 passou pelo <a class=\"outlook-break-word-in-links\" href=\"https:\/\/www.instagram.com\/palcodorock\/\" target=\"_blank\" rel=\"noopener\" data-linkindex=\"12\">Palco do Rock<\/a>, em Piat\u00e3, durante o Carnaval 2025,\u00a0<a class=\"outlook-break-word-in-links\" href=\"https:\/\/www.instagram.com\/discodelia.pub\/\" target=\"_blank\" rel=\"noopener\" data-linkindex=\"13\">Discodelia<\/a>,\u00a0<a class=\"outlook-break-word-in-links\" href=\"https:\/\/www.instagram.com\/sunsetmusicbar\/\" target=\"_blank\" rel=\"noopener\" data-linkindex=\"14\">Sunset<\/a>,\u00a0<a class=\"outlook-break-word-in-links\" href=\"https:\/\/www.instagram.com\/sesicasabranca\/\" target=\"_blank\" rel=\"noopener\" data-linkindex=\"15\">Sesi Casa Branca<\/a>,\u00a0<a class=\"outlook-break-word-in-links\" href=\"https:\/\/www.instagram.com\/proacervejaria\/\" target=\"_blank\" rel=\"noopener\" data-linkindex=\"16\">Proa<\/a>\u00a0e\u00a0<a class=\"outlook-break-word-in-links\" href=\"https:\/\/www.instagram.com\/brothersofmetalbeerlive\/\" target=\"_blank\" rel=\"noopener\" data-linkindex=\"17\">Brothers of Metal<\/a>, entre outros, sempre mostrando seu trabalho autoral e sua energia.<\/p>\n","protected":false},"excerpt":{"rendered":"<p>A\u00a0Demo Tape\u00a0volta aos palcos de Salvador para mostrar seu rock autoral e cheio de energia. Desta vez, a apresenta\u00e7\u00e3o do quarteto acontece no\u00a0Astro Bar,\u00a0na Pituba, ao lado das bandas\u00a0Arrow, que lan\u00e7a seu primeiro single &#8211; Shattered Mind &#8211; , e Intra, no domingo, 22\/02, a partir das 15h. Formada por\u00a0Ivan Marques\u00a0(voz e guitarras),\u00a0Henrique Ferreira\u00a0(guitarras),\u00a0F\u00e1bio Sanches\u00a0(baixo) [&hellip;]<\/p>\n","protected":false},"author":2,"featured_media":127471,"comment_status":"open","ping_status":"open","sticky":false,"template":"","format":"standard","meta":{"_links_to":"","_links_to_target":""},"categories":[1],"tags":[],"_links":{"self":[{"href":"https:\/\/www.r2cpress.com.br\/v1\/wp-json\/wp\/v2\/posts\/131820"}],"collection":[{"href":"https:\/\/www.r2cpress.com.br\/v1\/wp-json\/wp\/v2\/posts"}],"about":[{"href":"https:\/\/www.r2cpress.com.br\/v1\/wp-json\/wp\/v2\/types\/post"}],"author":[{"embeddable":true,"href":"https:\/\/www.r2cpress.com.br\/v1\/wp-json\/wp\/v2\/users\/2"}],"replies":[{"embeddable":true,"href":"https:\/\/www.r2cpress.com.br\/v1\/wp-json\/wp\/v2\/comments?post=131820"}],"version-history":[{"count":1,"href":"https:\/\/www.r2cpress.com.br\/v1\/wp-json\/wp\/v2\/posts\/131820\/revisions"}],"predecessor-version":[{"id":131821,"href":"https:\/\/www.r2cpress.com.br\/v1\/wp-json\/wp\/v2\/posts\/131820\/revisions\/131821"}],"wp:featuredmedia":[{"embeddable":true,"href":"https:\/\/www.r2cpress.com.br\/v1\/wp-json\/wp\/v2\/media\/127471"}],"wp:attachment":[{"href":"https:\/\/www.r2cpress.com.br\/v1\/wp-json\/wp\/v2\/media?parent=131820"}],"wp:term":[{"taxonomy":"category","embeddable":true,"href":"https:\/\/www.r2cpress.com.br\/v1\/wp-json\/wp\/v2\/categories?post=131820"},{"taxonomy":"post_tag","embeddable":true,"href":"https:\/\/www.r2cpress.com.br\/v1\/wp-json\/wp\/v2\/tags?post=131820"}],"curies":[{"name":"wp","href":"https:\/\/api.w.org\/{rel}","templated":true}]}}