{"id":131853,"date":"2026-02-20T20:37:47","date_gmt":"2026-02-20T23:37:47","guid":{"rendered":"https:\/\/www.r2cpress.com.br\/v1\/?p=131853"},"modified":"2026-02-20T20:37:47","modified_gmt":"2026-02-20T23:37:47","slug":"prefeito-andrei-realiza-ajustes-na-estrutura-administrativa-da-prefeitura-de-juazeiro","status":"publish","type":"post","link":"https:\/\/www.r2cpress.com.br\/v1\/2026\/02\/20\/prefeito-andrei-realiza-ajustes-na-estrutura-administrativa-da-prefeitura-de-juazeiro\/","title":{"rendered":"Prefeito Andrei realiza ajustes na estrutura administrativa da prefeitura de Juazeiro"},"content":{"rendered":"<p><a href=\"https:\/\/www.r2cpress.com.br\/v1\/wp-content\/uploads\/2026\/02\/1000608343.jpg\"><img loading=\"lazy\" class=\"aligncenter size-medium wp-image-131854\" src=\"https:\/\/www.r2cpress.com.br\/v1\/wp-content\/uploads\/2026\/02\/1000608343-300x300.jpg\" alt=\"\" width=\"300\" height=\"300\" srcset=\"https:\/\/www.r2cpress.com.br\/v1\/wp-content\/uploads\/2026\/02\/1000608343-300x300.jpg 300w, https:\/\/www.r2cpress.com.br\/v1\/wp-content\/uploads\/2026\/02\/1000608343-150x150.jpg 150w, https:\/\/www.r2cpress.com.br\/v1\/wp-content\/uploads\/2026\/02\/1000608343.jpg 600w\" sizes=\"(max-width: 300px) 100vw, 300px\" \/><\/a>Prefeito Andrei realiza ajustes na estrutura administrativa da prefeitura de Juazeiro<\/p>\n<p>Foi publicado no Di\u00e1rio Oficial do Munic\u00edpio desta sexta-feira, decretos que oficializam mudan\u00e7as na estrutura administrativa da gest\u00e3o municipal, com novas nomea\u00e7\u00f5es e readequa\u00e7\u00f5es em cargos de confian\u00e7a.<\/p>\n<p>Entre as defini\u00e7\u00f5es, Ant\u00f4nio Marcos Evangelista dos Santos, professor e atual coordenador da Casa dos Conselhos, assume a Secretaria Municipal de Articula\u00e7\u00e3o Social e Assuntos Religiosos (SAS).<\/p>\n<p>Ailton Batista retorna, a pedido, \u00e0 C\u00e2mara Legislativa para cumprir o mandato de vereador e a agr\u00f4noma e ex-diretora do SENAR, Thyara Rocha Ribeiro, assume a Diretoria-Presid\u00eancia da Ag\u00eancia de Desenvolvimento Rural (ADR), enquanto Paulo Henrique Oliveira Lima, ex-superintendente da Pol\u00edcia Rodovi\u00e1ria Federal (PRF) passa a ocupar a Diretoria-Presid\u00eancia da Autarquia Municipal de Tr\u00e2nsito e Transporte (AMTT). Mitonho Vargas, assume a posi\u00e7\u00e3o de Gestor de Pol\u00edticas P\u00fablicas do Gabinete do prefeito.<\/p>\n<p>A secretaria de Desenvolvimento Urbano (SEDUR) deixa de existir e suas fun\u00e7\u00f5es s\u00e3o absorvidas pela secretaria de Obras Estruturantes (SOEST). Gilson Ara\u00fajo Ribeiro deixa a SEDUR e assume a gest\u00e3o da Ag\u00eancia Regulat\u00f3ria de \u00c1guas, criada em dezembro de 2025, em atendimento ao novo marco regulat\u00f3rio do saneamento b\u00e1sico.<\/p>\n<p>As medidas fazem parte de ajustes administrativos promovidos pelo prefeito Andrei Gon\u00e7alves, com o objetivo de aprimorar a organiza\u00e7\u00e3o interna e fortalecer a condu\u00e7\u00e3o das pol\u00edticas p\u00fablicas nas respectivas \u00e1reas.<\/p>\n<p>&nbsp;<\/p>\n<p>Ascom<\/p>\n","protected":false},"excerpt":{"rendered":"<p>Prefeito Andrei realiza ajustes na estrutura administrativa da prefeitura de Juazeiro Foi publicado no Di\u00e1rio Oficial do Munic\u00edpio desta sexta-feira, decretos que oficializam mudan\u00e7as na estrutura administrativa da gest\u00e3o municipal, com novas nomea\u00e7\u00f5es e readequa\u00e7\u00f5es em cargos de confian\u00e7a. Entre as defini\u00e7\u00f5es, Ant\u00f4nio Marcos Evangelista dos Santos, professor e atual coordenador da Casa dos Conselhos, [&hellip;]<\/p>\n","protected":false},"author":2,"featured_media":131854,"comment_status":"open","ping_status":"open","sticky":false,"template":"","format":"standard","meta":{"_links_to":"","_links_to_target":""},"categories":[1],"tags":[],"_links":{"self":[{"href":"https:\/\/www.r2cpress.com.br\/v1\/wp-json\/wp\/v2\/posts\/131853"}],"collection":[{"href":"https:\/\/www.r2cpress.com.br\/v1\/wp-json\/wp\/v2\/posts"}],"about":[{"href":"https:\/\/www.r2cpress.com.br\/v1\/wp-json\/wp\/v2\/types\/post"}],"author":[{"embeddable":true,"href":"https:\/\/www.r2cpress.com.br\/v1\/wp-json\/wp\/v2\/users\/2"}],"replies":[{"embeddable":true,"href":"https:\/\/www.r2cpress.com.br\/v1\/wp-json\/wp\/v2\/comments?post=131853"}],"version-history":[{"count":1,"href":"https:\/\/www.r2cpress.com.br\/v1\/wp-json\/wp\/v2\/posts\/131853\/revisions"}],"predecessor-version":[{"id":131855,"href":"https:\/\/www.r2cpress.com.br\/v1\/wp-json\/wp\/v2\/posts\/131853\/revisions\/131855"}],"wp:featuredmedia":[{"embeddable":true,"href":"https:\/\/www.r2cpress.com.br\/v1\/wp-json\/wp\/v2\/media\/131854"}],"wp:attachment":[{"href":"https:\/\/www.r2cpress.com.br\/v1\/wp-json\/wp\/v2\/media?parent=131853"}],"wp:term":[{"taxonomy":"category","embeddable":true,"href":"https:\/\/www.r2cpress.com.br\/v1\/wp-json\/wp\/v2\/categories?post=131853"},{"taxonomy":"post_tag","embeddable":true,"href":"https:\/\/www.r2cpress.com.br\/v1\/wp-json\/wp\/v2\/tags?post=131853"}],"curies":[{"name":"wp","href":"https:\/\/api.w.org\/{rel}","templated":true}]}}