{"id":131955,"date":"2026-03-13T16:57:40","date_gmt":"2026-03-13T19:57:40","guid":{"rendered":"https:\/\/www.r2cpress.com.br\/v1\/?p=131955"},"modified":"2026-03-13T16:57:40","modified_gmt":"2026-03-13T19:57:40","slug":"do-fundo-do-bau-de-jose-leite-658","status":"publish","type":"post","link":"https:\/\/www.r2cpress.com.br\/v1\/2026\/03\/13\/do-fundo-do-bau-de-jose-leite-658\/","title":{"rendered":"DO FUNDO DO BA\u00da DE JOS\u00c9 LEITE."},"content":{"rendered":"<p><a href=\"https:\/\/www.r2cpress.com.br\/v1\/wp-content\/uploads\/2021\/02\/BAU-NOVO-COM-400-300x218.jpg\"><img loading=\"lazy\" class=\"aligncenter size-medium wp-image-123540\" src=\"https:\/\/www.r2cpress.com.br\/v1\/wp-content\/uploads\/2021\/02\/BAU-NOVO-COM-400-300x218-300x218.jpg\" alt=\"\" width=\"300\" height=\"218\" \/><\/a><\/p>\n<p style=\"text-align: center;\"><strong>1) 66 ANOS DE JOS\u00c9 LEITE EM ILH\u00c9US. <\/strong><\/p>\n<p style=\"text-align: center;\"><strong>2) QUANDO O F\u00d3RUM PERMANENTE EM DEFESA DE ILH\u00c9US ESTAVA ATIVO. <\/strong><\/p>\n<p style=\"text-align: center;\"><strong>3) AS FOTOS DESTAQUES DA SEMANA. <\/strong><!--more--><\/p>\n<p style=\"text-align: center;\"><strong>1) 66 ANOS DE JOS\u00c9 LEITE EM ILH\u00c9US.<a href=\"https:\/\/www.r2cpress.com.br\/v1\/wp-content\/uploads\/2026\/03\/1000647011.jpg\"><img loading=\"lazy\" class=\"aligncenter size-medium wp-image-131956\" src=\"https:\/\/www.r2cpress.com.br\/v1\/wp-content\/uploads\/2026\/03\/1000647011-300x136.jpg\" alt=\"\" width=\"300\" height=\"136\" srcset=\"https:\/\/www.r2cpress.com.br\/v1\/wp-content\/uploads\/2026\/03\/1000647011-300x136.jpg 300w, https:\/\/www.r2cpress.com.br\/v1\/wp-content\/uploads\/2026\/03\/1000647011.jpg 600w\" sizes=\"(max-width: 300px) 100vw, 300px\" \/><\/a> <\/strong><\/p>\n<p>Meus amigos de ILH\u00c9US, JUAZEIRO DO NORTE e de todo o BRASIL, gra\u00e7as ao meu BOM DEUS e ao PADRE C\u00cdCERO DO JUAZEIRO e S\u00c3O JORGE DOS ILH\u00c9US, conseguimos chegar em 2026 com SA\u00daDE. Essa coluna \u00e9 a d\u00e9cima edi\u00e7\u00e3o desse ano. Vamos pedir a DEUS que tenhamos um ano de muita sa\u00fade para todos n\u00f3s, o resto, com ajuda do TODO PODEROSO, vamos conseguir.<a href=\"https:\/\/www.r2cpress.com.br\/v1\/wp-content\/uploads\/2026\/03\/1000647012.jpg\"><img loading=\"lazy\" class=\"aligncenter size-medium wp-image-131957\" src=\"https:\/\/www.r2cpress.com.br\/v1\/wp-content\/uploads\/2026\/03\/1000647012-193x300.jpg\" alt=\"\" width=\"193\" height=\"300\" srcset=\"https:\/\/www.r2cpress.com.br\/v1\/wp-content\/uploads\/2026\/03\/1000647012-193x300.jpg 193w, https:\/\/www.r2cpress.com.br\/v1\/wp-content\/uploads\/2026\/03\/1000647012.jpg 386w\" sizes=\"(max-width: 193px) 100vw, 193px\" \/><\/a><\/p>\n<p>Na d\u00e9cada de 1940, o Governo da BAHIA j\u00e1 pensava que o TURISMO era mais uma porta para o Desenvolvimento do Estado. Observe na foto, quem aparece \u00e9 o Secret\u00e1rio Dr. RAMIRO BERBERT DE CASTRO, de fam\u00edlia tradicional de ILH\u00c9US. Mat\u00e9ria do Jornal DI\u00c1RIO DA TARDE, edi\u00e7\u00e3o de 10 de julho de 1941. Clique na foto para ampliar.<\/p>\n<p style=\"text-align: center;\"><strong>2) QUANDO O F\u00d3RUM PERMANENTE EM DEFESA DE ILH\u00c9US ESTAVA ATIVO.<a href=\"https:\/\/www.r2cpress.com.br\/v1\/wp-content\/uploads\/2026\/03\/1000647013.jpg\"><img loading=\"lazy\" class=\"aligncenter size-medium wp-image-131958\" src=\"https:\/\/www.r2cpress.com.br\/v1\/wp-content\/uploads\/2026\/03\/1000647013-300x206.jpg\" alt=\"\" width=\"300\" height=\"206\" srcset=\"https:\/\/www.r2cpress.com.br\/v1\/wp-content\/uploads\/2026\/03\/1000647013-300x206.jpg 300w, https:\/\/www.r2cpress.com.br\/v1\/wp-content\/uploads\/2026\/03\/1000647013.jpg 600w\" sizes=\"(max-width: 300px) 100vw, 300px\" \/><\/a> <\/strong><\/p>\n<p>No ano de 2006, o FORUM PERMANENTE EM DEFESA DE ILH\u00c9US estava ativo! Na foto: Reuni\u00e3o importante do FORUM PERMANENTE. Clique na foto para ampliar.<a href=\"https:\/\/www.r2cpress.com.br\/v1\/wp-content\/uploads\/2026\/03\/1000647014.jpg\"><img loading=\"lazy\" class=\"aligncenter size-medium wp-image-131959\" src=\"https:\/\/www.r2cpress.com.br\/v1\/wp-content\/uploads\/2026\/03\/1000647014-300x225.jpg\" alt=\"\" width=\"300\" height=\"225\" srcset=\"https:\/\/www.r2cpress.com.br\/v1\/wp-content\/uploads\/2026\/03\/1000647014-300x225.jpg 300w, https:\/\/www.r2cpress.com.br\/v1\/wp-content\/uploads\/2026\/03\/1000647014.jpg 600w\" sizes=\"(max-width: 300px) 100vw, 300px\" \/><\/a><\/p>\n<p>No ano de 2006 o FORUM PERMANENTE EM DEFESA DE ILH\u00c9US interditou o AEROPORTO DE ILH\u00c9US. Clique na foto para ampliar.<a href=\"https:\/\/www.r2cpress.com.br\/v1\/wp-content\/uploads\/2026\/03\/1000647015.jpg\"><img loading=\"lazy\" class=\"aligncenter size-medium wp-image-131960\" src=\"https:\/\/www.r2cpress.com.br\/v1\/wp-content\/uploads\/2026\/03\/1000647015-300x223.jpg\" alt=\"\" width=\"300\" height=\"223\" srcset=\"https:\/\/www.r2cpress.com.br\/v1\/wp-content\/uploads\/2026\/03\/1000647015-300x223.jpg 300w, https:\/\/www.r2cpress.com.br\/v1\/wp-content\/uploads\/2026\/03\/1000647015.jpg 600w\" sizes=\"(max-width: 300px) 100vw, 300px\" \/><\/a><\/p>\n<p>TURISTAS E PASSAGEIROS tiveram que esperar na Sala de Embarque do AEROPORTO DE ILH\u00c9US. Clique na foto para ampliar.<a href=\"https:\/\/www.r2cpress.com.br\/v1\/wp-content\/uploads\/2026\/03\/1000647016.jpg\"><img loading=\"lazy\" class=\"aligncenter size-medium wp-image-131961\" src=\"https:\/\/www.r2cpress.com.br\/v1\/wp-content\/uploads\/2026\/03\/1000647016-300x218.jpg\" alt=\"\" width=\"300\" height=\"218\" srcset=\"https:\/\/www.r2cpress.com.br\/v1\/wp-content\/uploads\/2026\/03\/1000647016-300x218.jpg 300w, https:\/\/www.r2cpress.com.br\/v1\/wp-content\/uploads\/2026\/03\/1000647016.jpg 600w\" sizes=\"(max-width: 300px) 100vw, 300px\" \/><\/a><\/p>\n<p>Quando a Sociedade Organizada se re\u00fane por uma CAUSA JUSTA, n\u00e3o tem jeito. Uma semana depois, o Ministro da Defesa estava em ILH\u00c9US. Foto: Aeroporto de ILH\u00c9US em 2006. Clique na foto para ampliar.<\/p>\n<p style=\"text-align: center;\"><strong>3) AS FOTOS DESTAQUES DA SEMANA.<a href=\"https:\/\/www.r2cpress.com.br\/v1\/wp-content\/uploads\/2026\/03\/1000647017.jpg\"><img loading=\"lazy\" class=\"aligncenter size-medium wp-image-131962\" src=\"https:\/\/www.r2cpress.com.br\/v1\/wp-content\/uploads\/2026\/03\/1000647017-300x300.jpg\" alt=\"\" width=\"300\" height=\"300\" srcset=\"https:\/\/www.r2cpress.com.br\/v1\/wp-content\/uploads\/2026\/03\/1000647017-300x300.jpg 300w, https:\/\/www.r2cpress.com.br\/v1\/wp-content\/uploads\/2026\/03\/1000647017-150x150.jpg 150w, https:\/\/www.r2cpress.com.br\/v1\/wp-content\/uploads\/2026\/03\/1000647017.jpg 550w\" sizes=\"(max-width: 300px) 100vw, 300px\" \/><\/a> <\/strong><\/p>\n<p>Show com a cantora ELZA SOARES em ITABUNA. Dessa vez o jogador GARINCHA, seu companheiro, n\u00e3o veio. Clique na foto para ampliar.<a href=\"https:\/\/www.r2cpress.com.br\/v1\/wp-content\/uploads\/2026\/03\/1000647018.jpg\"><img loading=\"lazy\" class=\"aligncenter size-medium wp-image-131963\" src=\"https:\/\/www.r2cpress.com.br\/v1\/wp-content\/uploads\/2026\/03\/1000647018-236x300.jpg\" alt=\"\" width=\"236\" height=\"300\" srcset=\"https:\/\/www.r2cpress.com.br\/v1\/wp-content\/uploads\/2026\/03\/1000647018-236x300.jpg 236w, https:\/\/www.r2cpress.com.br\/v1\/wp-content\/uploads\/2026\/03\/1000647018.jpg 471w\" sizes=\"(max-width: 236px) 100vw, 236px\" \/><\/a><\/p>\n<p>No come\u00e7o do ano de 1958, houve elei\u00e7\u00f5es da Diretoria da ASSOCIA\u00c7\u00c3O COMERCIAL DE ILH\u00c9US. Mais uma vez o Presidente ALVARO MELO VIEIRA foi reeleito. Clique na foto para ampliar.<a href=\"https:\/\/www.r2cpress.com.br\/v1\/wp-content\/uploads\/2026\/03\/1000647019.jpg\"><img loading=\"lazy\" class=\"aligncenter size-medium wp-image-131964\" src=\"https:\/\/www.r2cpress.com.br\/v1\/wp-content\/uploads\/2026\/03\/1000647019-300x220.jpg\" alt=\"\" width=\"300\" height=\"220\" srcset=\"https:\/\/www.r2cpress.com.br\/v1\/wp-content\/uploads\/2026\/03\/1000647019-300x220.jpg 300w, https:\/\/www.r2cpress.com.br\/v1\/wp-content\/uploads\/2026\/03\/1000647019.jpg 600w\" sizes=\"(max-width: 300px) 100vw, 300px\" \/><\/a><\/p>\n<p>No \u00faltimo domingo (08-03-2026) quem aniversariou foi o Ilheense General LUIZ HENRIQUE MOURA BARRETO. PARAB\u00c9NS AMIGO! DEUS TE ABEN\u00c7OE SEMPRE! Clique na foto para ampliar.<a href=\"https:\/\/www.r2cpress.com.br\/v1\/wp-content\/uploads\/2026\/03\/1000647020.jpg\"><img loading=\"lazy\" class=\"aligncenter size-medium wp-image-131965\" src=\"https:\/\/www.r2cpress.com.br\/v1\/wp-content\/uploads\/2026\/03\/1000647020-300x213.jpg\" alt=\"\" width=\"300\" height=\"213\" srcset=\"https:\/\/www.r2cpress.com.br\/v1\/wp-content\/uploads\/2026\/03\/1000647020-300x213.jpg 300w, https:\/\/www.r2cpress.com.br\/v1\/wp-content\/uploads\/2026\/03\/1000647020.jpg 600w\" sizes=\"(max-width: 300px) 100vw, 300px\" \/><\/a><\/p>\n<p>Meus amigos, estou notando que o GRUPO RM (ROLA MURCHA) est\u00e1 diminuindo a cada dia. Dos quatro da foto acima, todos j\u00e1 partiram para o REINO DA GL\u00d3RIA. Como sou apenas admirador do Grupo, estou de fora!<\/p>\n<p>Foto de 10 anos atr\u00e1s. Clique na foto para ampliar.<a href=\"https:\/\/www.r2cpress.com.br\/v1\/wp-content\/uploads\/2026\/03\/1000647021.jpg\"><img loading=\"lazy\" class=\"aligncenter size-medium wp-image-131966\" src=\"https:\/\/www.r2cpress.com.br\/v1\/wp-content\/uploads\/2026\/03\/1000647021-167x300.jpg\" alt=\"\" width=\"167\" height=\"300\" srcset=\"https:\/\/www.r2cpress.com.br\/v1\/wp-content\/uploads\/2026\/03\/1000647021-167x300.jpg 167w, https:\/\/www.r2cpress.com.br\/v1\/wp-content\/uploads\/2026\/03\/1000647021.jpg 334w\" sizes=\"(max-width: 167px) 100vw, 167px\" \/><\/a><\/p>\n<p>DESSA VEZ FOI PARA VALER!<\/p>\n<p>O amigo ZAQUEU (PIRILAMPO) recebeu o T\u00cdTULO DE CIDAD\u00c3O ILHEENSE. A homenagem aconteceu na \u00faltima quarta-feira (11-03-2026) na C\u00c2MARA DE VEREADORES DE ILH\u00c9US. Na foto: PIRILAMPO com sua Roupa Iluminada e o DIPLOMA na m\u00e3o. PARAB\u00c9NS, AMIGO! Clique na foto para ampliar.<a href=\"https:\/\/www.r2cpress.com.br\/v1\/wp-content\/uploads\/2026\/03\/1000647022.jpg\"><img loading=\"lazy\" class=\"aligncenter size-medium wp-image-131967\" src=\"https:\/\/www.r2cpress.com.br\/v1\/wp-content\/uploads\/2026\/03\/1000647022-300x300.jpg\" alt=\"\" width=\"300\" height=\"300\" srcset=\"https:\/\/www.r2cpress.com.br\/v1\/wp-content\/uploads\/2026\/03\/1000647022-300x300.jpg 300w, https:\/\/www.r2cpress.com.br\/v1\/wp-content\/uploads\/2026\/03\/1000647022-150x150.jpg 150w, https:\/\/www.r2cpress.com.br\/v1\/wp-content\/uploads\/2026\/03\/1000647022.jpg 550w\" sizes=\"(max-width: 300px) 100vw, 300px\" \/><\/a><\/p>\n<p>Na foto, o amigo RAFAEL da Empresa INFORLASER, um dos ganhadores do Concurso VITRINES DE NATAL, promovido pela CDL DE ILH\u00c9US. O Concurso teve o nome do saudoso Lojista JO\u00c3O BRITO. Na foto: RAFAEL (o mais alto) e EDUARDO BRITO (Filho de JO\u00c3O BRITO). PARAB\u00c9NS AMIGO! Clique na foto para ampliar.<\/p>\n<p>NOT\u00cdCIA DE PRIMEIRA M\u00c3O!<\/p>\n<p>Observe a data da EXPOCRATO para este ano! Mais uma vez, JOS\u00c9 LEITE est\u00e1 pensando em viajar com 30 amigos para essa grande Exposi\u00e7\u00e3o.<\/p>\n<p>Clique na foto para ampliar.<a href=\"https:\/\/www.r2cpress.com.br\/v1\/wp-content\/uploads\/2026\/03\/1000647025.jpg\"><img loading=\"lazy\" class=\"aligncenter size-medium wp-image-131968\" src=\"https:\/\/www.r2cpress.com.br\/v1\/wp-content\/uploads\/2026\/03\/1000647025-218x300.jpg\" alt=\"\" width=\"218\" height=\"300\" srcset=\"https:\/\/www.r2cpress.com.br\/v1\/wp-content\/uploads\/2026\/03\/1000647025-218x300.jpg 218w, https:\/\/www.r2cpress.com.br\/v1\/wp-content\/uploads\/2026\/03\/1000647025.jpg 435w\" sizes=\"(max-width: 218px) 100vw, 218px\" \/><\/a><\/p>\n<p>Os PARAB\u00c9NS de hoje v\u00e3o para o amigo Dr. CARLOS MACEDO da cidade de AURORA e com resid\u00eancia tamb\u00e9m em JUAZEIRO DO NORTE. Na foto: CARLOS MACEDO (camisa de longa cumprida) ao lado do amigo ALUISIO FILHO. Clique na foto para ampliar.<a href=\"https:\/\/www.r2cpress.com.br\/v1\/wp-content\/uploads\/2026\/03\/1000647026.jpg\"><img loading=\"lazy\" class=\"aligncenter size-medium wp-image-131969\" src=\"https:\/\/www.r2cpress.com.br\/v1\/wp-content\/uploads\/2026\/03\/1000647026-212x300.jpg\" alt=\"\" width=\"212\" height=\"300\" srcset=\"https:\/\/www.r2cpress.com.br\/v1\/wp-content\/uploads\/2026\/03\/1000647026-212x300.jpg 212w, https:\/\/www.r2cpress.com.br\/v1\/wp-content\/uploads\/2026\/03\/1000647026.jpg 424w\" sizes=\"(max-width: 212px) 100vw, 212px\" \/><\/a><\/p>\n<p>JOS\u00c9 LEITE recomenda, o LIVRO DE N\u00c9ROPE MARTINELLI tem de ser lido mais de uma vez, porque \u00e9 muito bom! Clique na foto para ampliar.<\/p>\n<p style=\"text-align: center;\"><strong>E NO MAIS&#8230;<a href=\"https:\/\/www.r2cpress.com.br\/v1\/wp-content\/uploads\/2026\/03\/1000647027.jpg\"><img loading=\"lazy\" class=\"aligncenter size-medium wp-image-131970\" src=\"https:\/\/www.r2cpress.com.br\/v1\/wp-content\/uploads\/2026\/03\/1000647027-197x300.jpg\" alt=\"\" width=\"197\" height=\"300\" srcset=\"https:\/\/www.r2cpress.com.br\/v1\/wp-content\/uploads\/2026\/03\/1000647027-197x300.jpg 197w, https:\/\/www.r2cpress.com.br\/v1\/wp-content\/uploads\/2026\/03\/1000647027.jpg 393w\" sizes=\"(max-width: 197px) 100vw, 197px\" \/><\/a> <\/strong><\/p>\n<p>JOS\u00c9 LEITE E SEUS NETINHOS ANA E PEDRO.<\/p>\n<p>Olha a cara do VOV\u00d4 quando PEDRINHO falou \u201cVOV\u00d4\u201d.<\/p>\n<p>DEUS ABEN\u00c7OE OS TR\u00caS!<\/p>\n<p>Clique na foto para ampliar.<\/p>\n<p style=\"text-align: center;\"><strong>PARA CONFERIR O BA\u00da ANTERIOR CLIQUE <a href=\"https:\/\/www.r2cpress.com.br\/v1\/2026\/03\/06\/do-fundo-do-bau-de-jose-leite-657\/\"><span style=\"color: #ff0000;\">AQUI<\/span><\/a>\u00a0<\/strong><!--more--><\/p>\n<p>Texto e fotos: Jos\u00e9 Leite de Souza.<\/p>\n<p>jleitesouza@hotmail.com<\/p>\n<p>(73) 3634-3134.<\/p>\n<p>&nbsp;<\/p>\n<p>&nbsp;<\/p>\n<p>&nbsp;<\/p>\n<p>&nbsp;<\/p>\n<p>&nbsp;<\/p>\n<p>&nbsp;<\/p>\n<p>&nbsp;<\/p>\n<p>&nbsp;<\/p>\n<p>&nbsp;<\/p>\n<p>&nbsp;<\/p>\n<p>&nbsp;<\/p>\n<p>&nbsp;<\/p>\n<p>&nbsp;<\/p>\n<p>&nbsp;<\/p>\n<p>&nbsp;<\/p>\n<p>&nbsp;<\/p>\n<p>&nbsp;<\/p>\n<p>&nbsp;<\/p>\n<p>&nbsp;<\/p>\n<p>&nbsp;<\/p>\n<p>&nbsp;<\/p>\n<p>&nbsp;<\/p>\n<p>&nbsp;<\/p>\n<p>&nbsp;<\/p>\n<p>&nbsp;<\/p>\n<p>&nbsp;<\/p>\n<p>&nbsp;<\/p>\n<p>&nbsp;<\/p>\n<p>&nbsp;<\/p>\n<p>&nbsp;<\/p>\n<p>&nbsp;<\/p>\n<p>&nbsp;<\/p>\n<p>&nbsp;<\/p>\n<p>&nbsp;<\/p>\n<p>&nbsp;<\/p>\n<p>&nbsp;<\/p>\n<p>&nbsp;<\/p>\n<p>&nbsp;<\/p>\n<p>&nbsp;<\/p>\n<p>&nbsp;<\/p>\n<p>&nbsp;<\/p>\n<p>&nbsp;<\/p>\n<p>&nbsp;<\/p>\n<p>&nbsp;<\/p>\n<p>&nbsp;<\/p>\n<p>&nbsp;<\/p>\n<p>&nbsp;<\/p>\n<p>&nbsp;<\/p>\n<p>&nbsp;<\/p>\n<p>&nbsp;<\/p>\n<p>&nbsp;<\/p>\n<p>&nbsp;<\/p>\n<p>&nbsp;<\/p>\n<p>&nbsp;<\/p>\n<p>&nbsp;<\/p>\n<p>&nbsp;<\/p>\n<p>&nbsp;<\/p>\n<p>&nbsp;<\/p>\n<p>&nbsp;<\/p>\n<p>&nbsp;<\/p>\n<p>&nbsp;<\/p>\n<p>&nbsp;<\/p>\n<p>&nbsp;<\/p>\n<p>&nbsp;<\/p>\n<p>&nbsp;<\/p>\n<p>&nbsp;<\/p>\n<p>&nbsp;<\/p>\n<p>&nbsp;<\/p>\n<p>&nbsp;<\/p>\n<p>&nbsp;<\/p>\n<p>&nbsp;<\/p>\n<p>&nbsp;<\/p>\n<p>&nbsp;<\/p>\n<p>&nbsp;<\/p>\n<p>&nbsp;<\/p>\n<p>&nbsp;<\/p>\n<p>&nbsp;<\/p>\n<p>&nbsp;<\/p>\n<p>&nbsp;<\/p>\n<p>&nbsp;<\/p>\n<p>&nbsp;<\/p>\n<p>&nbsp;<\/p>\n<p>&nbsp;<\/p>\n<p>&nbsp;<\/p>\n<p>&nbsp;<\/p>\n<p>&nbsp;<\/p>\n<p>&nbsp;<\/p>\n","protected":false},"excerpt":{"rendered":"<p>1) 66 ANOS DE JOS\u00c9 LEITE EM ILH\u00c9US. 2) QUANDO O F\u00d3RUM PERMANENTE EM DEFESA DE ILH\u00c9US ESTAVA ATIVO. 3) AS FOTOS DESTAQUES DA SEMANA.<\/p>\n","protected":false},"author":2,"featured_media":123540,"comment_status":"open","ping_status":"open","sticky":false,"template":"","format":"standard","meta":{"_links_to":"","_links_to_target":""},"categories":[39],"tags":[],"_links":{"self":[{"href":"https:\/\/www.r2cpress.com.br\/v1\/wp-json\/wp\/v2\/posts\/131955"}],"collection":[{"href":"https:\/\/www.r2cpress.com.br\/v1\/wp-json\/wp\/v2\/posts"}],"about":[{"href":"https:\/\/www.r2cpress.com.br\/v1\/wp-json\/wp\/v2\/types\/post"}],"author":[{"embeddable":true,"href":"https:\/\/www.r2cpress.com.br\/v1\/wp-json\/wp\/v2\/users\/2"}],"replies":[{"embeddable":true,"href":"https:\/\/www.r2cpress.com.br\/v1\/wp-json\/wp\/v2\/comments?post=131955"}],"version-history":[{"count":1,"href":"https:\/\/www.r2cpress.com.br\/v1\/wp-json\/wp\/v2\/posts\/131955\/revisions"}],"predecessor-version":[{"id":131971,"href":"https:\/\/www.r2cpress.com.br\/v1\/wp-json\/wp\/v2\/posts\/131955\/revisions\/131971"}],"wp:featuredmedia":[{"embeddable":true,"href":"https:\/\/www.r2cpress.com.br\/v1\/wp-json\/wp\/v2\/media\/123540"}],"wp:attachment":[{"href":"https:\/\/www.r2cpress.com.br\/v1\/wp-json\/wp\/v2\/media?parent=131955"}],"wp:term":[{"taxonomy":"category","embeddable":true,"href":"https:\/\/www.r2cpress.com.br\/v1\/wp-json\/wp\/v2\/categories?post=131955"},{"taxonomy":"post_tag","embeddable":true,"href":"https:\/\/www.r2cpress.com.br\/v1\/wp-json\/wp\/v2\/tags?post=131955"}],"curies":[{"name":"wp","href":"https:\/\/api.w.org\/{rel}","templated":true}]}}