{"id":132019,"date":"2026-03-27T19:08:43","date_gmt":"2026-03-27T22:08:43","guid":{"rendered":"https:\/\/www.r2cpress.com.br\/v1\/?p=132019"},"modified":"2026-03-27T19:08:43","modified_gmt":"2026-03-27T22:08:43","slug":"ufsb-e-uesc-promovem-palestra-sobre-acesso-a-financiamento-internacional-do-programa-horizonte-europa","status":"publish","type":"post","link":"https:\/\/www.r2cpress.com.br\/v1\/2026\/03\/27\/ufsb-e-uesc-promovem-palestra-sobre-acesso-a-financiamento-internacional-do-programa-horizonte-europa\/","title":{"rendered":"UFSB e UESC promovem palestra sobre acesso a financiamento internacional do programa Horizonte Europa"},"content":{"rendered":"<p style=\"margin: 0px;\" data-start=\"178\" data-end=\"409\"><a href=\"https:\/\/www.r2cpress.com.br\/v1\/wp-content\/uploads\/2026\/03\/1000672768.jpg\"><img loading=\"lazy\" class=\"aligncenter size-medium wp-image-132020\" src=\"https:\/\/www.r2cpress.com.br\/v1\/wp-content\/uploads\/2026\/03\/1000672768-240x300.jpg\" alt=\"\" width=\"240\" height=\"300\" srcset=\"https:\/\/www.r2cpress.com.br\/v1\/wp-content\/uploads\/2026\/03\/1000672768-240x300.jpg 240w, https:\/\/www.r2cpress.com.br\/v1\/wp-content\/uploads\/2026\/03\/1000672768.jpg 600w\" sizes=\"(max-width: 240px) 100vw, 240px\" \/><\/a>Pesquisadores interessados em ampliar suas oportunidades de financiamento internacional t\u00eam um encontro marcado no pr\u00f3ximo dia 24 de mar\u00e7o de 2026, \u00e0s 13h, no Audit\u00f3rio da Torre, na\u00a0<span class=\"hover:entity-accent entity-underline inline cursor-pointer align-baseline\"><span class=\"whitespace-normal\">Universidade Estadual de Santa Cruz<\/span><\/span>, em Ilh\u00e9us.<\/p>\n<p style=\"margin: 0px;\" data-start=\"178\" data-end=\"409\">\n<p style=\"margin: 0px;\" data-start=\"411\" data-end=\"822\">A palestra \u201cComo Acessar Financiamento do Programa Horizonte Europa\u201d ser\u00e1 ministrada por\u00a0<span class=\"hover:entity-accent entity-underline inline cursor-pointer align-baseline\"><span class=\"whitespace-normal\">Dhallys Mota Nunes<\/span><\/span>, Oficial de Pol\u00edticas em Ci\u00eancia, Tecnologia e Inova\u00e7\u00e3o da Uni\u00e3o Europeia no Brasil. A atividade apresenta caminhos para participa\u00e7\u00e3o em editais internacionais, al\u00e9m de orientar sobre modalidades de financiamento e possibilidades de coopera\u00e7\u00e3o cient\u00edfica com pa\u00edses da Uni\u00e3o Europeia.<\/p>\n<p style=\"margin: 0px;\" data-start=\"411\" data-end=\"822\">\n<p style=\"margin: 0px;\" data-start=\"824\" data-end=\"1029\">O evento \u00e9 uma oportunidade estrat\u00e9gica para docentes, pesquisadores e estudantes de p\u00f3s-gradua\u00e7\u00e3o que desejam internacionalizar suas pesquisas e acessar recursos voltados \u00e0 inova\u00e7\u00e3o, ci\u00eancia e tecnologia.<\/p>\n<p style=\"margin: 0px;\" data-start=\"824\" data-end=\"1029\">\n<p style=\"margin: 0px;\" data-start=\"1031\" data-end=\"1205\">A iniciativa \u00e9 realizada pela Assessoria de Rela\u00e7\u00f5es Internacionais da\u00a0<span class=\"hover:entity-accent entity-underline inline cursor-pointer align-baseline\"><span class=\"whitespace-normal\">Universidade Federal do Sul da Bahia<\/span><\/span>, em parceria com a Assessoria de Rela\u00e7\u00f5es Internacionais da UESC.<\/p>\n<p style=\"margin: 0px;\" data-start=\"1031\" data-end=\"1205\">\n<p style=\"margin: 0px;\" data-start=\"1207\" data-end=\"1314\">As inscri\u00e7\u00f5es s\u00e3o gratuitas e podem ser feitas por meio de formul\u00e1rio online (link dispon\u00edvel nos stories).<\/p>\n","protected":false},"excerpt":{"rendered":"<p>Pesquisadores interessados em ampliar suas oportunidades de financiamento internacional t\u00eam um encontro marcado no pr\u00f3ximo dia 24 de mar\u00e7o de 2026, \u00e0s 13h, no Audit\u00f3rio da Torre, na\u00a0Universidade Estadual de Santa Cruz, em Ilh\u00e9us. A palestra \u201cComo Acessar Financiamento do Programa Horizonte Europa\u201d ser\u00e1 ministrada por\u00a0Dhallys Mota Nunes, Oficial de Pol\u00edticas em Ci\u00eancia, Tecnologia e [&hellip;]<\/p>\n","protected":false},"author":2,"featured_media":132021,"comment_status":"open","ping_status":"open","sticky":false,"template":"","format":"standard","meta":{"_links_to":"","_links_to_target":""},"categories":[1],"tags":[],"_links":{"self":[{"href":"https:\/\/www.r2cpress.com.br\/v1\/wp-json\/wp\/v2\/posts\/132019"}],"collection":[{"href":"https:\/\/www.r2cpress.com.br\/v1\/wp-json\/wp\/v2\/posts"}],"about":[{"href":"https:\/\/www.r2cpress.com.br\/v1\/wp-json\/wp\/v2\/types\/post"}],"author":[{"embeddable":true,"href":"https:\/\/www.r2cpress.com.br\/v1\/wp-json\/wp\/v2\/users\/2"}],"replies":[{"embeddable":true,"href":"https:\/\/www.r2cpress.com.br\/v1\/wp-json\/wp\/v2\/comments?post=132019"}],"version-history":[{"count":1,"href":"https:\/\/www.r2cpress.com.br\/v1\/wp-json\/wp\/v2\/posts\/132019\/revisions"}],"predecessor-version":[{"id":132022,"href":"https:\/\/www.r2cpress.com.br\/v1\/wp-json\/wp\/v2\/posts\/132019\/revisions\/132022"}],"wp:featuredmedia":[{"embeddable":true,"href":"https:\/\/www.r2cpress.com.br\/v1\/wp-json\/wp\/v2\/media\/132021"}],"wp:attachment":[{"href":"https:\/\/www.r2cpress.com.br\/v1\/wp-json\/wp\/v2\/media?parent=132019"}],"wp:term":[{"taxonomy":"category","embeddable":true,"href":"https:\/\/www.r2cpress.com.br\/v1\/wp-json\/wp\/v2\/categories?post=132019"},{"taxonomy":"post_tag","embeddable":true,"href":"https:\/\/www.r2cpress.com.br\/v1\/wp-json\/wp\/v2\/tags?post=132019"}],"curies":[{"name":"wp","href":"https:\/\/api.w.org\/{rel}","templated":true}]}}