{"id":132023,"date":"2026-03-27T19:12:20","date_gmt":"2026-03-27T22:12:20","guid":{"rendered":"https:\/\/www.r2cpress.com.br\/v1\/?p=132023"},"modified":"2026-03-27T19:12:20","modified_gmt":"2026-03-27T22:12:20","slug":"censo-sobre-doenca-falciforme-na-bahia-sera-apresentado-na-18a-expoepi","status":"publish","type":"post","link":"https:\/\/www.r2cpress.com.br\/v1\/2026\/03\/27\/censo-sobre-doenca-falciforme-na-bahia-sera-apresentado-na-18a-expoepi\/","title":{"rendered":"Censo sobre Doen\u00e7a Falciforme na Bahia ser\u00e1 apresentado na 18\u00aa Expoepi"},"content":{"rendered":"<div class=\"elementToProof\"><a href=\"https:\/\/www.r2cpress.com.br\/v1\/wp-content\/uploads\/2026\/03\/1000672779.jpg\"><img loading=\"lazy\" class=\"aligncenter size-medium wp-image-132024\" src=\"https:\/\/www.r2cpress.com.br\/v1\/wp-content\/uploads\/2026\/03\/1000672779-300x200.jpg\" alt=\"\" width=\"300\" height=\"200\" srcset=\"https:\/\/www.r2cpress.com.br\/v1\/wp-content\/uploads\/2026\/03\/1000672779-300x200.jpg 300w, https:\/\/www.r2cpress.com.br\/v1\/wp-content\/uploads\/2026\/03\/1000672779.jpg 600w\" sizes=\"(max-width: 300px) 100vw, 300px\" \/><\/a>O relato de experi\u00eancias sobre o Censo das Pessoas com Doen\u00e7a Falciforme da Bahia foi selecionado para participar da 18\u00aa Mostra Nacional de Experi\u00eancias Bem-Sucedidas em Epidemiologia, Preven\u00e7\u00e3o e Controle de Doen\u00e7as (Expoepi), que ser\u00e1 realizada entre os dias 13 e 17 de abril, em Bras\u00edlia (DF). O trabalho submetido pelo assessor de Rela\u00e7\u00f5es Institucionais da Funda\u00e7\u00e3o Hemoba, Altair Lira, intitulado \u201cCenso das Pessoas com Doen\u00e7a Falciforme da Bahia: Vigil\u00e2ncia e Mapeamento do Perfil Epidemiol\u00f3gico e Cl\u00ednico para Melhoria da Aten\u00e7\u00e3o Integral e Subs\u00eddio \u00e0 Gest\u00e3o Estrat\u00e9gica da Sa\u00fade P\u00fablica\u201d, ser\u00e1 apresentado no evento na Modalidade I \u2013 Relato de Experi\u00eancia. A categoria re\u00fane os servi\u00e7os de sa\u00fade do Sistema \u00danico de Sa\u00fade (SUS) que tenham desenvolvido experi\u00eancias bem-sucedidas na \u00e1rea de vigil\u00e2ncia, preven\u00e7\u00e3o de doen\u00e7as e agravos n\u00e3o transmiss\u00edveis e promo\u00e7\u00e3o da sa\u00fade.<\/div>\n<div class=\"elementToProof\">Lan\u00e7ado em junho de 2024, o Censo \u00e9 uma iniciativa da Secretaria da Sa\u00fade do Estado da Bahia (Sesab) em parceria com a Funda\u00e7\u00e3o Hemoba, com o objetivo de mapear pessoas com doen\u00e7a falciforme, servi\u00e7os e profissionais de sa\u00fade envolvidos no atendimento \u00e0s pessoas com doen\u00e7a falciforme no estado. A Bahia apresenta a maior incid\u00eancia da enfermidade no Brasil, estimada em um caso para cada 650 nascimentos. Em todo o pa\u00eds, estima-se o surgimento de 700 a 1.000 novos casos por ano.<\/div>\n<div class=\"elementToProof\">A doen\u00e7a falciforme \u00e9 uma condi\u00e7\u00e3o gen\u00e9tica e heredit\u00e1ria caracterizada por altera\u00e7\u00f5es nas hem\u00e1cias (gl\u00f3bulos vermelhos), que se tornam r\u00edgidas e assumem formato semelhante ao de uma foice, dificultando a circula\u00e7\u00e3o sangu\u00ednea e o transporte de oxig\u00eanio para \u00f3rg\u00e3os como c\u00e9rebro, pulm\u00f5es e rins. A enfermidade \u00e9 mais frequente em pessoas negras, mas devido \u00e0 intensa miscigena\u00e7\u00e3o da popula\u00e7\u00e3o brasileira, tamb\u00e9m pode ocorrer em indiv\u00edduos de outras origens \u00e9tnicas.<\/div>\n<div class=\"elementToProof\">Promovida pela Secretaria de Vigil\u00e2ncia em Sa\u00fade e Ambiente do Minist\u00e9rio da Sa\u00fade, a Expoepi tem como objetivo reconhecer e divulgar experi\u00eancias e pesquisas que contribuam para o fortalecimento das a\u00e7\u00f5es de vigil\u00e2ncia em sa\u00fade, preven\u00e7\u00e3o e controle de doen\u00e7as e agravos de interesse da sa\u00fade p\u00fablica. Al\u00e9m de premiar servi\u00e7os de sa\u00fade e trabalhadores do SUS, a mostra tamb\u00e9m reconhece pesquisadores vinculados a institui\u00e7\u00f5es de ensino superior ou centros de ci\u00eancia e tecnologia sem fins lucrativos, bem como representantes de movimentos sociais que contribuam para o aprimoramento das a\u00e7\u00f5es de vigil\u00e2ncia em sa\u00fade no pa\u00eds. Os pr\u00eamios podem chegar a R$ 50 mil, conforme a classifica\u00e7\u00e3o e a modalidade.<\/div>\n<p>&nbsp;<\/p>\n","protected":false},"excerpt":{"rendered":"<p>O relato de experi\u00eancias sobre o Censo das Pessoas com Doen\u00e7a Falciforme da Bahia foi selecionado para participar da 18\u00aa Mostra Nacional de Experi\u00eancias Bem-Sucedidas em Epidemiologia, Preven\u00e7\u00e3o e Controle de Doen\u00e7as (Expoepi), que ser\u00e1 realizada entre os dias 13 e 17 de abril, em Bras\u00edlia (DF). O trabalho submetido pelo assessor de Rela\u00e7\u00f5es Institucionais [&hellip;]<\/p>\n","protected":false},"author":2,"featured_media":132024,"comment_status":"open","ping_status":"open","sticky":false,"template":"","format":"standard","meta":{"_links_to":"","_links_to_target":""},"categories":[1],"tags":[],"_links":{"self":[{"href":"https:\/\/www.r2cpress.com.br\/v1\/wp-json\/wp\/v2\/posts\/132023"}],"collection":[{"href":"https:\/\/www.r2cpress.com.br\/v1\/wp-json\/wp\/v2\/posts"}],"about":[{"href":"https:\/\/www.r2cpress.com.br\/v1\/wp-json\/wp\/v2\/types\/post"}],"author":[{"embeddable":true,"href":"https:\/\/www.r2cpress.com.br\/v1\/wp-json\/wp\/v2\/users\/2"}],"replies":[{"embeddable":true,"href":"https:\/\/www.r2cpress.com.br\/v1\/wp-json\/wp\/v2\/comments?post=132023"}],"version-history":[{"count":1,"href":"https:\/\/www.r2cpress.com.br\/v1\/wp-json\/wp\/v2\/posts\/132023\/revisions"}],"predecessor-version":[{"id":132025,"href":"https:\/\/www.r2cpress.com.br\/v1\/wp-json\/wp\/v2\/posts\/132023\/revisions\/132025"}],"wp:featuredmedia":[{"embeddable":true,"href":"https:\/\/www.r2cpress.com.br\/v1\/wp-json\/wp\/v2\/media\/132024"}],"wp:attachment":[{"href":"https:\/\/www.r2cpress.com.br\/v1\/wp-json\/wp\/v2\/media?parent=132023"}],"wp:term":[{"taxonomy":"category","embeddable":true,"href":"https:\/\/www.r2cpress.com.br\/v1\/wp-json\/wp\/v2\/categories?post=132023"},{"taxonomy":"post_tag","embeddable":true,"href":"https:\/\/www.r2cpress.com.br\/v1\/wp-json\/wp\/v2\/tags?post=132023"}],"curies":[{"name":"wp","href":"https:\/\/api.w.org\/{rel}","templated":true}]}}