{"id":132026,"date":"2026-03-27T19:15:13","date_gmt":"2026-03-27T22:15:13","guid":{"rendered":"https:\/\/www.r2cpress.com.br\/v1\/?p=132026"},"modified":"2026-03-27T19:15:13","modified_gmt":"2026-03-27T22:15:13","slug":"movimento-bahia-pela-educacao-promove-encontro-territorial-para-gestores-de-ilheus-e-regiao","status":"publish","type":"post","link":"https:\/\/www.r2cpress.com.br\/v1\/2026\/03\/27\/movimento-bahia-pela-educacao-promove-encontro-territorial-para-gestores-de-ilheus-e-regiao\/","title":{"rendered":"Movimento Bahia pela Educa\u00e7\u00e3o promove Encontro Territorial para gestores de Ilh\u00e9us e regi\u00e3o"},"content":{"rendered":"<div><a href=\"https:\/\/www.r2cpress.com.br\/v1\/wp-content\/uploads\/2023\/07\/Screenshot_2023-07-21-19-38-22-277_com.google.android.googlequicksearchbox-edit.jpg\"><img loading=\"lazy\" class=\"aligncenter size-medium wp-image-127548\" src=\"https:\/\/www.r2cpress.com.br\/v1\/wp-content\/uploads\/2023\/07\/Screenshot_2023-07-21-19-38-22-277_com.google.android.googlequicksearchbox-edit-300x153.jpg\" alt=\"\" width=\"300\" height=\"153\" srcset=\"https:\/\/www.r2cpress.com.br\/v1\/wp-content\/uploads\/2023\/07\/Screenshot_2023-07-21-19-38-22-277_com.google.android.googlequicksearchbox-edit-300x153.jpg 300w, https:\/\/www.r2cpress.com.br\/v1\/wp-content\/uploads\/2023\/07\/Screenshot_2023-07-21-19-38-22-277_com.google.android.googlequicksearchbox-edit.jpg 600w\" sizes=\"(max-width: 300px) 100vw, 300px\" \/><\/a>O Encontro Territorial do\u00a0<b>Movimento Bahia Pela Educa\u00e7\u00e3o<\/b>\u00a0chega a Ilh\u00e9us, no sul do estado, dia 31 de mar\u00e7o. O evento ser\u00e1 realizado no audit\u00f3rio do Hotel Aldeia da Praia e contar\u00e1 com gestores como prefeitos, secret\u00e1rios, coordenadores e diretores escolares, al\u00e9m de formadores e t\u00e9cnicos pedag\u00f3gicos.<\/p>\n<p>Mais de 200 vagas foram abertas e as inscri\u00e7\u00f5es terminaram em tempo recorde. Devido \u00e0 grande procura, pela primeira vez haver\u00e1 transmiss\u00e3o do Encontro pela internet. As inscri\u00e7\u00f5es podem ser feitas atrav\u00e9s\u00a0<b><a class=\"outlook-break-word-in-links\" href=\"https:\/\/sfilink.sfieb.com.br\/cl\/PWkpq\/Rh\/dd8e\/BYk6BzIrZ_Y\/BQqg\/CnAXes2svbH\/1\/\" target=\"_blank\" rel=\"noopener\" data-linkindex=\"3\">link<\/a><\/b>\u00a0dispon\u00edvel no Movimento\u00a0<a class=\"outlook-break-word-in-links\" href=\"https:\/\/sfilink.sfieb.com.br\/cl\/PWkpq\/Rh\/dd8e\/BYk6BzIrZ_Y\/BQqg\/MfExg7PNggJ\/1\/\" target=\"_blank\" rel=\"noopener\" data-linkindex=\"4\">@BahiaPelaEduca\u00e7\u00e3o<\/a>.<\/p>\n<p>Entre os munic\u00edpios que ser\u00e3o representados no local do evento est\u00e3o Barro Preto, Camamu e Itacar\u00e9, al\u00e9m de Ilh\u00e9us. Os participantes v\u00e3o discutir\u00a0os desafios da alfabetiza\u00e7\u00e3o na idade certa, tema principal da agenda, al\u00e9m de abordar quest\u00f5es relacionadas ao financiamento educacional e conhecer experi\u00eancias exitosas reconhecidas pelo Pr\u00eamio Munic\u00edpio Alfabetizador, promovido pelo Movimento.<\/p>\n<p>A programa\u00e7\u00e3o \u00e9 gratuita, ter\u00e1 grandes nomes da educa\u00e7\u00e3o brasileira:<\/p>\n<p>9h &#8211; Mesa de abertura<\/p>\n<p>9h30 \u00e0s 12h &#8211; Os desafios de alfabetizar na idade certa\n<\/p><\/div>\n<ul>\n<li>Maria\u00a0Helena\u00a0Guimar\u00e3es de Castro, pesquisadora da C\u00e1tedra Instituto Ayrton Senna de Inova\u00e7\u00e3o em Avalia\u00e7\u00e3o Educacional,\u00a0no Instituto de Estudos Avan\u00e7ados (IEA) da USP de Ribeir\u00e3o Preto.<\/li>\n<\/ul>\n<div><\/div>\n<ul>\n<li>Cristiane Chica, diretora de Educa\u00e7\u00e3o do Grupo Mathema<\/li>\n<\/ul>\n<div>\n13h30 &#8211; A Bahia aprende com a Bahia\n<\/div>\n<p><!--more--><\/p>\n<ul>\n<li>Case de cidade reconhecida pelo Pr\u00eamio Munic\u00edpio Alfabetizador (Aratu\u00edpe)<\/li>\n<\/ul>\n<div>\n14h30 \u00e0s 16h30 &#8211; O financiamento da educa\u00e7\u00e3o: FUNDEB e ICMS Educacional\n<\/div>\n<ul>\n<li>Mozart Ramos, titular da C\u00e1tedra S\u00e9rgio Henrique Ferreira, no Instituto de Estudos Avan\u00e7ados (IEA) da USP de Ribeir\u00e3o Preto.<\/li>\n<li>Leomar da Silva, pesquisador da C\u00e1tedra S\u00e9rgio Henrique Ferreira, no Instituto de Estudos Avan\u00e7ados (IEA) da USP de Ribeir\u00e3o Preto.<\/li>\n<\/ul>\n<div>\nDepois de Ilh\u00e9us, os encontros ser\u00e3o realizados em Feira de Santana, Vit\u00f3ria da Conquista, Barreiras, Eun\u00e1polis e Salvador. As datas est\u00e3o dispon\u00edveis no\u00a0Instagram do Movimento\u00a0<a class=\"outlook-break-word-in-links\" href=\"https:\/\/sfilink.sfieb.com.br\/cl\/PWkpq\/Rh\/dd8e\/BYk6BzIrZ_Y\/BQqg\/MfExg7PNggJ\/2\/\" target=\"_blank\" rel=\"noopener\" data-linkindex=\"5\">@BahiaPelaEduca\u00e7\u00e3o<\/a>. A primeira cidade a receber a a\u00e7\u00e3o foi Juazeiro, onde mais de 170 gestores de 25 munic\u00edpios lotaram o audit\u00f3rio da Universidade do Estado da Bahia, no dia 10 de mar\u00e7o.<\/p>\n<p><b>PREMIA\u00c7\u00c3O E FORMA\u00c7\u00c3O CONTINUADA<\/b><\/p>\n<p>O Movimento tamb\u00e9m promove forma\u00e7\u00f5es continuadas\u00a0atrav\u00e9s do\u00a0<b>Programa de Alfabetiza\u00e7\u00e3o Respons\u00e1vel (PAR)<\/b>, para fortalecer e ampliar pr\u00e1ticas pedag\u00f3gicas por meio de\u00a0atividades presenciais, aulas ass\u00edncronas e mentoria. O conte\u00fado exclusivo tem carga hor\u00e1ria de 40 horas e foi desenvolvido por meio de coopera\u00e7\u00e3o t\u00e9cnica entre\u00a0o Servi\u00e7o Social da Ind\u00fastria (SESI) S\u00e3o Paulo e Bahia.<\/p>\n<p>A iniciativa abrange professores da Educa\u00e7\u00e3o Infantil (G4 e G5), alfabetizadores (1\u00ba e 2\u00ba anos) e coordenadores pedag\u00f3gicos.\u00a0At\u00e9 o fim de 2026, formadoras visitar\u00e3o cerca de 30 munic\u00edpios com resultados mais desafiadores na ferramenta do MEC que monitora a alfabetiza\u00e7\u00e3o. As primeiras cidades contempladas, com visitas neste m\u00eas de mar\u00e7o, foram Lamar\u00e3o, Olindina, Aramari, Presidente Dutra e Santan\u00f3polis.<\/p>\n<p>As a\u00e7\u00f5es do Movimento t\u00eam como objetivo ajudar a Bahia a atingir uma diretriz do Minist\u00e9rio da Educa\u00e7\u00e3o (MEC), para que, at\u00e9 2030, 80% das crian\u00e7as estejam alfabetizadas na idade certa. Segundo dados divulgados pelo Indicador da Crian\u00e7a Alfabetizada (ICA) na \u00faltima segunda-feira (23), o estado atingiu 55% do \u00edndice em 2025, um aumento de 19% em rela\u00e7\u00e3o ao ano anterior.<\/p>\n<p>Ainda em 2026, ser\u00e1 entregue a segunda edi\u00e7\u00e3o do Pr\u00eamio Munic\u00edpio Alfabetizador, que reconhecer\u00e1 cidades que alcan\u00e7arem os melhores \u00edndices de alfabetiza\u00e7\u00e3o ao fim do 2\u00ba ano do ensino fundamental, com base nos dados de 2025 do MEC.<\/p>\n<p>Na primeira edi\u00e7\u00e3o, realizada no ano passado, os munic\u00edpios de<b>\u00a0Quixabeira, Novo Horizonte e Malhada de Pedras<\/b>\u00a0foram premiados na categoria Ouro por alcan\u00e7arem 70% ou mais de crian\u00e7as alfabetizadas na idade certa (n\u00edvel 4 do ICA).<\/p>\n<p>Em Quixabeira, o Movimento tamb\u00e9m produziu um document\u00e1rio que mostra como a valoriza\u00e7\u00e3o do ensino e o trabalho coletivo transformaram o munic\u00edpio em refer\u00eancia educacional. O conte\u00fado est\u00e1 dispon\u00edvel no\u00a0<a class=\"outlook-break-word-in-links\" href=\"https:\/\/sfilink.sfieb.com.br\/cl\/PWkpq\/Rh\/dd8e\/BYk6BzIrZ_Y\/BQqg\/IptW95EDRr6\/1\/\" target=\"_blank\" rel=\"noopener\" data-linkindex=\"6\">YouTube do Sesi Bahia<\/a>.<\/div>\n","protected":false},"excerpt":{"rendered":"<p>O Encontro Territorial do\u00a0Movimento Bahia Pela Educa\u00e7\u00e3o\u00a0chega a Ilh\u00e9us, no sul do estado, dia 31 de mar\u00e7o. O evento ser\u00e1 realizado no audit\u00f3rio do Hotel Aldeia da Praia e contar\u00e1 com gestores como prefeitos, secret\u00e1rios, coordenadores e diretores escolares, al\u00e9m de formadores e t\u00e9cnicos pedag\u00f3gicos. Mais de 200 vagas foram abertas e as inscri\u00e7\u00f5es terminaram [&hellip;]<\/p>\n","protected":false},"author":2,"featured_media":127548,"comment_status":"open","ping_status":"open","sticky":false,"template":"","format":"standard","meta":{"_links_to":"","_links_to_target":""},"categories":[1],"tags":[],"_links":{"self":[{"href":"https:\/\/www.r2cpress.com.br\/v1\/wp-json\/wp\/v2\/posts\/132026"}],"collection":[{"href":"https:\/\/www.r2cpress.com.br\/v1\/wp-json\/wp\/v2\/posts"}],"about":[{"href":"https:\/\/www.r2cpress.com.br\/v1\/wp-json\/wp\/v2\/types\/post"}],"author":[{"embeddable":true,"href":"https:\/\/www.r2cpress.com.br\/v1\/wp-json\/wp\/v2\/users\/2"}],"replies":[{"embeddable":true,"href":"https:\/\/www.r2cpress.com.br\/v1\/wp-json\/wp\/v2\/comments?post=132026"}],"version-history":[{"count":1,"href":"https:\/\/www.r2cpress.com.br\/v1\/wp-json\/wp\/v2\/posts\/132026\/revisions"}],"predecessor-version":[{"id":132027,"href":"https:\/\/www.r2cpress.com.br\/v1\/wp-json\/wp\/v2\/posts\/132026\/revisions\/132027"}],"wp:featuredmedia":[{"embeddable":true,"href":"https:\/\/www.r2cpress.com.br\/v1\/wp-json\/wp\/v2\/media\/127548"}],"wp:attachment":[{"href":"https:\/\/www.r2cpress.com.br\/v1\/wp-json\/wp\/v2\/media?parent=132026"}],"wp:term":[{"taxonomy":"category","embeddable":true,"href":"https:\/\/www.r2cpress.com.br\/v1\/wp-json\/wp\/v2\/categories?post=132026"},{"taxonomy":"post_tag","embeddable":true,"href":"https:\/\/www.r2cpress.com.br\/v1\/wp-json\/wp\/v2\/tags?post=132026"}],"curies":[{"name":"wp","href":"https:\/\/api.w.org\/{rel}","templated":true}]}}