{"id":132028,"date":"2026-03-27T19:17:25","date_gmt":"2026-03-27T22:17:25","guid":{"rendered":"https:\/\/www.r2cpress.com.br\/v1\/?p=132028"},"modified":"2026-03-27T19:17:25","modified_gmt":"2026-03-27T22:17:25","slug":"cavalo-de-teatro-estreia-no-sul-da-bahia-e-propoe-reflexao-sobre-colapso-ambiental-e-memoria","status":"publish","type":"post","link":"https:\/\/www.r2cpress.com.br\/v1\/2026\/03\/27\/cavalo-de-teatro-estreia-no-sul-da-bahia-e-propoe-reflexao-sobre-colapso-ambiental-e-memoria\/","title":{"rendered":"&#8220;Cavalo de Teatro\u201d estreia no sul da Bahia e prop\u00f5e reflex\u00e3o sobre colapso ambiental e mem\u00f3ria."},"content":{"rendered":"<div dir=\"auto\"><a href=\"https:\/\/www.r2cpress.com.br\/v1\/wp-content\/uploads\/2026\/03\/1000672786.jpg\"><img loading=\"lazy\" class=\"aligncenter size-medium wp-image-132029\" src=\"https:\/\/www.r2cpress.com.br\/v1\/wp-content\/uploads\/2026\/03\/1000672786-240x300.jpg\" alt=\"\" width=\"240\" height=\"300\" srcset=\"https:\/\/www.r2cpress.com.br\/v1\/wp-content\/uploads\/2026\/03\/1000672786-240x300.jpg 240w, https:\/\/www.r2cpress.com.br\/v1\/wp-content\/uploads\/2026\/03\/1000672786.jpg 600w\" sizes=\"(max-width: 240px) 100vw, 240px\" \/><\/a>No sul da Bahia, entre Ilh\u00e9us, Oliven\u00e7a, Serra Grande e territ\u00f3rios ind\u00edgenas, um novo espet\u00e1culo surge como provoca\u00e7\u00e3o po\u00e9tica e pol\u00edtica diante das urg\u00eancias do nosso tempo.<\/div>\n<div dir=\"auto\"><\/div>\n<div dir=\"auto\">Intitulado \u201cCavalo de Teatro\u201d, o trabalho re\u00fane arte, performance e cr\u00edtica ambiental em uma narrativa dist\u00f3pica que dialoga com o presente.<\/div>\n<div dir=\"auto\"><\/div>\n<div dir=\"auto\">A montagem \u00e9 fruto de um processo de cria\u00e7\u00e3o coletiva realizado pelo Oco Teatro Laborat\u00f3rio, em colabora\u00e7\u00e3o com o Coletivo Serra Grande, com dire\u00e7\u00e3o de Luis Alonso-Aude, conta com atua\u00e7\u00e3o de Antonio Vergne e M\u00e1rcia Mascarenhas.<\/div>\n<div dir=\"auto\"><\/div>\n<div dir=\"auto\">Uma distopia feita de pl\u00e1stico, mem\u00f3ria e aus\u00eancia.<\/div>\n<div dir=\"auto\"><\/div>\n<div dir=\"auto\">A hist\u00f3ria se passa em um mundo onde tudo foi tomado pelo pl\u00e1stico. Restam apenas dois seres humanos e a ossamenta de um cavalo, em meio a um cen\u00e1rio onde o natural foi substitu\u00eddo por res\u00edduos da civiliza\u00e7\u00e3o.<\/div>\n<div dir=\"auto\">Nesse ambiente, respirar, vestir-se e at\u00e9 se alimentar tornam-se experi\u00eancias estranhas e artificiais. O pl\u00e1stico deixa de ser apenas um res\u00edduo e passa a ser mat\u00e9ria de sobreviv\u00eancia.<\/div>\n<div dir=\"auto\"><\/div>\n<div dir=\"auto\">Enquanto caminham por esse territ\u00f3rio devastado, os personagens encontram vest\u00edgios de um passado perdido \u2014 fragmentos de mem\u00f3ria de um mundo que j\u00e1 n\u00e3o existe mais.<\/div>\n<div dir=\"auto\"><\/div>\n<div dir=\"auto\">Onde est\u00e3o os cavalos?<\/div>\n<div dir=\"auto\">Sons de cavalos ecoam na cabe\u00e7a.<\/div>\n<div dir=\"auto\"><\/div>\n<div dir=\"auto\">Uma distopia impulsiona uma utopia.<\/div>\n<p><!--more--><\/p>\n<div dir=\"auto\"><\/div>\n<div dir=\"auto\">O cavalo, figura central da obra, surge como s\u00edmbolo de media\u00e7\u00e3o: entre vida e morte, passado e presente, humano e natureza. Sua aus\u00eancia revela a ruptura dos v\u00ednculos essenciais da exist\u00eancia.<\/div>\n<div dir=\"auto\"><\/div>\n<div dir=\"auto\">A dramaturgia atravessa temas como:<\/div>\n<div dir=\"auto\"><\/div>\n<div dir=\"auto\">A explora\u00e7\u00e3o do petr\u00f3leo, transforma\u00e7\u00e3o da vida em produto, a guerra como motor da destrui\u00e7\u00e3o e o esvaziamento das rela\u00e7\u00f5es humanas.<\/div>\n<div dir=\"auto\"><\/div>\n<div dir=\"auto\">O espet\u00e1culo exp\u00f5e um mundo que, mesmo em meio ao colapso, ainda sustenta vaidades \u2014 como moda, consumo e celebra\u00e7\u00f5es constru\u00eddas sobre \u201cossamentas\u201d.<\/div>\n<div dir=\"auto\"><\/div>\n<div dir=\"auto\">Mais do que um espet\u00e1culo, \u201cCavalo de Teatro\u201d integra um conjunto de a\u00e7\u00f5es que celebram os 20 anos do Oco Teatro Laborat\u00f3rio (sediado em Salvador) que v\u00eam sendo realizadas na regi\u00e3o desde junho de 2025, em comunidades ind\u00edgenas da regiao:<\/div>\n<div dir=\"auto\"><\/div>\n<div dir=\"auto\">&#8211; Circencriarte nas Aldeias \u2013 viv\u00eancias de circo.<\/div>\n<div dir=\"auto\"><\/div>\n<div dir=\"auto\">&#8211; Oficinas de teatro (Oco Teatro Laborat\u00f3rio)<\/div>\n<div dir=\"auto\"><\/div>\n<div dir=\"auto\">&#8211; Performances\u00a0 (Coletivo Serra Grande)<\/div>\n<div dir=\"auto\"><\/div>\n<div dir=\"auto\">As atividades fortalecem o interc\u00e2mbio cultural, a arte-educa\u00e7\u00e3o e o di\u00e1logo com comunidades locais, especialmente povos origin\u00e1rios.<\/div>\n<div dir=\"auto\"><\/div>\n<div dir=\"auto\">Apoio e realiza\u00e7\u00e3o<\/div>\n<div dir=\"auto\">O projeto foi viabilizado com recursos da Pol\u00edtica Nacional Aldir Blanc (PNAB), atrav\u00e9s do Governo do Estado da Bahia, cujo apoio foi fundamental para a realiza\u00e7\u00e3o da obra.<\/div>\n<div dir=\"auto\"><\/div>\n<div dir=\"auto\">A iniciativa refor\u00e7a o compromisso com a democratiza\u00e7\u00e3o do acesso \u00e0 cultura, a valoriza\u00e7\u00e3o de processos coletivos e o fortalecimento das artes nos territ\u00f3rios.<\/div>\n<div dir=\"auto\"><\/div>\n<div dir=\"auto\">Um chamado ao p\u00fablico<\/div>\n<div dir=\"auto\"><\/div>\n<div dir=\"auto\">Entre perguntas e imagens, o espet\u00e1culo deixa uma inquieta\u00e7\u00e3o no ar:<\/div>\n<div dir=\"auto\"><\/div>\n<div dir=\"auto\">Poderemos nos salvar?<\/div>\n<div dir=\"auto\">Onde est\u00e3o os cavalos?<\/div>\n<div dir=\"auto\"><\/div>\n<div dir=\"auto\">\u201cCavalo de Teatro\u201d n\u00e3o oferece respostas f\u00e1ceis. Em vez disso, convida o p\u00fablico a atravessar uma experi\u00eancia sensorial e reflexiva \u2014 onde o fim pode ser tamb\u00e9m o in\u00edcio de outra possibilidade de exist\u00eancia.<\/div>\n<div dir=\"auto\"><\/div>\n<div dir=\"auto\">Circula\u00e7\u00e3o<\/div>\n<div dir=\"auto\"><\/div>\n<div dir=\"auto\">O espet\u00e1culo inicia sua circula\u00e7\u00e3o com apresenta\u00e7\u00f5es em:<\/div>\n<div dir=\"auto\"><\/div>\n<div dir=\"auto\">Ilh\u00e9us<\/div>\n<div dir=\"auto\">Oliven\u00e7a<\/div>\n<div dir=\"auto\">Serra Grande<\/div>\n<div dir=\"auto\">Aldeias ind\u00edgenas da regi\u00e3o<\/div>\n<div dir=\"auto\"><\/div>\n<div dir=\"auto\">Para mais informa\u00e7\u00f5es, siga:<\/div>\n<div dir=\"auto\"><\/div>\n<div dir=\"auto\">@ocoteatro<\/div>\n<div dir=\"auto\">@coletivoserragrande<\/div>\n<div dir=\"auto\">@circencriarte<\/div>\n","protected":false},"excerpt":{"rendered":"<p>No sul da Bahia, entre Ilh\u00e9us, Oliven\u00e7a, Serra Grande e territ\u00f3rios ind\u00edgenas, um novo espet\u00e1culo surge como provoca\u00e7\u00e3o po\u00e9tica e pol\u00edtica diante das urg\u00eancias do nosso tempo. Intitulado \u201cCavalo de Teatro\u201d, o trabalho re\u00fane arte, performance e cr\u00edtica ambiental em uma narrativa dist\u00f3pica que dialoga com o presente. A montagem \u00e9 fruto de um processo [&hellip;]<\/p>\n","protected":false},"author":2,"featured_media":132029,"comment_status":"open","ping_status":"open","sticky":false,"template":"","format":"standard","meta":{"_links_to":"","_links_to_target":""},"categories":[1],"tags":[],"_links":{"self":[{"href":"https:\/\/www.r2cpress.com.br\/v1\/wp-json\/wp\/v2\/posts\/132028"}],"collection":[{"href":"https:\/\/www.r2cpress.com.br\/v1\/wp-json\/wp\/v2\/posts"}],"about":[{"href":"https:\/\/www.r2cpress.com.br\/v1\/wp-json\/wp\/v2\/types\/post"}],"author":[{"embeddable":true,"href":"https:\/\/www.r2cpress.com.br\/v1\/wp-json\/wp\/v2\/users\/2"}],"replies":[{"embeddable":true,"href":"https:\/\/www.r2cpress.com.br\/v1\/wp-json\/wp\/v2\/comments?post=132028"}],"version-history":[{"count":1,"href":"https:\/\/www.r2cpress.com.br\/v1\/wp-json\/wp\/v2\/posts\/132028\/revisions"}],"predecessor-version":[{"id":132030,"href":"https:\/\/www.r2cpress.com.br\/v1\/wp-json\/wp\/v2\/posts\/132028\/revisions\/132030"}],"wp:featuredmedia":[{"embeddable":true,"href":"https:\/\/www.r2cpress.com.br\/v1\/wp-json\/wp\/v2\/media\/132029"}],"wp:attachment":[{"href":"https:\/\/www.r2cpress.com.br\/v1\/wp-json\/wp\/v2\/media?parent=132028"}],"wp:term":[{"taxonomy":"category","embeddable":true,"href":"https:\/\/www.r2cpress.com.br\/v1\/wp-json\/wp\/v2\/categories?post=132028"},{"taxonomy":"post_tag","embeddable":true,"href":"https:\/\/www.r2cpress.com.br\/v1\/wp-json\/wp\/v2\/tags?post=132028"}],"curies":[{"name":"wp","href":"https:\/\/api.w.org\/{rel}","templated":true}]}}