{"id":132069,"date":"2026-04-03T15:10:34","date_gmt":"2026-04-03T18:10:34","guid":{"rendered":"https:\/\/www.r2cpress.com.br\/v1\/?p=132069"},"modified":"2026-04-04T09:25:44","modified_gmt":"2026-04-04T12:25:44","slug":"do-fundo-do-bau-de-jose-leite-661","status":"publish","type":"post","link":"https:\/\/www.r2cpress.com.br\/v1\/2026\/04\/03\/do-fundo-do-bau-de-jose-leite-661\/","title":{"rendered":"DO FUNDO DO BA\u00da DE JOS\u00c9 LEITE."},"content":{"rendered":"<p><a href=\"https:\/\/www.r2cpress.com.br\/v1\/wp-content\/uploads\/2021\/02\/BAU-NOVO-COM-400-300x218.jpg\"><img loading=\"lazy\" class=\"aligncenter size-medium wp-image-123540\" src=\"https:\/\/www.r2cpress.com.br\/v1\/wp-content\/uploads\/2021\/02\/BAU-NOVO-COM-400-300x218-300x218.jpg\" alt=\"\" width=\"300\" height=\"218\" \/><\/a><\/p>\n<p style=\"text-align: center;\"><strong>1) 66 ANOS DE JOS\u00c9 LEITE DE ILH\u00c9US. <\/strong><\/p>\n<p style=\"text-align: center;\"><strong>2) HOMENAGENS RECEBIDAS. <\/strong><\/p>\n<p style=\"text-align: center;\"><strong>3) HOMENS QUE AJUDARAM A CIDADE DE ILH\u00c9US A CRESCER. <\/strong><\/p>\n<p style=\"text-align: center;\"><strong>4) AS FOTOS DESTAQUES DA SEMANA. <\/strong><!--more--><\/p>\n<p style=\"text-align: center;\"><strong>1) 66 ANOS DE JOS\u00c9 LEITE EM ILH\u00c9US.<a href=\"https:\/\/www.r2cpress.com.br\/v1\/wp-content\/uploads\/2026\/04\/1000687563.jpg\"><img loading=\"lazy\" class=\"aligncenter size-medium wp-image-132070\" src=\"https:\/\/www.r2cpress.com.br\/v1\/wp-content\/uploads\/2026\/04\/1000687563-300x136.jpg\" alt=\"\" width=\"300\" height=\"136\" srcset=\"https:\/\/www.r2cpress.com.br\/v1\/wp-content\/uploads\/2026\/04\/1000687563-300x136.jpg 300w, https:\/\/www.r2cpress.com.br\/v1\/wp-content\/uploads\/2026\/04\/1000687563.jpg 600w\" sizes=\"(max-width: 300px) 100vw, 300px\" \/><\/a> <\/strong><\/p>\n<p>Meus amigos de ILH\u00c9US, JUAZEIRO DO NORTE e de todo o BRASIL, gra\u00e7as ao meu BOM DEUS e ao PADRE C\u00cdCERO DO JUAZEIRO e S\u00c3O JORGE DOS ILH\u00c9US, conseguimos chegar em 2026 com SA\u00daDE. Essa coluna \u00e9 a d\u00e9cima segunda edi\u00e7\u00e3o desse ano. Vamos pedir a DEUS que tenhamos um ano de muita sa\u00fade para todos n\u00f3s, o resto, com ajuda do TODO PODEROSO, vamos conseguir.<\/p>\n<p style=\"text-align: center;\"><strong>2) HOMENAGENS RECEBIDAS.<a href=\"https:\/\/www.r2cpress.com.br\/v1\/wp-content\/uploads\/2026\/04\/1000687564.jpg\"><img loading=\"lazy\" class=\"aligncenter size-medium wp-image-132071\" src=\"https:\/\/www.r2cpress.com.br\/v1\/wp-content\/uploads\/2026\/04\/1000687564-300x205.jpg\" alt=\"\" width=\"300\" height=\"205\" srcset=\"https:\/\/www.r2cpress.com.br\/v1\/wp-content\/uploads\/2026\/04\/1000687564-300x205.jpg 300w, https:\/\/www.r2cpress.com.br\/v1\/wp-content\/uploads\/2026\/04\/1000687564.jpg 600w\" sizes=\"(max-width: 300px) 100vw, 300px\" \/><\/a> <\/strong><\/p>\n<p>JOS\u00c9 LEITE DE SOUZA recebendo das m\u00e3os do Prefeito de JUAZEIRO DO NORTE, na \u00e9poca, Dr. MANOEL RAIMUNDO DE SANTANA NETO, a COMENDA CENTEN\u00c1RIA DE JUAZEIRO DO NORTE pelos servi\u00e7os prestados aquela Cidade. Na foto tamb\u00e9m aparece o saudoso amigo Dr. GERALDO MENEZES BARBOSA. Foto: 23-07-2011. Clique na foto para ampliar.<a href=\"https:\/\/www.r2cpress.com.br\/v1\/wp-content\/uploads\/2026\/04\/1000687565.jpg\"><img loading=\"lazy\" class=\"aligncenter size-medium wp-image-132072\" src=\"https:\/\/www.r2cpress.com.br\/v1\/wp-content\/uploads\/2026\/04\/1000687565-251x300.jpg\" alt=\"\" width=\"251\" height=\"300\" srcset=\"https:\/\/www.r2cpress.com.br\/v1\/wp-content\/uploads\/2026\/04\/1000687565-251x300.jpg 251w, https:\/\/www.r2cpress.com.br\/v1\/wp-content\/uploads\/2026\/04\/1000687565.jpg 502w\" sizes=\"(max-width: 251px) 100vw, 251px\" \/><\/a><\/p>\n<p>JOS\u00c9 LEITE tamb\u00e9m recebeu o DIPLOMA DE COLABORADOR EM\u00c9RITO DO EX\u00c9RCITO pelo COMANDO MILITAR DO NORDESTE por servi\u00e7os prestados ao EX\u00c9RCITO BRASILEIRO. Na foto: O chefe da 18\u00aa CSM Coronel BORGES entregando tamb\u00e9m ao homenageado, o hoteleiro EDINEI ESP\u00cdRITO SANTO.<\/p>\n<p>Foto: 25-04-2026. Clique na foto para ampliar.<a href=\"https:\/\/www.r2cpress.com.br\/v1\/wp-content\/uploads\/2026\/04\/1000688576.jpg\"><img loading=\"lazy\" class=\"aligncenter size-medium wp-image-132086\" src=\"https:\/\/www.r2cpress.com.br\/v1\/wp-content\/uploads\/2026\/04\/1000688576-300x234.jpg\" alt=\"\" width=\"300\" height=\"234\" srcset=\"https:\/\/www.r2cpress.com.br\/v1\/wp-content\/uploads\/2026\/04\/1000688576-300x234.jpg 300w, https:\/\/www.r2cpress.com.br\/v1\/wp-content\/uploads\/2026\/04\/1000688576.jpg 600w\" sizes=\"(max-width: 300px) 100vw, 300px\" \/><\/a><\/p>\n<p>O DIPLOMA que JOS\u00c9 LEITE recebeu, uma das honrarias mais importantes do EX\u00c9RCITO BRASILEIRO. Clique na foto para ampliar.<\/p>\n<p style=\"text-align: center;\"><strong>3) HOMENS QUE AJUDARAM A CIDADE DE ILH\u00c9US A CRESCER<\/strong>.<a href=\"https:\/\/www.r2cpress.com.br\/v1\/wp-content\/uploads\/2026\/04\/1000687567.jpg\"><img loading=\"lazy\" class=\"aligncenter size-medium wp-image-132073\" src=\"https:\/\/www.r2cpress.com.br\/v1\/wp-content\/uploads\/2026\/04\/1000687567-300x205.jpg\" alt=\"\" width=\"300\" height=\"205\" srcset=\"https:\/\/www.r2cpress.com.br\/v1\/wp-content\/uploads\/2026\/04\/1000687567-300x205.jpg 300w, https:\/\/www.r2cpress.com.br\/v1\/wp-content\/uploads\/2026\/04\/1000687567.jpg 600w\" sizes=\"(max-width: 300px) 100vw, 300px\" \/><\/a><\/p>\n<p>Reuni\u00e3o da LOJA MA\u00c7\u00d4NICA REGENERA\u00c7\u00c3O SUL BAHIANA. Aconteceu na d\u00e9cada de 1950, quando a Loja funcionava na Rua Rodolfo Vieira, onde tem a Loja CHAPEUZINHO VERMELHO. Clique na foto para ampliar.<a href=\"https:\/\/www.r2cpress.com.br\/v1\/wp-content\/uploads\/2026\/04\/1000687568.jpg\"><img loading=\"lazy\" class=\"aligncenter size-medium wp-image-132074\" src=\"https:\/\/www.r2cpress.com.br\/v1\/wp-content\/uploads\/2026\/04\/1000687568-300x213.jpg\" alt=\"\" width=\"300\" height=\"213\" srcset=\"https:\/\/www.r2cpress.com.br\/v1\/wp-content\/uploads\/2026\/04\/1000687568-300x213.jpg 300w, https:\/\/www.r2cpress.com.br\/v1\/wp-content\/uploads\/2026\/04\/1000687568.jpg 600w\" sizes=\"(max-width: 300px) 100vw, 300px\" \/><\/a><\/p>\n<p>Reuni\u00e3o Festiva da LOJA MA\u00c7\u00d4NICA REGENERA\u00c7\u00c3O SUL BAHIANA. Aconteceu na d\u00e9cada de 1950. Todos esses irm\u00e3os da foto j\u00e1 se encontram no REINO DA GL\u00d3RIA. Como o tempo voa!! Clique na foto para ampliar.<\/p>\n<p style=\"text-align: center;\"><strong>4) AS FOTOS DESTAQUES DA SEMANA.<a href=\"https:\/\/www.r2cpress.com.br\/v1\/wp-content\/uploads\/2026\/04\/1000687569.jpg\"><img loading=\"lazy\" class=\"aligncenter size-medium wp-image-132075\" src=\"https:\/\/www.r2cpress.com.br\/v1\/wp-content\/uploads\/2026\/04\/1000687569-199x300.jpg\" alt=\"\" width=\"199\" height=\"300\" srcset=\"https:\/\/www.r2cpress.com.br\/v1\/wp-content\/uploads\/2026\/04\/1000687569-199x300.jpg 199w, https:\/\/www.r2cpress.com.br\/v1\/wp-content\/uploads\/2026\/04\/1000687569.jpg 397w\" sizes=\"(max-width: 199px) 100vw, 199px\" \/><\/a> <\/strong><\/p>\n<p>Convite Especial recebido por JOS\u00c9 LEITE que n\u00e3o vai deixar de estar presente.<\/p>\n<p>JUAZEIRO DA BAHIA ME ESPERA!!<\/p>\n<p>Clique na foto para ampliar.<a href=\"https:\/\/www.r2cpress.com.br\/v1\/wp-content\/uploads\/2026\/04\/1000687570.jpg\"><img loading=\"lazy\" class=\"aligncenter size-medium wp-image-132076\" src=\"https:\/\/www.r2cpress.com.br\/v1\/wp-content\/uploads\/2026\/04\/1000687570-180x300.jpg\" alt=\"\" width=\"180\" height=\"300\" srcset=\"https:\/\/www.r2cpress.com.br\/v1\/wp-content\/uploads\/2026\/04\/1000687570-180x300.jpg 180w, https:\/\/www.r2cpress.com.br\/v1\/wp-content\/uploads\/2026\/04\/1000687570.jpg 359w\" sizes=\"(max-width: 180px) 100vw, 180px\" \/><\/a><\/p>\n<p>PARAB\u00c9NS para o amigo Lojista e Rotariano CARLOS SANTOS SILVA da Loja CINDERELA, que nessa \u00faltima ter\u00e7a-feira (31-03-2026) fez anivers\u00e1rio. DEUS TE ABEN\u00c7OE, AMIG\u00c3O! Clique na foto para ampliar.<a href=\"https:\/\/www.r2cpress.com.br\/v1\/wp-content\/uploads\/2026\/04\/1000687571.jpg\"><img loading=\"lazy\" class=\"aligncenter size-medium wp-image-132077\" src=\"https:\/\/www.r2cpress.com.br\/v1\/wp-content\/uploads\/2026\/04\/1000687571-300x139.jpg\" alt=\"\" width=\"300\" height=\"139\" srcset=\"https:\/\/www.r2cpress.com.br\/v1\/wp-content\/uploads\/2026\/04\/1000687571-300x139.jpg 300w, https:\/\/www.r2cpress.com.br\/v1\/wp-content\/uploads\/2026\/04\/1000687571.jpg 600w\" sizes=\"(max-width: 300px) 100vw, 300px\" \/><\/a><\/p>\n<p>A ganhadora da CASA no valor de R$ 500.000.000 quinhentos mil reais agradecendo aos Diretores da DROGARIA ULTRA POPULAR.<\/p>\n<p>Clique na foto para ampliar.<a href=\"https:\/\/www.r2cpress.com.br\/v1\/wp-content\/uploads\/2026\/04\/1000687572.jpg\"><img loading=\"lazy\" class=\"aligncenter size-medium wp-image-132078\" src=\"https:\/\/www.r2cpress.com.br\/v1\/wp-content\/uploads\/2026\/04\/1000687572-300x300.jpg\" alt=\"\" width=\"300\" height=\"300\" srcset=\"https:\/\/www.r2cpress.com.br\/v1\/wp-content\/uploads\/2026\/04\/1000687572-300x300.jpg 300w, https:\/\/www.r2cpress.com.br\/v1\/wp-content\/uploads\/2026\/04\/1000687572-150x150.jpg 150w, https:\/\/www.r2cpress.com.br\/v1\/wp-content\/uploads\/2026\/04\/1000687572.jpg 600w\" sizes=\"(max-width: 300px) 100vw, 300px\" \/><\/a><\/p>\n<p>PARAB\u00c9NS para a Loja C\u00c9O MODAS, uma das ganhadoras do TROF\u00c9U JO\u00c3O BRITO CONCURSO DE VITRINES, promovido pela CDL DE ILH\u00c9US. Na foto: EDUARDO BRITO, lado direito, entregando o Trof\u00e9u aos ganhadores.<\/p>\n<p>Clique na foto para ampliar.<a href=\"https:\/\/www.r2cpress.com.br\/v1\/wp-content\/uploads\/2026\/04\/1000687573.jpg\"><img loading=\"lazy\" class=\"aligncenter size-medium wp-image-132079\" src=\"https:\/\/www.r2cpress.com.br\/v1\/wp-content\/uploads\/2026\/04\/1000687573-300x211.jpg\" alt=\"\" width=\"300\" height=\"211\" srcset=\"https:\/\/www.r2cpress.com.br\/v1\/wp-content\/uploads\/2026\/04\/1000687573-300x211.jpg 300w, https:\/\/www.r2cpress.com.br\/v1\/wp-content\/uploads\/2026\/04\/1000687573.jpg 600w\" sizes=\"(max-width: 300px) 100vw, 300px\" \/><\/a><\/p>\n<p>QUE COISA LINDA! Chegando a COLINA DO HORTO voc\u00ea tem de ler o que est\u00e1 escrito nesse OUTDOOR. GOSTEI MUITO!<\/p>\n<p>Clique na foto para ampliar.<a href=\"https:\/\/www.r2cpress.com.br\/v1\/wp-content\/uploads\/2026\/04\/1000687574.jpg\"><img loading=\"lazy\" class=\"aligncenter size-medium wp-image-132080\" src=\"https:\/\/www.r2cpress.com.br\/v1\/wp-content\/uploads\/2026\/04\/1000687574-300x236.jpg\" alt=\"\" width=\"300\" height=\"236\" srcset=\"https:\/\/www.r2cpress.com.br\/v1\/wp-content\/uploads\/2026\/04\/1000687574-300x236.jpg 300w, https:\/\/www.r2cpress.com.br\/v1\/wp-content\/uploads\/2026\/04\/1000687574.jpg 600w\" sizes=\"(max-width: 300px) 100vw, 300px\" \/><\/a><\/p>\n<p>Quem vai sair da COLINA DO HORTO tamb\u00e9m vai ler nesse OUTDOOR, essa linda mensagem que fica a 500 metros da Est\u00e1tua do PADRE C\u00cdCERO. Parab\u00e9ns para o anunciante! Ficou muito Bonito!! Clique na foto para ampliar.<a href=\"https:\/\/www.r2cpress.com.br\/v1\/wp-content\/uploads\/2026\/04\/1000687575.jpg\"><img loading=\"lazy\" class=\"aligncenter size-medium wp-image-132081\" src=\"https:\/\/www.r2cpress.com.br\/v1\/wp-content\/uploads\/2026\/04\/1000687575-263x300.jpg\" alt=\"\" width=\"263\" height=\"300\" srcset=\"https:\/\/www.r2cpress.com.br\/v1\/wp-content\/uploads\/2026\/04\/1000687575-263x300.jpg 263w, https:\/\/www.r2cpress.com.br\/v1\/wp-content\/uploads\/2026\/04\/1000687575.jpg 525w\" sizes=\"(max-width: 263px) 100vw, 263px\" \/><\/a><\/p>\n<p>Faleceu essa semana MOIS\u00c9S TELES, um dos Comerciantes da Velha Guarda do Com\u00e9rcio de ILH\u00c9US. O amigo Comerciante MOIS\u00c9S TELES, nas d\u00e9cadas de 1960, 1970, 1980, 1990 e 2000 quem n\u00e3o conheceu a LOJA RAINHA DOS RETALHOS, no Cal\u00e7ad\u00e3o da Rua Marqu\u00eas de Paranagu\u00e1, n\u00e3o conhece o Com\u00e9rcio de ILH\u00c9US. DESCANSE EM PAZ, AMIG\u00c3O! Clique na foto para ampliar.<a href=\"https:\/\/www.r2cpress.com.br\/v1\/wp-content\/uploads\/2026\/04\/1000687576.jpg\"><img loading=\"lazy\" class=\"aligncenter size-medium wp-image-132082\" src=\"https:\/\/www.r2cpress.com.br\/v1\/wp-content\/uploads\/2026\/04\/1000687576-202x300.jpg\" alt=\"\" width=\"202\" height=\"300\" srcset=\"https:\/\/www.r2cpress.com.br\/v1\/wp-content\/uploads\/2026\/04\/1000687576-202x300.jpg 202w, https:\/\/www.r2cpress.com.br\/v1\/wp-content\/uploads\/2026\/04\/1000687576.jpg 404w\" sizes=\"(max-width: 202px) 100vw, 202px\" \/><\/a><\/p>\n<p>Na \u00faltima segunda-feira (30-03-2026) passou no passeio da \u00d3TICA SAFIRA.<\/p>\n<p>Vai \u00e0 praia? Clique na foto para ampliar.<a href=\"https:\/\/www.r2cpress.com.br\/v1\/wp-content\/uploads\/2026\/04\/1000687577.jpg\"><img loading=\"lazy\" class=\"aligncenter size-medium wp-image-132083\" src=\"https:\/\/www.r2cpress.com.br\/v1\/wp-content\/uploads\/2026\/04\/1000687577-167x300.jpg\" alt=\"\" width=\"167\" height=\"300\" srcset=\"https:\/\/www.r2cpress.com.br\/v1\/wp-content\/uploads\/2026\/04\/1000687577-167x300.jpg 167w, https:\/\/www.r2cpress.com.br\/v1\/wp-content\/uploads\/2026\/04\/1000687577.jpg 333w\" sizes=\"(max-width: 167px) 100vw, 167px\" \/><\/a><\/p>\n<p>Observe na foto acima, as bebidas que JOS\u00c9 LEITE vai beber nessa SEMANA SANTA. XAROPE DE PEQUI, adoro! E VINHO PADRE C\u00cdCERO, o \u00fanico Afrodis\u00edaco. BOA P\u00c1SCOA PARA TODOS OS AMIGOS!!<\/p>\n<p>Clique na foto para ampliar.<\/p>\n<p style=\"text-align: center;\"><strong>E NO MAIS&#8230;<a href=\"https:\/\/www.r2cpress.com.br\/v1\/wp-content\/uploads\/2026\/04\/1000687578.jpg\"><img loading=\"lazy\" class=\"aligncenter size-medium wp-image-132084\" src=\"https:\/\/www.r2cpress.com.br\/v1\/wp-content\/uploads\/2026\/04\/1000687578-300x167.jpg\" alt=\"\" width=\"300\" height=\"167\" srcset=\"https:\/\/www.r2cpress.com.br\/v1\/wp-content\/uploads\/2026\/04\/1000687578-300x167.jpg 300w, https:\/\/www.r2cpress.com.br\/v1\/wp-content\/uploads\/2026\/04\/1000687578.jpg 600w\" sizes=\"(max-width: 300px) 100vw, 300px\" \/><\/a> <\/strong><\/p>\n<p>Voc\u00ea que mora em ILH\u00c9US, precisa conhecer essa Regi\u00e3o Maravilhosa! A Regi\u00e3o do CARIRI \u00e9 conhecida mundialmente. Saia da cadeira, do Sof\u00e1 e acompanhe nossa Campanha de Viajar pelo NORDESTE. JOS\u00c9 LEITE viaja nessa QUINTA FEIRA SANTA (02-04-2026) para JUAZEIRO DO NORTE. Que coisa boa! Segunda-feira estarei de volta, em nome de JESUS! Clique na foto para ampliar.<\/p>\n<p style=\"text-align: center;\"><strong>PARA CONFERIR O BA\u00da ANTERIOR CLIQUE <a href=\"https:\/\/www.r2cpress.com.br\/v1\/wp-admin\/post.php?post=132031&amp;action=edit\"><span style=\"color: #ff0000;\">AQUI<\/span><\/a>\u00a0<\/strong><\/p>\n<p>Texto e fotos: Jos\u00e9 Leite de Souza<\/p>\n<p>jleitesouza@hotmail.com<\/p>\n<p>(73) 3634-3134.<\/p>\n<p>&nbsp;<\/p>\n<p>&nbsp;<\/p>\n<p>&nbsp;<\/p>\n<p>&nbsp;<\/p>\n<p>&nbsp;<\/p>\n<p>&nbsp;<\/p>\n<p>&nbsp;<\/p>\n<p>&nbsp;<\/p>\n<p>&nbsp;<\/p>\n<p>&nbsp;<\/p>\n<p>&nbsp;<\/p>\n<p>&nbsp;<\/p>\n<p>&nbsp;<\/p>\n<p>&nbsp;<\/p>\n<p>&nbsp;<\/p>\n<p>&nbsp;<\/p>\n<p>&nbsp;<\/p>\n<p>&nbsp;<\/p>\n<p>&nbsp;<\/p>\n<p>&nbsp;<\/p>\n<p>&nbsp;<\/p>\n<p>&nbsp;<\/p>\n<p>&nbsp;<\/p>\n<p>&nbsp;<\/p>\n<p>&nbsp;<\/p>\n<p>&nbsp;<\/p>\n<p>&nbsp;<\/p>\n<p>&nbsp;<\/p>\n<p>&nbsp;<\/p>\n<p>&nbsp;<\/p>\n<p>&nbsp;<\/p>\n<p>&nbsp;<\/p>\n<p>&nbsp;<\/p>\n<p>&nbsp;<\/p>\n<p>&nbsp;<\/p>\n<p>&nbsp;<\/p>\n<p>&nbsp;<\/p>\n<p>&nbsp;<\/p>\n<p>&nbsp;<\/p>\n<p>&nbsp;<\/p>\n<p>&nbsp;<\/p>\n<p>&nbsp;<\/p>\n<p>&nbsp;<\/p>\n<p>&nbsp;<\/p>\n<p>&nbsp;<\/p>\n<p>&nbsp;<\/p>\n<p>&nbsp;<\/p>\n<p>&nbsp;<\/p>\n<p>&nbsp;<\/p>\n<p>&nbsp;<\/p>\n<p>&nbsp;<\/p>\n<p>&nbsp;<\/p>\n<p>&nbsp;<\/p>\n<p>&nbsp;<\/p>\n<p>&nbsp;<\/p>\n<p>&nbsp;<\/p>\n<p>&nbsp;<\/p>\n<p>&nbsp;<\/p>\n<p>&nbsp;<\/p>\n<p>&nbsp;<\/p>\n<p>&nbsp;<\/p>\n<p>&nbsp;<\/p>\n<p>&nbsp;<\/p>\n<p>&nbsp;<\/p>\n<p>&nbsp;<\/p>\n<p>&nbsp;<\/p>\n<p>&nbsp;<\/p>\n<p>&nbsp;<\/p>\n<p>&nbsp;<\/p>\n<p>&nbsp;<\/p>\n<p>&nbsp;<\/p>\n<p>&nbsp;<\/p>\n<p>&nbsp;<\/p>\n<p>&nbsp;<\/p>\n<p>&nbsp;<\/p>\n<p>&nbsp;<\/p>\n<p>&nbsp;<\/p>\n<p>&nbsp;<\/p>\n<p>&nbsp;<\/p>\n<p>&nbsp;<\/p>\n<p>&nbsp;<\/p>\n<p>&nbsp;<\/p>\n<p>&nbsp;<\/p>\n<p>&nbsp;<\/p>\n<p>&nbsp;<\/p>\n<p>&nbsp;<\/p>\n<p>&nbsp;<\/p>\n<p>&nbsp;<\/p>\n<p>&nbsp;<\/p>\n<p>&nbsp;<\/p>\n<p>&nbsp;<\/p>\n<p>&nbsp;<\/p>\n<p>&nbsp;<\/p>\n<p>&nbsp;<\/p>\n<p>&nbsp;<\/p>\n<p>&nbsp;<\/p>\n","protected":false},"excerpt":{"rendered":"<p>1) 66 ANOS DE JOS\u00c9 LEITE DE ILH\u00c9US. 2) HOMENAGENS RECEBIDAS. 3) HOMENS QUE AJUDARAM A CIDADE DE ILH\u00c9US A CRESCER. 4) AS FOTOS DESTAQUES DA SEMANA.<\/p>\n","protected":false},"author":2,"featured_media":123540,"comment_status":"open","ping_status":"open","sticky":false,"template":"","format":"standard","meta":{"_links_to":"","_links_to_target":""},"categories":[39],"tags":[],"_links":{"self":[{"href":"https:\/\/www.r2cpress.com.br\/v1\/wp-json\/wp\/v2\/posts\/132069"}],"collection":[{"href":"https:\/\/www.r2cpress.com.br\/v1\/wp-json\/wp\/v2\/posts"}],"about":[{"href":"https:\/\/www.r2cpress.com.br\/v1\/wp-json\/wp\/v2\/types\/post"}],"author":[{"embeddable":true,"href":"https:\/\/www.r2cpress.com.br\/v1\/wp-json\/wp\/v2\/users\/2"}],"replies":[{"embeddable":true,"href":"https:\/\/www.r2cpress.com.br\/v1\/wp-json\/wp\/v2\/comments?post=132069"}],"version-history":[{"count":2,"href":"https:\/\/www.r2cpress.com.br\/v1\/wp-json\/wp\/v2\/posts\/132069\/revisions"}],"predecessor-version":[{"id":132087,"href":"https:\/\/www.r2cpress.com.br\/v1\/wp-json\/wp\/v2\/posts\/132069\/revisions\/132087"}],"wp:featuredmedia":[{"embeddable":true,"href":"https:\/\/www.r2cpress.com.br\/v1\/wp-json\/wp\/v2\/media\/123540"}],"wp:attachment":[{"href":"https:\/\/www.r2cpress.com.br\/v1\/wp-json\/wp\/v2\/media?parent=132069"}],"wp:term":[{"taxonomy":"category","embeddable":true,"href":"https:\/\/www.r2cpress.com.br\/v1\/wp-json\/wp\/v2\/categories?post=132069"},{"taxonomy":"post_tag","embeddable":true,"href":"https:\/\/www.r2cpress.com.br\/v1\/wp-json\/wp\/v2\/tags?post=132069"}],"curies":[{"name":"wp","href":"https:\/\/api.w.org\/{rel}","templated":true}]}}