{"id":132229,"date":"2026-05-01T20:51:24","date_gmt":"2026-05-01T23:51:24","guid":{"rendered":"https:\/\/www.r2cpress.com.br\/v1\/?p=132229"},"modified":"2026-05-01T20:51:24","modified_gmt":"2026-05-01T23:51:24","slug":"estao-abertas-as-inscricoes-para-o-premio-iel-2026","status":"publish","type":"post","link":"https:\/\/www.r2cpress.com.br\/v1\/2026\/05\/01\/estao-abertas-as-inscricoes-para-o-premio-iel-2026\/","title":{"rendered":"Est\u00e3o abertas as inscri\u00e7\u00f5es para o Pr\u00eamio IEL 2026"},"content":{"rendered":"<div><a href=\"https:\/\/www.r2cpress.com.br\/v1\/wp-content\/uploads\/2023\/07\/Screenshot_2023-07-21-19-38-22-277_com.google.android.googlequicksearchbox-edit.jpg\"><img loading=\"lazy\" class=\"aligncenter size-medium wp-image-127548\" src=\"https:\/\/www.r2cpress.com.br\/v1\/wp-content\/uploads\/2023\/07\/Screenshot_2023-07-21-19-38-22-277_com.google.android.googlequicksearchbox-edit-300x153.jpg\" alt=\"\" width=\"300\" height=\"153\" srcset=\"https:\/\/www.r2cpress.com.br\/v1\/wp-content\/uploads\/2023\/07\/Screenshot_2023-07-21-19-38-22-277_com.google.android.googlequicksearchbox-edit-300x153.jpg 300w, https:\/\/www.r2cpress.com.br\/v1\/wp-content\/uploads\/2023\/07\/Screenshot_2023-07-21-19-38-22-277_com.google.android.googlequicksearchbox-edit.jpg 600w\" sizes=\"(max-width: 300px) 100vw, 300px\" \/><\/a>O pr\u00eamio \u00e9 estruturado em categorias que valorizam a inova\u00e7\u00e3o e o aprendizado pr\u00e1tico. Na categoria IEL Est\u00e1gio, s\u00e3o contemplados os destaques Estagi\u00e1rio Inovador, Est\u00e1gio Inovador (Empresa) e Educa\u00e7\u00e3o Inovadora (Institui\u00e7\u00e3o de Ensino). J\u00e1 o Inova Talentos reconhece Bolsistas e Projetos Inovadores. A premia\u00e7\u00e3o inclui ainda o Destaque Aprendizagem e Sistema S, ampliando o reconhecimento \u00e0s iniciativas que contribuem para o desenvolvimento profissional e social.<\/p>\n<p>Participar do Pr\u00eamio IEL traz uma s\u00e9rie de benef\u00edcios para os diferentes p\u00fablicos envolvidos. Para as empresas, a iniciativa promove a diversidade geracional, atraindo talentos alinhados ao prop\u00f3sito organizacional, al\u00e9m de ampliar a visibilidade nos cen\u00e1rios estadual e nacional. As organiza\u00e7\u00f5es tamb\u00e9m se consolidam como refer\u00eancia em impacto social, fortalecem sua marca e demonstram compromisso com a inova\u00e7\u00e3o, efici\u00eancia na gest\u00e3o de pessoas e responsabilidade social.<\/p>\n<p>As institui\u00e7\u00f5es de ensino ganham visibilidade no mercado e valorizam suas pr\u00e1ticas de est\u00e1gio, destacando-se pelo alinhamento entre projetos pedag\u00f3gicos e as demandas do setor produtivo. Essa aproxima\u00e7\u00e3o contribui para a forma\u00e7\u00e3o de profissionais mais preparados e para a constru\u00e7\u00e3o de futuros mais promissores.<\/p>\n<p>J\u00e1 estudantes, bolsistas e aprendizes t\u00eam a oportunidade de ampliar sua visibilidade no mercado de trabalho, colocar em pr\u00e1tica os conhecimentos adquiridos e desenvolver habilidades essenciais \u00e0 forma\u00e7\u00e3o profissional. A participa\u00e7\u00e3o no pr\u00eamio tamb\u00e9m agrega valor ao curr\u00edculo, evidenciando experi\u00eancias em projetos e fortalecendo a competitividade no mercado.\n<\/p><\/div>\n<div>\u00a0As inscri\u00e7\u00f5es v\u00e3o at\u00e9 15 de junho e s\u00e3o feitas pelo link:\u00a0<a class=\"ms-outlook-linkify\" href=\"https:\/\/www.ielbahia.com.br\/premioiel\/\">https:\/\/www.ielbahia.com.br\/premioiel\/<\/a><\/div>\n","protected":false},"excerpt":{"rendered":"<p>O pr\u00eamio \u00e9 estruturado em categorias que valorizam a inova\u00e7\u00e3o e o aprendizado pr\u00e1tico. Na categoria IEL Est\u00e1gio, s\u00e3o contemplados os destaques Estagi\u00e1rio Inovador, Est\u00e1gio Inovador (Empresa) e Educa\u00e7\u00e3o Inovadora (Institui\u00e7\u00e3o de Ensino). J\u00e1 o Inova Talentos reconhece Bolsistas e Projetos Inovadores. A premia\u00e7\u00e3o inclui ainda o Destaque Aprendizagem e Sistema S, ampliando o reconhecimento [&hellip;]<\/p>\n","protected":false},"author":2,"featured_media":127548,"comment_status":"open","ping_status":"open","sticky":false,"template":"","format":"standard","meta":{"_links_to":"","_links_to_target":""},"categories":[1],"tags":[],"_links":{"self":[{"href":"https:\/\/www.r2cpress.com.br\/v1\/wp-json\/wp\/v2\/posts\/132229"}],"collection":[{"href":"https:\/\/www.r2cpress.com.br\/v1\/wp-json\/wp\/v2\/posts"}],"about":[{"href":"https:\/\/www.r2cpress.com.br\/v1\/wp-json\/wp\/v2\/types\/post"}],"author":[{"embeddable":true,"href":"https:\/\/www.r2cpress.com.br\/v1\/wp-json\/wp\/v2\/users\/2"}],"replies":[{"embeddable":true,"href":"https:\/\/www.r2cpress.com.br\/v1\/wp-json\/wp\/v2\/comments?post=132229"}],"version-history":[{"count":1,"href":"https:\/\/www.r2cpress.com.br\/v1\/wp-json\/wp\/v2\/posts\/132229\/revisions"}],"predecessor-version":[{"id":132230,"href":"https:\/\/www.r2cpress.com.br\/v1\/wp-json\/wp\/v2\/posts\/132229\/revisions\/132230"}],"wp:featuredmedia":[{"embeddable":true,"href":"https:\/\/www.r2cpress.com.br\/v1\/wp-json\/wp\/v2\/media\/127548"}],"wp:attachment":[{"href":"https:\/\/www.r2cpress.com.br\/v1\/wp-json\/wp\/v2\/media?parent=132229"}],"wp:term":[{"taxonomy":"category","embeddable":true,"href":"https:\/\/www.r2cpress.com.br\/v1\/wp-json\/wp\/v2\/categories?post=132229"},{"taxonomy":"post_tag","embeddable":true,"href":"https:\/\/www.r2cpress.com.br\/v1\/wp-json\/wp\/v2\/tags?post=132229"}],"curies":[{"name":"wp","href":"https:\/\/api.w.org\/{rel}","templated":true}]}}