{"id":132239,"date":"2026-05-01T21:03:04","date_gmt":"2026-05-02T00:03:04","guid":{"rendered":"https:\/\/www.r2cpress.com.br\/v1\/?p=132239"},"modified":"2026-05-01T21:03:04","modified_gmt":"2026-05-02T00:03:04","slug":"sesab-convoca-358-profissionais-do-reda-001-2025-para-reforcar-a-assistencia-a-saude-na-bahia","status":"publish","type":"post","link":"https:\/\/www.r2cpress.com.br\/v1\/2026\/05\/01\/sesab-convoca-358-profissionais-do-reda-001-2025-para-reforcar-a-assistencia-a-saude-na-bahia\/","title":{"rendered":"Sesab convoca 358 profissionais do Reda 001\/2025 para refor\u00e7ar a assist\u00eancia \u00e0 sa\u00fade na Bahia"},"content":{"rendered":"<div class=\"elementToProof\"><a href=\"https:\/\/www.r2cpress.com.br\/v1\/wp-content\/uploads\/2026\/05\/1000739357.jpg\"><img loading=\"lazy\" class=\"aligncenter size-medium wp-image-132240\" src=\"https:\/\/www.r2cpress.com.br\/v1\/wp-content\/uploads\/2026\/05\/1000739357-300x200.jpg\" alt=\"\" width=\"300\" height=\"200\" srcset=\"https:\/\/www.r2cpress.com.br\/v1\/wp-content\/uploads\/2026\/05\/1000739357-300x200.jpg 300w, https:\/\/www.r2cpress.com.br\/v1\/wp-content\/uploads\/2026\/05\/1000739357.jpg 600w\" sizes=\"(max-width: 300px) 100vw, 300px\" \/><\/a>A Secretaria da Sa\u00fade do Estado da Bahia (Sesab) publicou, no Di\u00e1rio Oficial do Estado (DOE) desta sexta-feira (1\u00ba), a 12\u00aa convoca\u00e7\u00e3o do Processo Seletivo Simplificado n\u00ba 001\/2025. Ao todo, 358 profissionais foram chamados para refor\u00e7ar a assist\u00eancia \u00e0 sa\u00fade em unidades da capital e do interior. A lista completa dos convocados est\u00e1 dispon\u00edvel aqui.<\/div>\n<div class=\"elementToProof\"><\/div>\n<div class=\"elementToProof\">Para dar continuidade ao processo de contrata\u00e7\u00e3o, os profissionais convocados devem enviar a documenta\u00e7\u00e3o exigida entre os dias 5 e 14 de maio, at\u00e9 \u00e0s 17h, conforme orienta\u00e7\u00f5es dispon\u00edveis na aba \u201cProcessos Seletivos\u201d do site da Sesab. O n\u00e3o envio da documenta\u00e7\u00e3o dentro do prazo estabelecido poder\u00e1 resultar na perda da vaga.<\/div>\n<div class=\"elementToProof\"><\/div>\n<div class=\"elementToProof\">A comunica\u00e7\u00e3o oficial da Sesab com os candidatos ser\u00e1 realizada exclusivamente por meio do endere\u00e7o eletr\u00f4nico institucional\u00a0<a class=\"ms-outlook-linkify\" href=\"mailto:cpm.reda@saude.ba.gov.br\">cpm.reda@saude.ba.gov.br<\/a>, da Coordena\u00e7\u00e3o de Provimento e Movimenta\u00e7\u00e3o da Superintend\u00eancia de Recursos Humanos da Sa\u00fade (CPM\/DARH\/SUPERH).<\/div>\n<div class=\"elementToProof\"><\/div>\n<div>A Secretaria refor\u00e7a que n\u00e3o h\u00e1 cobran\u00e7a de taxa em nenhuma etapa do processo seletivo e alerta os convocados para que fiquem atentos a poss\u00edveis tentativas de fraude.<\/div>\n","protected":false},"excerpt":{"rendered":"<p>A Secretaria da Sa\u00fade do Estado da Bahia (Sesab) publicou, no Di\u00e1rio Oficial do Estado (DOE) desta sexta-feira (1\u00ba), a 12\u00aa convoca\u00e7\u00e3o do Processo Seletivo Simplificado n\u00ba 001\/2025. Ao todo, 358 profissionais foram chamados para refor\u00e7ar a assist\u00eancia \u00e0 sa\u00fade em unidades da capital e do interior. A lista completa dos convocados est\u00e1 dispon\u00edvel aqui. [&hellip;]<\/p>\n","protected":false},"author":2,"featured_media":132240,"comment_status":"open","ping_status":"open","sticky":false,"template":"","format":"standard","meta":{"_links_to":"","_links_to_target":""},"categories":[1],"tags":[],"_links":{"self":[{"href":"https:\/\/www.r2cpress.com.br\/v1\/wp-json\/wp\/v2\/posts\/132239"}],"collection":[{"href":"https:\/\/www.r2cpress.com.br\/v1\/wp-json\/wp\/v2\/posts"}],"about":[{"href":"https:\/\/www.r2cpress.com.br\/v1\/wp-json\/wp\/v2\/types\/post"}],"author":[{"embeddable":true,"href":"https:\/\/www.r2cpress.com.br\/v1\/wp-json\/wp\/v2\/users\/2"}],"replies":[{"embeddable":true,"href":"https:\/\/www.r2cpress.com.br\/v1\/wp-json\/wp\/v2\/comments?post=132239"}],"version-history":[{"count":1,"href":"https:\/\/www.r2cpress.com.br\/v1\/wp-json\/wp\/v2\/posts\/132239\/revisions"}],"predecessor-version":[{"id":132241,"href":"https:\/\/www.r2cpress.com.br\/v1\/wp-json\/wp\/v2\/posts\/132239\/revisions\/132241"}],"wp:featuredmedia":[{"embeddable":true,"href":"https:\/\/www.r2cpress.com.br\/v1\/wp-json\/wp\/v2\/media\/132240"}],"wp:attachment":[{"href":"https:\/\/www.r2cpress.com.br\/v1\/wp-json\/wp\/v2\/media?parent=132239"}],"wp:term":[{"taxonomy":"category","embeddable":true,"href":"https:\/\/www.r2cpress.com.br\/v1\/wp-json\/wp\/v2\/categories?post=132239"},{"taxonomy":"post_tag","embeddable":true,"href":"https:\/\/www.r2cpress.com.br\/v1\/wp-json\/wp\/v2\/tags?post=132239"}],"curies":[{"name":"wp","href":"https:\/\/api.w.org\/{rel}","templated":true}]}}