{"id":132242,"date":"2026-05-01T21:18:11","date_gmt":"2026-05-02T00:18:11","guid":{"rendered":"https:\/\/www.r2cpress.com.br\/v1\/?p=132242"},"modified":"2026-05-01T21:18:11","modified_gmt":"2026-05-02T00:18:11","slug":"do-fundo-do-bau-de-jose-leite-665","status":"publish","type":"post","link":"https:\/\/www.r2cpress.com.br\/v1\/2026\/05\/01\/do-fundo-do-bau-de-jose-leite-665\/","title":{"rendered":"DO FUNDO DO BA\u00da DE JOS\u00c9 LEITE."},"content":{"rendered":"<p><a href=\"https:\/\/www.r2cpress.com.br\/v1\/wp-content\/uploads\/2021\/02\/BAU-NOVO-COM-400-300x218.jpg\"><img loading=\"lazy\" class=\"aligncenter size-medium wp-image-123540\" src=\"https:\/\/www.r2cpress.com.br\/v1\/wp-content\/uploads\/2021\/02\/BAU-NOVO-COM-400-300x218-300x218.jpg\" alt=\"\" width=\"300\" height=\"218\" \/><\/a><\/p>\n<p style=\"text-align: center;\"><strong>1) 66 ANOS DE JOS\u00c9 LEITE EM ILH\u00c9US. <\/strong><\/p>\n<p style=\"text-align: center;\"><strong>2) FOTOS COM MAIS DE 30 ANOS. <\/strong><\/p>\n<p style=\"text-align: center;\"><strong>3) AS FOTOS DESTAQUES DA SEMANA. <\/strong><!--more--><\/p>\n<p style=\"text-align: center;\"><strong>1) 66 ANOS DE JOS\u00c9 LEITE EM ILH\u00c9US.<a href=\"https:\/\/www.r2cpress.com.br\/v1\/wp-content\/uploads\/2026\/05\/1000739360.jpg\"><img loading=\"lazy\" class=\"aligncenter size-medium wp-image-132243\" src=\"https:\/\/www.r2cpress.com.br\/v1\/wp-content\/uploads\/2026\/05\/1000739360-300x136.jpg\" alt=\"\" width=\"300\" height=\"136\" srcset=\"https:\/\/www.r2cpress.com.br\/v1\/wp-content\/uploads\/2026\/05\/1000739360-300x136.jpg 300w, https:\/\/www.r2cpress.com.br\/v1\/wp-content\/uploads\/2026\/05\/1000739360.jpg 600w\" sizes=\"(max-width: 300px) 100vw, 300px\" \/><\/a> <\/strong><\/p>\n<p>Meus amigos de ILH\u00c9US, JUAZEIRO DO NORTE e de todo o BRASIL, gra\u00e7as ao meu BOM DEUS e ao PADRE C\u00cdCERO DO JUAZEIRO e S\u00c3O JORGE DOS ILH\u00c9US, conseguimos chegar em 2026 com SA\u00daDE. Essa coluna \u00e9 a d\u00e9cima sexta edi\u00e7\u00e3o desse ano. Vamos pedir a DEUS que tenhamos um ano de muita sa\u00fade para todos n\u00f3s, o resto, com ajuda do TODO PODEROSO, vamos conseguir.<a href=\"https:\/\/www.r2cpress.com.br\/v1\/wp-content\/uploads\/2026\/05\/1000739361.jpg\"><img loading=\"lazy\" class=\"aligncenter size-medium wp-image-132244\" src=\"https:\/\/www.r2cpress.com.br\/v1\/wp-content\/uploads\/2026\/05\/1000739361-165x300.jpg\" alt=\"\" width=\"165\" height=\"300\" srcset=\"https:\/\/www.r2cpress.com.br\/v1\/wp-content\/uploads\/2026\/05\/1000739361-165x300.jpg 165w, https:\/\/www.r2cpress.com.br\/v1\/wp-content\/uploads\/2026\/05\/1000739361.jpg 330w\" sizes=\"(max-width: 165px) 100vw, 165px\" \/><\/a><\/p>\n<p>Na d\u00e9cada de 1980, JOS\u00c9 LEITE escrevia artigos para diversos Jornais do eixo ILH\u00c9US\/ITABUNA. Leia esse artigo Publicado no JORNAL O CORREIO, edi\u00e7\u00e3o de dezembro de 1983 h\u00e1 43 anos atr\u00e1s. Clique na foto para ampliar.<\/p>\n<p style=\"text-align: center;\"><strong>2) FOTOS COM MAIS DE 30 ANOS.<a href=\"https:\/\/www.r2cpress.com.br\/v1\/wp-content\/uploads\/2026\/05\/1000739362.jpg\"><img loading=\"lazy\" class=\"aligncenter size-medium wp-image-132245\" src=\"https:\/\/www.r2cpress.com.br\/v1\/wp-content\/uploads\/2026\/05\/1000739362-300x236.jpg\" alt=\"\" width=\"300\" height=\"236\" srcset=\"https:\/\/www.r2cpress.com.br\/v1\/wp-content\/uploads\/2026\/05\/1000739362-300x236.jpg 300w, https:\/\/www.r2cpress.com.br\/v1\/wp-content\/uploads\/2026\/05\/1000739362.jpg 600w\" sizes=\"(max-width: 300px) 100vw, 300px\" \/><\/a> <\/strong><\/p>\n<p>Essa foto \u00e9 da A LOJA SAFIRA PRESENTES antes de virar \u00f3tica, clicada 1 ano depois de inaugurada em 1978. Observe como era o quadro de funcion\u00e1rias naquele tempo. Sete atendentes, e ainda est\u00e1 faltando uma, a secret\u00e1ria. \u00d4 tempo bom!<\/p>\n<p>Clique na foto para ampliar.<a href=\"https:\/\/www.r2cpress.com.br\/v1\/wp-content\/uploads\/2026\/05\/1000739363.jpg\"><img loading=\"lazy\" class=\"aligncenter size-medium wp-image-132246\" src=\"https:\/\/www.r2cpress.com.br\/v1\/wp-content\/uploads\/2026\/05\/1000739363-300x227.jpg\" alt=\"\" width=\"300\" height=\"227\" srcset=\"https:\/\/www.r2cpress.com.br\/v1\/wp-content\/uploads\/2026\/05\/1000739363-300x227.jpg 300w, https:\/\/www.r2cpress.com.br\/v1\/wp-content\/uploads\/2026\/05\/1000739363.jpg 600w\" sizes=\"(max-width: 300px) 100vw, 300px\" \/><\/a><\/p>\n<p>Quem se lembra da SEMANA DA FAZENDEIRO? Todo ano era realizado na EMARC na cidade de URU\u00c7UCA. Na foto, a equipe da \u00d3TICA CRUZEIRO com um Stand, fazendo teste visual gr\u00e1tis. Na foto, lado direito: JOS\u00c9 LEITE, lado esquerdo JORGE FERS (pintor), o casal do meio foi contratado para trabalhar no Stand. Foto: Final da d\u00e9cada de 1970. Clique na foto para ampliar.<a href=\"https:\/\/www.r2cpress.com.br\/v1\/wp-content\/uploads\/2026\/05\/1000739364.jpg\"><img loading=\"lazy\" class=\"aligncenter size-medium wp-image-132247\" src=\"https:\/\/www.r2cpress.com.br\/v1\/wp-content\/uploads\/2026\/05\/1000739364-300x214.jpg\" alt=\"\" width=\"300\" height=\"214\" srcset=\"https:\/\/www.r2cpress.com.br\/v1\/wp-content\/uploads\/2026\/05\/1000739364-300x214.jpg 300w, https:\/\/www.r2cpress.com.br\/v1\/wp-content\/uploads\/2026\/05\/1000739364.jpg 600w\" sizes=\"(max-width: 300px) 100vw, 300px\" \/><\/a><\/p>\n<p>Ex. Atiradores do TIRO DE GUERRA DE ILH\u00c9US desfilando em homenagem ao saudoso instrutor, na \u00e9poca, C\u00c1SSIO DUARTE DA SILVEIRA.<\/p>\n<p>Foto: 17\/06\/1984. Clique na foto para ampliar.<a href=\"https:\/\/www.r2cpress.com.br\/v1\/wp-content\/uploads\/2026\/05\/1000739365.jpg\"><img loading=\"lazy\" class=\"aligncenter size-medium wp-image-132248\" src=\"https:\/\/www.r2cpress.com.br\/v1\/wp-content\/uploads\/2026\/05\/1000739365-300x225.jpg\" alt=\"\" width=\"300\" height=\"225\" srcset=\"https:\/\/www.r2cpress.com.br\/v1\/wp-content\/uploads\/2026\/05\/1000739365-300x225.jpg 300w, https:\/\/www.r2cpress.com.br\/v1\/wp-content\/uploads\/2026\/05\/1000739365.jpg 600w\" sizes=\"(max-width: 300px) 100vw, 300px\" \/><\/a><\/p>\n<p>Ex. Atiradores da turma de 1964 (somente JONGA, o de \u00f3culos escuros ao lado de JOS\u00c9 LEITE, era de outra Turma), lado esquerdo, o saudoso PADRE, tamb\u00e9m jogador de futebol. No lado direito, ao lado de JOS\u00c9 LEITE, o famoso Z\u00c9 PRETINHO, que tamb\u00e9m foi Vereador. Foto: 17-06-1984. Clique na foto para ampliar.<\/p>\n<p style=\"text-align: center;\"><strong>3) AS FOTOS DESTAQUES DA SEMANA.<a href=\"https:\/\/www.r2cpress.com.br\/v1\/wp-content\/uploads\/2026\/05\/1000739366.jpg\"><img loading=\"lazy\" class=\"aligncenter size-medium wp-image-132250\" src=\"https:\/\/www.r2cpress.com.br\/v1\/wp-content\/uploads\/2026\/05\/1000739366-300x161.jpg\" alt=\"\" width=\"300\" height=\"161\" srcset=\"https:\/\/www.r2cpress.com.br\/v1\/wp-content\/uploads\/2026\/05\/1000739366-300x161.jpg 300w, https:\/\/www.r2cpress.com.br\/v1\/wp-content\/uploads\/2026\/05\/1000739366.jpg 600w\" sizes=\"(max-width: 300px) 100vw, 300px\" \/><\/a> <\/strong><\/p>\n<p>O Grupo dos RM (ROLA MURCHA) est\u00e1 de luto. Est\u00e1 faltando um dos seus mais ass\u00edduos frequentadores. DESCANSE EM PAZ MEU CORONEL!<\/p>\n<p>Foto: 25-04-2026. Clique na foto para ampliar.<a href=\"https:\/\/www.r2cpress.com.br\/v1\/wp-content\/uploads\/2026\/05\/1000739367.jpg\"><img loading=\"lazy\" class=\"aligncenter size-medium wp-image-132251\" src=\"https:\/\/www.r2cpress.com.br\/v1\/wp-content\/uploads\/2026\/05\/1000739367-300x162.jpg\" alt=\"\" width=\"300\" height=\"162\" srcset=\"https:\/\/www.r2cpress.com.br\/v1\/wp-content\/uploads\/2026\/05\/1000739367-300x162.jpg 300w, https:\/\/www.r2cpress.com.br\/v1\/wp-content\/uploads\/2026\/05\/1000739367.jpg 600w\" sizes=\"(max-width: 300px) 100vw, 300px\" \/><\/a><\/p>\n<p>DEUS \u00c9 BOM DEMAIS COM JOS\u00c9 LEITE!<\/p>\n<p>Observe onde ele vai passar o Final de Semana! Nessa bela praia no bairro S\u00e3o Miguel. Venha voc\u00ea tamb\u00e9m! Foto clicada na quarta-feira (29-04-2026). Clique na foto para ampliar.<a href=\"https:\/\/www.r2cpress.com.br\/v1\/wp-content\/uploads\/2026\/05\/1000739368.jpg\"><img loading=\"lazy\" class=\"aligncenter size-medium wp-image-132252\" src=\"https:\/\/www.r2cpress.com.br\/v1\/wp-content\/uploads\/2026\/05\/1000739368-193x300.jpg\" alt=\"\" width=\"193\" height=\"300\" srcset=\"https:\/\/www.r2cpress.com.br\/v1\/wp-content\/uploads\/2026\/05\/1000739368-193x300.jpg 193w, https:\/\/www.r2cpress.com.br\/v1\/wp-content\/uploads\/2026\/05\/1000739368.jpg 385w\" sizes=\"(max-width: 193px) 100vw, 193px\" \/><\/a><\/p>\n<p>Na \u00faltima ter\u00e7a-feira (28-04-2026) JOS\u00c9 LEITE fez uma visita ao Quartel da nova Base do EX\u00c9RCITO BRASILEIRO (antiga 18\u00aa CSM) em ILH\u00c9US. JOS\u00c9 LEITE foi muito bem recebido pelo novo Comandante Ten. Cel. OLIVEIRA. Um dos assuntos principais foi o retorno do TIRO DE GUERRA para a cidade de ILH\u00c9US. JOS\u00c9 LEITE achou o Cel. OLIVEIRA muito bem preparado e entusiasmado. Nessa sexta-feira (30-04-2026) tinha uma audi\u00eancia marcada com o Prefeito VALDERICO J\u00daNIOR, para tratar desse assunto. SEJA BEM-VINDO A ILH\u00c9US, ILUSTRE Cel. OLIVEIRA! Na foto, JOS\u00c9 LEITE presenteando um livro de sua biografia para o Coronel! Clique na foto para ampliar.<a href=\"https:\/\/www.r2cpress.com.br\/v1\/wp-content\/uploads\/2026\/05\/1000739369.jpg\"><img loading=\"lazy\" class=\"aligncenter size-medium wp-image-132253\" src=\"https:\/\/www.r2cpress.com.br\/v1\/wp-content\/uploads\/2026\/05\/1000739369-175x300.jpg\" alt=\"\" width=\"175\" height=\"300\" srcset=\"https:\/\/www.r2cpress.com.br\/v1\/wp-content\/uploads\/2026\/05\/1000739369-175x300.jpg 175w, https:\/\/www.r2cpress.com.br\/v1\/wp-content\/uploads\/2026\/05\/1000739369.jpg 350w\" sizes=\"(max-width: 175px) 100vw, 175px\" \/><\/a><\/p>\n<p>Com muita alegria recebemos a visita do amigo de v\u00e1rios anos, RICARDO ROCHA. Nossa amizade vem da \u00e9poca do seu Pai. RICARDO ROCHA \u00e9 um dos mais competentes Cirurgi\u00f5es Dentistas da cidade de ILH\u00c9US, principalmente na \u00e1rea de Canais. VOLTE SEMPRE, AMIGO! Foto: 20-04-2026. Clique na foto para ampliar.<a href=\"https:\/\/www.r2cpress.com.br\/v1\/wp-content\/uploads\/2026\/05\/1000739370-1.jpg\"><img loading=\"lazy\" class=\"aligncenter size-medium wp-image-132255\" src=\"https:\/\/www.r2cpress.com.br\/v1\/wp-content\/uploads\/2026\/05\/1000739370-1-300x224.jpg\" alt=\"\" width=\"300\" height=\"224\" srcset=\"https:\/\/www.r2cpress.com.br\/v1\/wp-content\/uploads\/2026\/05\/1000739370-1-300x224.jpg 300w, https:\/\/www.r2cpress.com.br\/v1\/wp-content\/uploads\/2026\/05\/1000739370-1.jpg 600w\" sizes=\"(max-width: 300px) 100vw, 300px\" \/><\/a><\/p>\n<p>Essa vida \u00e9 muito boa, mas nos deixa muita tristeza. Na foto acima, mesa de autoridades na inaugura\u00e7\u00e3o das CABANAS MIRANTE DOS LOJISTAS no ano de 1989. Uma noite de muita alegria. Agora, 37 anos depois, uma tristeza imensa invade o cora\u00e7\u00e3o de JOS\u00c9 LEITE. Da esquerda para direita, Cel. JAMIL RODRIGUES, na \u00e9poca Chefe da 18\u00aa CSM ILH\u00c9US, MOIS\u00c9S BOHANA (Secret\u00e1rio de Ind\u00fastria e Com\u00e9rcio de ILH\u00c9US). De p\u00e9, JOS\u00c9 LEITE (Presidente do CDL de ILH\u00c9US) e atr\u00e1s, o saudoso amigo QUINTO DE SOUZA. Aparece tamb\u00e9m o Cel. CLEBERLITO MENDES ROSA. Os tr\u00eas primeiros agora morando no REINO DA GL\u00d3RIA! Clique na foto para ampliar.<a href=\"https:\/\/www.r2cpress.com.br\/v1\/wp-content\/uploads\/2026\/05\/1000739371.jpg\"><img loading=\"lazy\" class=\"aligncenter size-medium wp-image-132256\" src=\"https:\/\/www.r2cpress.com.br\/v1\/wp-content\/uploads\/2026\/05\/1000739371-300x217.jpg\" alt=\"\" width=\"300\" height=\"217\" srcset=\"https:\/\/www.r2cpress.com.br\/v1\/wp-content\/uploads\/2026\/05\/1000739371-300x217.jpg 300w, https:\/\/www.r2cpress.com.br\/v1\/wp-content\/uploads\/2026\/05\/1000739371.jpg 600w\" sizes=\"(max-width: 300px) 100vw, 300px\" \/><\/a><\/p>\n<p>JOS\u00c9 LEITE e QUINTO DE SOUZA.<\/p>\n<p>QUINTO DE SOUZA e JOS\u00c9 LEITE, amizade n\u00e3o se acaba nem na TERRA, nem no C\u00c9U! Foto de 20 anos atr\u00e1s. Clique na foto para ampliar.<a href=\"https:\/\/www.r2cpress.com.br\/v1\/wp-content\/uploads\/2026\/05\/1000739372.jpg\"><img loading=\"lazy\" class=\"aligncenter size-medium wp-image-132257\" src=\"https:\/\/www.r2cpress.com.br\/v1\/wp-content\/uploads\/2026\/05\/1000739372-300x240.jpg\" alt=\"\" width=\"300\" height=\"240\" srcset=\"https:\/\/www.r2cpress.com.br\/v1\/wp-content\/uploads\/2026\/05\/1000739372-300x240.jpg 300w, https:\/\/www.r2cpress.com.br\/v1\/wp-content\/uploads\/2026\/05\/1000739372.jpg 600w\" sizes=\"(max-width: 300px) 100vw, 300px\" \/><\/a><\/p>\n<p>No pr\u00f3ximo de 5 de maio, a ACADEMIA DE LETRAS DE ILH\u00c9US (ALI), atrav\u00e9s do seu Presidente JOSEVANDRO NASCIMENTO, far\u00e1 uma homenagem Especial ao Professor MILTON SANTOS (In Memoriam) que nesse mesmo dia faria 100 anos se vivo estivesse. O Professor MILTON SANTOS ensinou no IME de ILH\u00c9US e se destacou como um dos melhores Ge\u00f3grafos do BRASIL e respeitado em diversos Pa\u00edses do mundo. MILTON SANTOS pertencia a ACADEMIA DE LETRAS DE ILH\u00c9US. Clique na foto para ampliar.<a href=\"https:\/\/www.r2cpress.com.br\/v1\/wp-content\/uploads\/2026\/05\/1000739373.jpg\"><img loading=\"lazy\" class=\"aligncenter size-medium wp-image-132258\" src=\"https:\/\/www.r2cpress.com.br\/v1\/wp-content\/uploads\/2026\/05\/1000739373-196x300.jpg\" alt=\"\" width=\"196\" height=\"300\" srcset=\"https:\/\/www.r2cpress.com.br\/v1\/wp-content\/uploads\/2026\/05\/1000739373-196x300.jpg 196w, https:\/\/www.r2cpress.com.br\/v1\/wp-content\/uploads\/2026\/05\/1000739373.jpg 337w\" sizes=\"(max-width: 196px) 100vw, 196px\" \/><\/a><\/p>\n<p>Nesse primeiro de maio (DIA DO TRABALHADOR), quem aniversaria \u00e9 o nosso amigo Dr. PAULO JORGE (M\u00e9dico Center). Parab\u00e9ns Comendador! DEUS te aben\u00e7oe sempre! Clique na foto para ampliar.<a href=\"https:\/\/www.r2cpress.com.br\/v1\/wp-content\/uploads\/2026\/05\/1000739374.jpg\"><img loading=\"lazy\" class=\"aligncenter size-medium wp-image-132259\" src=\"https:\/\/www.r2cpress.com.br\/v1\/wp-content\/uploads\/2026\/05\/1000739374-300x267.jpg\" alt=\"\" width=\"300\" height=\"267\" srcset=\"https:\/\/www.r2cpress.com.br\/v1\/wp-content\/uploads\/2026\/05\/1000739374-300x267.jpg 300w, https:\/\/www.r2cpress.com.br\/v1\/wp-content\/uploads\/2026\/05\/1000739374.jpg 576w\" sizes=\"(max-width: 300px) 100vw, 300px\" \/><\/a><\/p>\n<p>H\u00e1 mais de 100 anos, o ilustre brasileiro j\u00e1 falava&#8230;<\/p>\n<p>E falando em RUI BARBOSA, o Pedestal na Pra\u00e7a que tem o seu nome, continua sem o BUSTO. At\u00e9 quando? DEUS \u00e9 quem sabe!<\/p>\n<p>Clique na foto para ampliar.<\/p>\n<p style=\"text-align: center;\"><strong>E NO MAIS&#8230;<a href=\"https:\/\/www.r2cpress.com.br\/v1\/wp-content\/uploads\/2026\/05\/1000739375.jpg\"><img loading=\"lazy\" class=\"aligncenter size-medium wp-image-132260\" src=\"https:\/\/www.r2cpress.com.br\/v1\/wp-content\/uploads\/2026\/05\/1000739375-247x300.jpg\" alt=\"\" width=\"247\" height=\"300\" srcset=\"https:\/\/www.r2cpress.com.br\/v1\/wp-content\/uploads\/2026\/05\/1000739375-247x300.jpg 247w, https:\/\/www.r2cpress.com.br\/v1\/wp-content\/uploads\/2026\/05\/1000739375.jpg 494w\" sizes=\"(max-width: 247px) 100vw, 247px\" \/><\/a> <\/strong><\/p>\n<p>JOS\u00c9 LEITE preparando as TURBINAS para mais um final de semana prolongado.<\/p>\n<p>E QUE VENHA MAIS! Clique na foto para ampliar.<\/p>\n<p style=\"text-align: center;\"><strong>PARA CONFERIR O BA\u00da ANTERIOR CLIQUE <a href=\"https:\/\/www.r2cpress.com.br\/v1\/2026\/04\/23\/do-fundo-do-bau-de-jose-leite-664\/\">AQUI<\/a>\u00a0<\/strong><\/p>\n<p>Texto e fotos: Jos\u00e9 Leite de Souza.<\/p>\n<p>jleitesouza@hotmail.com<\/p>\n<p>(73) 3634-3134.<\/p>\n<p>&nbsp;<\/p>\n<p>&nbsp;<\/p>\n<p>&nbsp;<\/p>\n<p>&nbsp;<\/p>\n<p>&nbsp;<\/p>\n<p>&nbsp;<\/p>\n<p>&nbsp;<\/p>\n<p>&nbsp;<\/p>\n<p>&nbsp;<\/p>\n<p>&nbsp;<\/p>\n<p>&nbsp;<\/p>\n<p>&nbsp;<\/p>\n<p>&nbsp;<\/p>\n<p>&nbsp;<\/p>\n<p>&nbsp;<\/p>\n<p>&nbsp;<\/p>\n<p>&nbsp;<\/p>\n<p>&nbsp;<\/p>\n<p>&nbsp;<\/p>\n<p>&nbsp;<\/p>\n<p>&nbsp;<\/p>\n<p>&nbsp;<\/p>\n<p>&nbsp;<\/p>\n<p>&nbsp;<\/p>\n<p>&nbsp;<\/p>\n<p>&nbsp;<\/p>\n<p>&nbsp;<\/p>\n<p>&nbsp;<\/p>\n<p>&nbsp;<\/p>\n<p>&nbsp;<\/p>\n<p>&nbsp;<\/p>\n<p>&nbsp;<\/p>\n<p>&nbsp;<\/p>\n<p>&nbsp;<\/p>\n<p>&nbsp;<\/p>\n<p>&nbsp;<\/p>\n<p>&nbsp;<\/p>\n<p>&nbsp;<\/p>\n<p>&nbsp;<\/p>\n<p>&nbsp;<\/p>\n<p>&nbsp;<\/p>\n<p>&nbsp;<\/p>\n<p>&nbsp;<\/p>\n<p>&nbsp;<\/p>\n<p>&nbsp;<\/p>\n<p>&nbsp;<\/p>\n<p>&nbsp;<\/p>\n<p>&nbsp;<\/p>\n<p>&nbsp;<\/p>\n<p>&nbsp;<\/p>\n<p>&nbsp;<\/p>\n<p>&nbsp;<\/p>\n<p>&nbsp;<\/p>\n<p>&nbsp;<\/p>\n<p>&nbsp;<\/p>\n<p>&nbsp;<\/p>\n<p>&nbsp;<\/p>\n<p>&nbsp;<\/p>\n<p>&nbsp;<\/p>\n<p>&nbsp;<\/p>\n<p>&nbsp;<\/p>\n<p>&nbsp;<\/p>\n<p>&nbsp;<\/p>\n<p>&nbsp;<\/p>\n<p>&nbsp;<\/p>\n<p>&nbsp;<\/p>\n<p>&nbsp;<\/p>\n<p>&nbsp;<\/p>\n<p>&nbsp;<\/p>\n","protected":false},"excerpt":{"rendered":"<p>1) 66 ANOS DE JOS\u00c9 LEITE EM ILH\u00c9US. 2) FOTOS COM MAIS DE 30 ANOS. 3) AS FOTOS DESTAQUES DA SEMANA.<\/p>\n","protected":false},"author":2,"featured_media":123540,"comment_status":"open","ping_status":"open","sticky":false,"template":"","format":"standard","meta":{"_links_to":"","_links_to_target":""},"categories":[1],"tags":[],"_links":{"self":[{"href":"https:\/\/www.r2cpress.com.br\/v1\/wp-json\/wp\/v2\/posts\/132242"}],"collection":[{"href":"https:\/\/www.r2cpress.com.br\/v1\/wp-json\/wp\/v2\/posts"}],"about":[{"href":"https:\/\/www.r2cpress.com.br\/v1\/wp-json\/wp\/v2\/types\/post"}],"author":[{"embeddable":true,"href":"https:\/\/www.r2cpress.com.br\/v1\/wp-json\/wp\/v2\/users\/2"}],"replies":[{"embeddable":true,"href":"https:\/\/www.r2cpress.com.br\/v1\/wp-json\/wp\/v2\/comments?post=132242"}],"version-history":[{"count":1,"href":"https:\/\/www.r2cpress.com.br\/v1\/wp-json\/wp\/v2\/posts\/132242\/revisions"}],"predecessor-version":[{"id":132261,"href":"https:\/\/www.r2cpress.com.br\/v1\/wp-json\/wp\/v2\/posts\/132242\/revisions\/132261"}],"wp:featuredmedia":[{"embeddable":true,"href":"https:\/\/www.r2cpress.com.br\/v1\/wp-json\/wp\/v2\/media\/123540"}],"wp:attachment":[{"href":"https:\/\/www.r2cpress.com.br\/v1\/wp-json\/wp\/v2\/media?parent=132242"}],"wp:term":[{"taxonomy":"category","embeddable":true,"href":"https:\/\/www.r2cpress.com.br\/v1\/wp-json\/wp\/v2\/categories?post=132242"},{"taxonomy":"post_tag","embeddable":true,"href":"https:\/\/www.r2cpress.com.br\/v1\/wp-json\/wp\/v2\/tags?post=132242"}],"curies":[{"name":"wp","href":"https:\/\/api.w.org\/{rel}","templated":true}]}}