{"id":132795,"date":"2026-09-04T17:48:26","date_gmt":"2026-09-04T20:48:26","guid":{"rendered":"https:\/\/www.r2cpress.com.br\/v1\/?p=132795"},"modified":"2026-09-04T17:48:26","modified_gmt":"2026-09-04T20:48:26","slug":"hemoba-divulga-calendario-de-coleta-externa-de-sangue-para-setembro","status":"publish","type":"post","link":"https:\/\/www.r2cpress.com.br\/v1\/2026\/09\/04\/hemoba-divulga-calendario-de-coleta-externa-de-sangue-para-setembro\/","title":{"rendered":"Hemoba divulga calend\u00e1rio de coleta externa de sangue para setembro"},"content":{"rendered":"<p><a href=\"https:\/\/www.r2cpress.com.br\/v1\/wp-content\/uploads\/2016\/05\/CORDEL_SANGUE.jpg\"><img loading=\"lazy\" class=\"aligncenter size-full wp-image-101177\" src=\"https:\/\/www.r2cpress.com.br\/v1\/wp-content\/uploads\/2016\/05\/CORDEL_SANGUE.jpg\" alt=\"\" width=\"300\" height=\"200\" \/><\/a>A programa\u00e7\u00e3o da coleta externa de sangue e do cadastro de doadores de medula \u00f3ssea pela Hemoba, para a Regi\u00e3o Metropolitana de Salvador, j\u00e1 est\u00e1 definida. Por meio da unidade m\u00f3vel de coleta (hem\u00f3vel), a Funda\u00e7\u00e3o estar\u00e1 presente em locais de grande circula\u00e7\u00e3o de pessoas, como shoppings, faculdades, esta\u00e7\u00e3o de transbordo e institui\u00e7\u00f5es p\u00fablicas e privadas, facilitando o acesso da popula\u00e7\u00e3o \u00e0 doa\u00e7\u00e3o volunt\u00e1ria de sangue e contribuindo para a manuten\u00e7\u00e3o dos estoques.<\/p>\n<p>Nos dias 01, 18, 26 e 28 de setembro, o hem\u00f3vel estar\u00e1 no Salvador Shopping. Nos dias 2 e 3 de setembro, na Unidompedro, em Patamares. Em 04 e 05\/09, na Casa de Provis\u00e3o, em Dias D\u2019\u00c1vila. De 8 a 11 de setembro, no Salvador Norte Shopping. No dia 12 de setembro, a a\u00e7\u00e3o acontece na Unijorge, na Avenida Paralela. A programa\u00e7\u00e3o continua no dia 14 de setembro, na Esta\u00e7\u00e3o da Lapa. Entre os dias 15 e 17, a coleta ser\u00e1 no Tribunal de Contas do Estado da Bahia (TCE).<\/p>\n<p>Nos dias 21 e 22 de setembro, estar\u00e1 no Grau T\u00e9cnico Plataforma. Nos dias 23 a 25, na Clinica de Refer\u00eancia \u00e1 Sa\u00fade da Mulher, em S\u00e3o Francisco do Conde. Encerrando o calend\u00e1rio no m\u00eas, a unidade m\u00f3vel realizar\u00e1 a coleta nos dias 29 e 30 de setembro, na Neoenergia, em Narandiba. O atendimento ocorre sempre das 8h \u00e0s 17h.<\/p>\n<p>A unidade m\u00f3vel \u00e9 um \u00f4nibus totalmente adaptado, com estrutura semelhante \u00e0 de uma unidade fixa da Hemoba. Disp\u00f5e de triagem cl\u00ednica, sala climatizada com quatro cadeiras para coleta de sangue, mobili\u00e1rio e equipamentos espec\u00edficos, al\u00e9m de uma equipe multidisciplinar formada por 12 profissionais.<\/p>\n<p>Crit\u00e9rios para doa\u00e7\u00e3o \u2013 Para doar sangue, \u00e9 necess\u00e1rio estar em boas condi\u00e7\u00f5es de sa\u00fade, pesar mais de 50 kg e ter entre 16 e 69 anos. Menores de 18 anos devem estar acompanhados dos pais ou do respons\u00e1vel legal, enquanto pessoas com mais de 60 anos somente podem doar caso j\u00e1 tenham realizado doa\u00e7\u00f5es anteriormente. No dia da doa\u00e7\u00e3o, o volunt\u00e1rio n\u00e3o deve estar em jejum nem ter ingerido bebida alco\u00f3lica nas 12 horas anteriores. Tamb\u00e9m \u00e9 recomendado n\u00e3o fumar por pelo menos duas horas antes do procedimento, ter dormido, no m\u00ednimo, seis horas na noite anterior e evitar alimentos gordurosos nas quatro horas que antecedem a doa\u00e7\u00e3o. \u00c9 obrigat\u00f3ria a apresenta\u00e7\u00e3o de documento oficial com foto, v\u00e1lido em todo o territ\u00f3rio nacional.<!--more--><\/p>\n<p>Cadastro de medula \u00f3ssea &#8211; O cadastro de medula \u00f3ssea pode ser feito em todos os postos de coleta da Hemoba, na capital e no interior, com a coleta de uma amostra de 5ml de sangue. Para se tornar um doador, \u00e9 necess\u00e1rio ter entre 18 e 35 anos de idade, estar em bom estado geral de sa\u00fade, n\u00e3o possuir doen\u00e7a infecciosa ou incapacitante e n\u00e3o apresentar doen\u00e7a neopl\u00e1sica (c\u00e2ncer), hematol\u00f3gica (do sangue) ou do sistema imunol\u00f3gico. Os dados pessoais e os resultados dos testes ser\u00e3o armazenados no REDOME (Registro Nacional de Doadores de Medula \u00d3ssea), coordenado pelo Instituto Nacional de C\u00e2ncer (INCA).<\/p>\n","protected":false},"excerpt":{"rendered":"<p>A programa\u00e7\u00e3o da coleta externa de sangue e do cadastro de doadores de medula \u00f3ssea pela Hemoba, para a Regi\u00e3o Metropolitana de Salvador, j\u00e1 est\u00e1 definida. Por meio da unidade m\u00f3vel de coleta (hem\u00f3vel), a Funda\u00e7\u00e3o estar\u00e1 presente em locais de grande circula\u00e7\u00e3o de pessoas, como shoppings, faculdades, esta\u00e7\u00e3o de transbordo e institui\u00e7\u00f5es p\u00fablicas e [&hellip;]<\/p>\n","protected":false},"author":2,"featured_media":101177,"comment_status":"open","ping_status":"open","sticky":false,"template":"","format":"standard","meta":{"_links_to":"","_links_to_target":""},"categories":[1],"tags":[],"_links":{"self":[{"href":"https:\/\/www.r2cpress.com.br\/v1\/wp-json\/wp\/v2\/posts\/132795"}],"collection":[{"href":"https:\/\/www.r2cpress.com.br\/v1\/wp-json\/wp\/v2\/posts"}],"about":[{"href":"https:\/\/www.r2cpress.com.br\/v1\/wp-json\/wp\/v2\/types\/post"}],"author":[{"embeddable":true,"href":"https:\/\/www.r2cpress.com.br\/v1\/wp-json\/wp\/v2\/users\/2"}],"replies":[{"embeddable":true,"href":"https:\/\/www.r2cpress.com.br\/v1\/wp-json\/wp\/v2\/comments?post=132795"}],"version-history":[{"count":1,"href":"https:\/\/www.r2cpress.com.br\/v1\/wp-json\/wp\/v2\/posts\/132795\/revisions"}],"predecessor-version":[{"id":132796,"href":"https:\/\/www.r2cpress.com.br\/v1\/wp-json\/wp\/v2\/posts\/132795\/revisions\/132796"}],"wp:featuredmedia":[{"embeddable":true,"href":"https:\/\/www.r2cpress.com.br\/v1\/wp-json\/wp\/v2\/media\/101177"}],"wp:attachment":[{"href":"https:\/\/www.r2cpress.com.br\/v1\/wp-json\/wp\/v2\/media?parent=132795"}],"wp:term":[{"taxonomy":"category","embeddable":true,"href":"https:\/\/www.r2cpress.com.br\/v1\/wp-json\/wp\/v2\/categories?post=132795"},{"taxonomy":"post_tag","embeddable":true,"href":"https:\/\/www.r2cpress.com.br\/v1\/wp-json\/wp\/v2\/tags?post=132795"}],"curies":[{"name":"wp","href":"https:\/\/api.w.org\/{rel}","templated":true}]}}