{"id":132797,"date":"2026-09-04T17:50:58","date_gmt":"2026-09-04T20:50:58","guid":{"rendered":"https:\/\/www.r2cpress.com.br\/v1\/?p=132797"},"modified":"2026-09-04T17:50:59","modified_gmt":"2026-09-04T20:50:59","slug":"feira-saude-mais-perto-oferta-consultas-e-exames-na-policlinica-de-escada-nesta-quinta-3-e-sexta-feira-4","status":"publish","type":"post","link":"https:\/\/www.r2cpress.com.br\/v1\/2026\/09\/04\/feira-saude-mais-perto-oferta-consultas-e-exames-na-policlinica-de-escada-nesta-quinta-3-e-sexta-feira-4\/","title":{"rendered":"Feira Sa\u00fade Mais Perto oferta consultas e exames na Policl\u00ednica de Escada nesta quinta (3) e sexta-feira (4)"},"content":{"rendered":"<div id=\"attachment_106326\" style=\"width: 310px\" class=\"wp-caption aligncenter\"><a href=\"https:\/\/www.r2cpress.com.br\/v1\/wp-content\/uploads\/2017\/01\/Foto-Carol-Garcia_GOVBA2.jpg\"><img aria-describedby=\"caption-attachment-106326\" loading=\"lazy\" class=\"size-medium wp-image-106326\" src=\"https:\/\/www.r2cpress.com.br\/v1\/wp-content\/uploads\/2017\/01\/Foto-Carol-Garcia_GOVBA2-300x200.jpg\" alt=\"\" width=\"300\" height=\"200\" srcset=\"https:\/\/www.r2cpress.com.br\/v1\/wp-content\/uploads\/2017\/01\/Foto-Carol-Garcia_GOVBA2-300x200.jpg 300w, https:\/\/www.r2cpress.com.br\/v1\/wp-content\/uploads\/2017\/01\/Foto-Carol-Garcia_GOVBA2.jpg 310w\" sizes=\"(max-width: 300px) 100vw, 300px\" \/><\/a><p id=\"caption-attachment-106326\" class=\"wp-caption-text\">Foto Carol Garcia_GOVBA2<\/p><\/div>\n<p>A Feira Sa\u00fade Mais Perto, iniciativa da Secretaria da Sa\u00fade do Estado (Sesab) em parceria com as Volunt\u00e1rias Sociais da Bahia, chega ao Sub\u00farbio de Salvador nesta quinta (3) e sexta-feira (4), com a oferta de consultas e exames, na Policl\u00ednica de Escada.<\/p>\n<p>Realizada das 8h \u00e0s 16h, a a\u00e7\u00e3o inclui exames como eletrocardiograma (ECG), preventivo, coleta laboratorial e ultrassonografia (Abd\u00f4men Total, Tireoide, Transvaginal, Vias Urin\u00e1rias, Regi\u00e3o P\u00e9lvica, Pr\u00f3stata via abdominal e Bolsa escrotal), al\u00e9m de cirurgias de mamoplastia redutora n\u00e3o est\u00e9tica para pacientes j\u00e1 agendadas atrav\u00e9s do Sistema Lista \u00danica e pelo Sesab Atende da regi\u00e3o de sa\u00fade de Salvador e consultas com ginecologista.<\/p>\n<p>Para ter acesso aos servi\u00e7os de sa\u00fade \u00e9 necess\u00e1rio apresentar CPF, RG, Cart\u00e3o do SUS e solicita\u00e7\u00e3o m\u00e9dica.<\/p>\n","protected":false},"excerpt":{"rendered":"<p>A Feira Sa\u00fade Mais Perto, iniciativa da Secretaria da Sa\u00fade do Estado (Sesab) em parceria com as Volunt\u00e1rias Sociais da Bahia, chega ao Sub\u00farbio de Salvador nesta quinta (3) e sexta-feira (4), com a oferta de consultas e exames, na Policl\u00ednica de Escada. Realizada das 8h \u00e0s 16h, a a\u00e7\u00e3o inclui exames como eletrocardiograma (ECG), [&hellip;]<\/p>\n","protected":false},"author":2,"featured_media":106326,"comment_status":"open","ping_status":"open","sticky":false,"template":"","format":"standard","meta":{"_links_to":"","_links_to_target":""},"categories":[1],"tags":[],"_links":{"self":[{"href":"https:\/\/www.r2cpress.com.br\/v1\/wp-json\/wp\/v2\/posts\/132797"}],"collection":[{"href":"https:\/\/www.r2cpress.com.br\/v1\/wp-json\/wp\/v2\/posts"}],"about":[{"href":"https:\/\/www.r2cpress.com.br\/v1\/wp-json\/wp\/v2\/types\/post"}],"author":[{"embeddable":true,"href":"https:\/\/www.r2cpress.com.br\/v1\/wp-json\/wp\/v2\/users\/2"}],"replies":[{"embeddable":true,"href":"https:\/\/www.r2cpress.com.br\/v1\/wp-json\/wp\/v2\/comments?post=132797"}],"version-history":[{"count":1,"href":"https:\/\/www.r2cpress.com.br\/v1\/wp-json\/wp\/v2\/posts\/132797\/revisions"}],"predecessor-version":[{"id":132798,"href":"https:\/\/www.r2cpress.com.br\/v1\/wp-json\/wp\/v2\/posts\/132797\/revisions\/132798"}],"wp:featuredmedia":[{"embeddable":true,"href":"https:\/\/www.r2cpress.com.br\/v1\/wp-json\/wp\/v2\/media\/106326"}],"wp:attachment":[{"href":"https:\/\/www.r2cpress.com.br\/v1\/wp-json\/wp\/v2\/media?parent=132797"}],"wp:term":[{"taxonomy":"category","embeddable":true,"href":"https:\/\/www.r2cpress.com.br\/v1\/wp-json\/wp\/v2\/categories?post=132797"},{"taxonomy":"post_tag","embeddable":true,"href":"https:\/\/www.r2cpress.com.br\/v1\/wp-json\/wp\/v2\/tags?post=132797"}],"curies":[{"name":"wp","href":"https:\/\/api.w.org\/{rel}","templated":true}]}}