{"id":132801,"date":"2026-09-04T17:59:58","date_gmt":"2026-09-04T20:59:58","guid":{"rendered":"https:\/\/www.r2cpress.com.br\/v1\/?p=132801"},"modified":"2026-09-04T17:59:58","modified_gmt":"2026-09-04T20:59:58","slug":"reforma-tributaria-e-protecao-patrimonial-pautam-encontro-promovido-pelo-cieb-e-fieb","status":"publish","type":"post","link":"https:\/\/www.r2cpress.com.br\/v1\/2026\/09\/04\/reforma-tributaria-e-protecao-patrimonial-pautam-encontro-promovido-pelo-cieb-e-fieb\/","title":{"rendered":"Reforma tribut\u00e1ria e prote\u00e7\u00e3o patrimonial pautam encontro promovido pelo CIEB e FIEB"},"content":{"rendered":"<p><a href=\"https:\/\/www.r2cpress.com.br\/v1\/wp-content\/uploads\/2023\/07\/Screenshot_2023-07-21-19-38-22-277_com.google.android.googlequicksearchbox-edit.jpg\"><img loading=\"lazy\" class=\"aligncenter size-medium wp-image-127548\" src=\"https:\/\/www.r2cpress.com.br\/v1\/wp-content\/uploads\/2023\/07\/Screenshot_2023-07-21-19-38-22-277_com.google.android.googlequicksearchbox-edit-300x153.jpg\" alt=\"\" width=\"300\" height=\"153\" srcset=\"https:\/\/www.r2cpress.com.br\/v1\/wp-content\/uploads\/2023\/07\/Screenshot_2023-07-21-19-38-22-277_com.google.android.googlequicksearchbox-edit-300x153.jpg 300w, https:\/\/www.r2cpress.com.br\/v1\/wp-content\/uploads\/2023\/07\/Screenshot_2023-07-21-19-38-22-277_com.google.android.googlequicksearchbox-edit.jpg 600w\" sizes=\"(max-width: 300px) 100vw, 300px\" \/><\/a>Empres\u00e1rios, investidores e especialistas participaram, nesta ter\u00e7a-feira (1\u00ba), de um encontro promovido pelo Centro das Ind\u00fastrias do Estado da Bahia (CIEB), em parceria com a Federa\u00e7\u00e3o das Ind\u00fastrias do Estado da Bahia (FIEB), por meio do Invest Hub, para discutir os impactos da Reforma Tribut\u00e1ria na prote\u00e7\u00e3o patrimonial, na sucess\u00e3o familiar e na continuidade dos neg\u00f3cios.<\/p>\n<p>O evento reuniu especialistas das \u00e1reas jur\u00eddica, tribut\u00e1ria e de seguridade para apresentar os desafios e as oportunidades trazidos pelas novas regras, especialmente para empresas familiares, que representam parcela significativa do setor produtivo baiano. Na abertura, o presidente do CIEB e da FIEB, Carlos Henrique Passos, destacou o papel da entidade na promo\u00e7\u00e3o do di\u00e1logo entre a ind\u00fastria e a sociedade e refor\u00e7ou a relev\u00e2ncia do tema para a sustentabilidade das organiza\u00e7\u00f5es.<\/p>\n<p>\u201cO papel deste espa\u00e7o \u00e9 formar conex\u00f5es da ind\u00fastria com a sociedade. Temos a oportunidade de realizar essas conex\u00f5es especialmente em rela\u00e7\u00e3o a um tema que \u00e9 importante n\u00e3o apenas por conta da reforma tribut\u00e1ria, mas tamb\u00e9m pelo perfil das nossas empresas, em sua maioria familiares. Falar de sucess\u00e3o familiar e sucess\u00e3o empresarial \u00e9 fundamental para estabelecer a perenidade das organiza\u00e7\u00f5es, permitindo que atravessem gera\u00e7\u00f5es e construam bases s\u00f3lidas de atua\u00e7\u00e3o\u201d, afirmou.<\/p>\n<p>Segundo ele, a elevada mortalidade empresarial no Brasil est\u00e1 relacionada, entre outros fatores, \u00e0 aus\u00eancia de planejamento sucess\u00f3rio adequado, o que torna a discuss\u00e3o ainda mais necess\u00e1ria em um cen\u00e1rio de mudan\u00e7as tribut\u00e1rias.<\/p>\n<p>A head de Seguridade do Grupo MAM, Lis Barreto, ressaltou que a Reforma Tribut\u00e1ria ampliou a aten\u00e7\u00e3o para um assunto que j\u00e1 era considerado estrat\u00e9gico. De acordo com ela, muitos empres\u00e1rios dedicam grande parte de seus esfor\u00e7os ao crescimento dos neg\u00f3cios, mas acabam deixando para depois o planejamento relacionado \u00e0 fam\u00edlia e \u00e0 preserva\u00e7\u00e3o do legado constru\u00eddo ao longo da vida.<\/p>\n<p>\u201cA Reforma trouxe urg\u00eancia para um tema que muitas vezes \u00e9 negligenciado. Na \u00e1rea de seguridade, vemos empres\u00e1rios concentrados no neg\u00f3cio, enquanto quest\u00f5es relacionadas \u00e0 sucess\u00e3o acabam ficando em segundo plano. No entanto, a prote\u00e7\u00e3o da fam\u00edlia e do patrim\u00f4nio n\u00e3o pode ser tratada como uma decis\u00e3o de \u00faltima hora\u201d, observou.<\/p>\n<p>Durante a palestra principal, Rafael Bastos, CEO da MAM Trust &amp; Equity, destacou que a sucess\u00e3o patrimonial \u00e9 um processo inevit\u00e1vel e que o planejamento permite que a transfer\u00eancia de bens ocorra de acordo com a vontade da fam\u00edlia, reduzindo custos e riscos. \u201cA \u00fanica transfer\u00eancia patrimonial obrigat\u00f3ria que existe em nossas vidas \u00e9 a sucess\u00e3o. Ou fazemos da forma que desejamos, ou seguiremos os ritos estabelecidos pelo Estado, que podem ser mais caros e prejudiciais para a preserva\u00e7\u00e3o da riqueza familiar\u201d, afirmou.<!--more--><\/p>\n<p>Ele explicou que o trabalho de planejamento sucess\u00f3rio envolve a integra\u00e7\u00e3o entre fam\u00edlia, patrim\u00f4nio e estrutura de gest\u00e3o empresarial, combinando instrumentos de governan\u00e7a e mecanismos jur\u00eddicos, como testamentos e outras ferramentas de prote\u00e7\u00e3o patrimonial.<\/p>\n<p>Segundo Rafael, os empres\u00e1rios precisar\u00e3o revisar suas estrat\u00e9gias patrimoniais diante das mudan\u00e7as que v\u00eam sendo implementadas nos \u00faltimos anos. Ele lembrou que o fen\u00f4meno n\u00e3o \u00e9 exclusivo do Brasil e acompanha uma tend\u00eancia observada em pa\u00edses da Europa e nos Estados Unidos, impulsionada pela transfer\u00eancia de patrim\u00f4nio das gera\u00e7\u00f5es baby boomers para seus herdeiros.<\/p>\n<p>No caso brasileiro, destacou que os dois principais ativos dos empres\u00e1rios costumam ser os neg\u00f3cios e os im\u00f3veis, justamente os segmentos que v\u00eam sendo impactados por uma estrutura tribut\u00e1ria cada vez mais sofisticada e baseada em cruzamento de dados.<\/p>\n<p>Entre os pontos abordados, o especialista chamou aten\u00e7\u00e3o para a cria\u00e7\u00e3o do Cadastro Imobili\u00e1rio Brasileiro (CIB), que servir\u00e1 como refer\u00eancia para a precifica\u00e7\u00e3o dos im\u00f3veis e poder\u00e1 influenciar diretamente a arrecada\u00e7\u00e3o tribut\u00e1ria, as transfer\u00eancias patrimoniais e os processos sucess\u00f3rios a partir dos pr\u00f3ximos anos. \u201cA necessidade agora \u00e9 recalcular o valor dos ativos. Isso ter\u00e1 reflexos no pagamento de tributos, na sucess\u00e3o e na transfer\u00eancia de empresas e participa\u00e7\u00f5es societ\u00e1rias\u201d, explicou.<\/p>\n<p>Durante a apresenta\u00e7\u00e3o, foram discutidos ainda os impactos da precifica\u00e7\u00e3o das cotas societ\u00e1rias, as mudan\u00e7as nas regras do Imposto sobre Transmiss\u00e3o Causa Mortis e Doa\u00e7\u00e3o (ITCMD) e os poss\u00edveis aumentos de custos para processos de sucess\u00e3o patrimonial. O especialista alertou que, em alguns casos, a transfer\u00eancia de patrim\u00f4nio poder\u00e1 se tornar significativamente mais onerosa com a entrada em vigor das novas regras.<\/p>\n<p>Diante desse cen\u00e1rio, o especialista recomendou que fam\u00edlias empres\u00e1rias e investidores iniciem o quanto antes a revis\u00e3o de suas estruturas patrimoniais e de governan\u00e7a, buscando organiza\u00e7\u00e3o societ\u00e1ria, defini\u00e7\u00e3o de regras sucess\u00f3rias e ado\u00e7\u00e3o de mecanismos adequados de prote\u00e7\u00e3o de patrim\u00f4nio.<\/p>\n","protected":false},"excerpt":{"rendered":"<p>Empres\u00e1rios, investidores e especialistas participaram, nesta ter\u00e7a-feira (1\u00ba), de um encontro promovido pelo Centro das Ind\u00fastrias do Estado da Bahia (CIEB), em parceria com a Federa\u00e7\u00e3o das Ind\u00fastrias do Estado da Bahia (FIEB), por meio do Invest Hub, para discutir os impactos da Reforma Tribut\u00e1ria na prote\u00e7\u00e3o patrimonial, na sucess\u00e3o familiar e na continuidade dos [&hellip;]<\/p>\n","protected":false},"author":2,"featured_media":127548,"comment_status":"open","ping_status":"open","sticky":false,"template":"","format":"standard","meta":{"_links_to":"","_links_to_target":""},"categories":[1],"tags":[],"_links":{"self":[{"href":"https:\/\/www.r2cpress.com.br\/v1\/wp-json\/wp\/v2\/posts\/132801"}],"collection":[{"href":"https:\/\/www.r2cpress.com.br\/v1\/wp-json\/wp\/v2\/posts"}],"about":[{"href":"https:\/\/www.r2cpress.com.br\/v1\/wp-json\/wp\/v2\/types\/post"}],"author":[{"embeddable":true,"href":"https:\/\/www.r2cpress.com.br\/v1\/wp-json\/wp\/v2\/users\/2"}],"replies":[{"embeddable":true,"href":"https:\/\/www.r2cpress.com.br\/v1\/wp-json\/wp\/v2\/comments?post=132801"}],"version-history":[{"count":1,"href":"https:\/\/www.r2cpress.com.br\/v1\/wp-json\/wp\/v2\/posts\/132801\/revisions"}],"predecessor-version":[{"id":132802,"href":"https:\/\/www.r2cpress.com.br\/v1\/wp-json\/wp\/v2\/posts\/132801\/revisions\/132802"}],"wp:featuredmedia":[{"embeddable":true,"href":"https:\/\/www.r2cpress.com.br\/v1\/wp-json\/wp\/v2\/media\/127548"}],"wp:attachment":[{"href":"https:\/\/www.r2cpress.com.br\/v1\/wp-json\/wp\/v2\/media?parent=132801"}],"wp:term":[{"taxonomy":"category","embeddable":true,"href":"https:\/\/www.r2cpress.com.br\/v1\/wp-json\/wp\/v2\/categories?post=132801"},{"taxonomy":"post_tag","embeddable":true,"href":"https:\/\/www.r2cpress.com.br\/v1\/wp-json\/wp\/v2\/tags?post=132801"}],"curies":[{"name":"wp","href":"https:\/\/api.w.org\/{rel}","templated":true}]}}