{"id":132803,"date":"2026-09-04T18:13:17","date_gmt":"2026-09-04T21:13:17","guid":{"rendered":"https:\/\/www.r2cpress.com.br\/v1\/?p=132803"},"modified":"2026-09-04T18:13:17","modified_gmt":"2026-09-04T21:13:17","slug":"do-fundo-do-bau-de-jose-leite-683","status":"publish","type":"post","link":"https:\/\/www.r2cpress.com.br\/v1\/2026\/09\/04\/do-fundo-do-bau-de-jose-leite-683\/","title":{"rendered":"DO FUNDO DO BA\u00da DE JOS\u00c9 LEITE."},"content":{"rendered":"<p><a href=\"https:\/\/www.r2cpress.com.br\/v1\/wp-content\/uploads\/2026\/06\/1000828972.jpg\"><img loading=\"lazy\" class=\"aligncenter size-medium wp-image-132488\" src=\"https:\/\/www.r2cpress.com.br\/v1\/wp-content\/uploads\/2026\/06\/1000828972-300x238.jpg\" alt=\"\" width=\"300\" height=\"238\" srcset=\"https:\/\/www.r2cpress.com.br\/v1\/wp-content\/uploads\/2026\/06\/1000828972-300x238.jpg 300w, https:\/\/www.r2cpress.com.br\/v1\/wp-content\/uploads\/2026\/06\/1000828972.jpg 600w\" sizes=\"(max-width: 300px) 100vw, 300px\" \/><\/a><\/p>\n<p style=\"text-align: center;\"><strong>1) 66 ANOS DE JOS\u00c9 LEITE EM ILH\u00c9US.<\/strong><\/p>\n<p style=\"text-align: center;\"><strong>2) PADRE C\u00cdCERO, NA EUROPA (3\u00aa PARTE)<\/strong><\/p>\n<p style=\"text-align: center;\"><strong>3) AS FOTOS DESTAQUES DA SEMANA.<\/strong><!--more--><\/p>\n<p style=\"text-align: center;\"><strong>1) 66 ANOS DE JOS\u00c9 LEITE EM ILH\u00c9US.<a href=\"https:\/\/www.r2cpress.com.br\/v1\/wp-content\/uploads\/2026\/07\/1000857228.jpg\"><img loading=\"lazy\" class=\"aligncenter size-medium wp-image-132541\" src=\"https:\/\/www.r2cpress.com.br\/v1\/wp-content\/uploads\/2026\/07\/1000857228-300x136.jpg\" alt=\"\" width=\"300\" height=\"136\" srcset=\"https:\/\/www.r2cpress.com.br\/v1\/wp-content\/uploads\/2026\/07\/1000857228-300x136.jpg 300w, https:\/\/www.r2cpress.com.br\/v1\/wp-content\/uploads\/2026\/07\/1000857228.jpg 600w\" sizes=\"(max-width: 300px) 100vw, 300px\" \/><\/a><\/strong><\/p>\n<p>Meus amigos de ILH\u00c9US, JUAZEIRO DO NORTE e de todo o BRASIL, gra\u00e7as ao meu BOM DEUS e ao PADRE C\u00cdCERO DO JUAZEIRO e S\u00c3O JORGE DOS ILH\u00c9US, conseguimos chegar em 2026 com SA\u00daDE. Essa coluna \u00e9 a trig\u00e9sima sexta edi\u00e7\u00e3o desse ano. Vamos pedir a DEUS que tenhamos um ano de muita sa\u00fade para todos n\u00f3s, o resto, com ajuda do TODO PODEROSO, vamos conseguir.<a href=\"https:\/\/www.r2cpress.com.br\/v1\/wp-content\/uploads\/2026\/09\/1000981347.jpg\"><img loading=\"lazy\" class=\"aligncenter size-medium wp-image-132804\" src=\"https:\/\/www.r2cpress.com.br\/v1\/wp-content\/uploads\/2026\/09\/1000981347-278x300.jpg\" alt=\"\" width=\"278\" height=\"300\" srcset=\"https:\/\/www.r2cpress.com.br\/v1\/wp-content\/uploads\/2026\/09\/1000981347-278x300.jpg 278w, https:\/\/www.r2cpress.com.br\/v1\/wp-content\/uploads\/2026\/09\/1000981347.jpg 464w\" sizes=\"(max-width: 278px) 100vw, 278px\" \/><\/a><\/p>\n<p>Nesse ano de 2026, JUAZEIRO DO NORTE \u2013 CEAR\u00c1 ultrapassa 307 MIL HABITANTES e refor\u00e7a posi\u00e7\u00e3o como maior cidade do interior do CEAR\u00c1. De acordo com o IBGE, s\u00e3o 307.928 habitantes. Clique na foto para ampliar.<\/p>\n<p style=\"text-align: center;\"><strong>2) PADRE C\u00cdCERO, NA EUROPA (3\u00aa PARTE).<\/strong><\/p>\n<p><a href=\"https:\/\/www.r2cpress.com.br\/v1\/wp-content\/uploads\/2026\/09\/1000981348.jpg\"><img loading=\"lazy\" class=\"aligncenter size-medium wp-image-132805\" src=\"https:\/\/www.r2cpress.com.br\/v1\/wp-content\/uploads\/2026\/09\/1000981348-225x300.jpg\" alt=\"\" width=\"225\" height=\"300\" srcset=\"https:\/\/www.r2cpress.com.br\/v1\/wp-content\/uploads\/2026\/09\/1000981348-225x300.jpg 225w, https:\/\/www.r2cpress.com.br\/v1\/wp-content\/uploads\/2026\/09\/1000981348.jpg 450w\" sizes=\"(max-width: 225px) 100vw, 225px\" \/><\/a><\/p>\n<p>Na ESPANHA, na cidade de SANTIAGO DE COMPOSTELA, PADRE C\u00cdCERO visitou a IGREJA DE SANTA SUSANA. A IGREJA ou CAPELA DE IGREJA DE SANTA SUSANA \u00e9 um Templo CAT\u00d3LICO originalmente constru\u00eddo em estilo rom\u00e2nico no s\u00e9culo XII em SANTIAGO DE COMPOSTELA, GAL\u00cdCIA. Clique na foto para ampliar.<a href=\"https:\/\/www.r2cpress.com.br\/v1\/wp-content\/uploads\/2026\/09\/1000981349.jpg\"><img loading=\"lazy\" class=\"aligncenter size-medium wp-image-132806\" src=\"https:\/\/www.r2cpress.com.br\/v1\/wp-content\/uploads\/2026\/09\/1000981349-225x300.jpg\" alt=\"\" width=\"225\" height=\"300\" srcset=\"https:\/\/www.r2cpress.com.br\/v1\/wp-content\/uploads\/2026\/09\/1000981349-225x300.jpg 225w, https:\/\/www.r2cpress.com.br\/v1\/wp-content\/uploads\/2026\/09\/1000981349.jpg 450w\" sizes=\"(max-width: 225px) 100vw, 225px\" \/><\/a><\/p>\n<p>Ainda em SANTIAGO DE COMPOSTELA, PADRE C\u00cdCERO visitou a principal CATEDRAL, sempre acompanhado da nossa correspondente na EUROPA, MARIA GILV\u00c2NIA. Clique na foto para ampliar.<a href=\"https:\/\/www.r2cpress.com.br\/v1\/wp-content\/uploads\/2026\/09\/1000981350.jpg\"><img loading=\"lazy\" class=\"aligncenter size-medium wp-image-132807\" src=\"https:\/\/www.r2cpress.com.br\/v1\/wp-content\/uploads\/2026\/09\/1000981350-225x300.jpg\" alt=\"\" width=\"225\" height=\"300\" srcset=\"https:\/\/www.r2cpress.com.br\/v1\/wp-content\/uploads\/2026\/09\/1000981350-225x300.jpg 225w, https:\/\/www.r2cpress.com.br\/v1\/wp-content\/uploads\/2026\/09\/1000981350.jpg 450w\" sizes=\"(max-width: 225px) 100vw, 225px\" \/><\/a><\/p>\n<p>A CATEDRAL DE SANTIAGO DE COMPOSTELA \u00e9 um dos maiores Cart\u00f5es Postais do mundo e recebe Romeiros do mundo inteiro para pagar suas Promessas. PADRE C\u00cdCERO ESTEVE L\u00c1! Clique na foto para ampliar.<\/p>\n<p style=\"text-align: center;\"><strong>3) AS FOTOS DESTAQUES DA SEMANA.<a href=\"https:\/\/www.r2cpress.com.br\/v1\/wp-content\/uploads\/2026\/09\/1000981351.jpg\"><img loading=\"lazy\" class=\"aligncenter size-medium wp-image-132808\" src=\"https:\/\/www.r2cpress.com.br\/v1\/wp-content\/uploads\/2026\/09\/1000981351-300x211.jpg\" alt=\"\" width=\"300\" height=\"211\" srcset=\"https:\/\/www.r2cpress.com.br\/v1\/wp-content\/uploads\/2026\/09\/1000981351-300x211.jpg 300w, https:\/\/www.r2cpress.com.br\/v1\/wp-content\/uploads\/2026\/09\/1000981351.jpg 600w\" sizes=\"(max-width: 300px) 100vw, 300px\" \/><\/a><\/strong><\/p>\n<p>Na foto: Da esquerda para direita. Os saudosos ANT\u00d4NIO CARLOS MAGALH\u00c3ES e FERNANDO GOMES, na \u00e9poca Prefeito de ITABUNA, o Presidente FERNANDO HENRIQUE CARDOSO e CESAS BORGES. Na foto: FERNANDO GOMES entregando o DIPLOMA de Cidad\u00e3o Itabunense ao Presidente FERNANDO HENRIQUE CARDOSO. Clique na foto para ampliar.<a href=\"https:\/\/www.r2cpress.com.br\/v1\/wp-content\/uploads\/2026\/09\/1000981352.jpg\"><img loading=\"lazy\" class=\"aligncenter size-medium wp-image-132809\" src=\"https:\/\/www.r2cpress.com.br\/v1\/wp-content\/uploads\/2026\/09\/1000981352-281x300.jpg\" alt=\"\" width=\"281\" height=\"300\" srcset=\"https:\/\/www.r2cpress.com.br\/v1\/wp-content\/uploads\/2026\/09\/1000981352-281x300.jpg 281w, https:\/\/www.r2cpress.com.br\/v1\/wp-content\/uploads\/2026\/09\/1000981352.jpg 561w\" sizes=\"(max-width: 281px) 100vw, 281px\" \/><\/a><\/p>\n<p>Na foto: ALISSON MENDON\u00c7A (com o microfone) e NELSON SIM\u00d5ES, na \u00e9poca, candidato a Prefeito de ILH\u00c9US. Clique na foto para ampliar.<a href=\"https:\/\/www.r2cpress.com.br\/v1\/wp-content\/uploads\/2026\/09\/1000981353.jpg\"><img loading=\"lazy\" class=\"aligncenter size-medium wp-image-132810\" src=\"https:\/\/www.r2cpress.com.br\/v1\/wp-content\/uploads\/2026\/09\/1000981353-300x158.jpg\" alt=\"\" width=\"300\" height=\"158\" srcset=\"https:\/\/www.r2cpress.com.br\/v1\/wp-content\/uploads\/2026\/09\/1000981353-300x158.jpg 300w, https:\/\/www.r2cpress.com.br\/v1\/wp-content\/uploads\/2026\/09\/1000981353.jpg 600w\" sizes=\"(max-width: 300px) 100vw, 300px\" \/><\/a><\/p>\n<p>MAIS UM AMIGO QUE SE VAI.<\/p>\n<p>GUTEMBERG PIRES MACIEL, DESCANSE EM PAZ, QUERIDO AMIGO!<\/p>\n<p>Na foto: MARCELO OLIVEIRA, GUTEMBERG PIRES MACIEL, ORLANDO OLIVEIRA, JOS\u00c9 LEITE, CLOVIS J\u00daNIOR e ANT\u00d4NIO COSTA. Foto: 28-06-2009. Clique na foto para ampliar.<img loading=\"lazy\" class=\"aligncenter size-medium wp-image-132811\" src=\"https:\/\/www.r2cpress.com.br\/v1\/wp-content\/uploads\/2026\/09\/1000981354-300x192.jpg\" alt=\"\" width=\"300\" height=\"192\" srcset=\"https:\/\/www.r2cpress.com.br\/v1\/wp-content\/uploads\/2026\/09\/1000981354-300x192.jpg 300w, https:\/\/www.r2cpress.com.br\/v1\/wp-content\/uploads\/2026\/09\/1000981354.jpg 600w\" sizes=\"(max-width: 300px) 100vw, 300px\" \/><\/p>\n<p>Mais outro amigo que se foi! Na foto: O saudoso RAIMUNDO DI\u00d3GENES, S\u00c9RGIO MATTOS e o saudoso JOS\u00c9 MARIA. Clique na foto para ampliar.<a href=\"https:\/\/www.r2cpress.com.br\/v1\/wp-content\/uploads\/2026\/09\/1000981355.jpg\"><img loading=\"lazy\" class=\"aligncenter size-medium wp-image-132812\" src=\"https:\/\/www.r2cpress.com.br\/v1\/wp-content\/uploads\/2026\/09\/1000981355-300x257.jpg\" alt=\"\" width=\"300\" height=\"257\" srcset=\"https:\/\/www.r2cpress.com.br\/v1\/wp-content\/uploads\/2026\/09\/1000981355-300x257.jpg 300w, https:\/\/www.r2cpress.com.br\/v1\/wp-content\/uploads\/2026\/09\/1000981355.jpg 355w\" sizes=\"(max-width: 300px) 100vw, 300px\" \/><\/a><\/p>\n<p>Considerado um dos melhores Colunistas Sociais nas d\u00e9cadas de 1970, 1980 e 1990, JOS\u00c9 MARIA promoveu muitas Festas que ficaram na Hist\u00f3ria da Vida Social de ILH\u00c9US. Clique na foto para ampliar.<a href=\"https:\/\/www.r2cpress.com.br\/v1\/wp-content\/uploads\/2026\/09\/1000981356.jpg\"><img loading=\"lazy\" class=\"aligncenter size-medium wp-image-132813\" src=\"https:\/\/www.r2cpress.com.br\/v1\/wp-content\/uploads\/2026\/09\/1000981356-300x190.jpg\" alt=\"\" width=\"300\" height=\"190\" srcset=\"https:\/\/www.r2cpress.com.br\/v1\/wp-content\/uploads\/2026\/09\/1000981356-300x190.jpg 300w, https:\/\/www.r2cpress.com.br\/v1\/wp-content\/uploads\/2026\/09\/1000981356.jpg 600w\" sizes=\"(max-width: 300px) 100vw, 300px\" \/><\/a><\/p>\n<p>DIPLOMA conferido a JOS\u00c9 LEITE DE SOUZA numa das Festas Promovidas por JOS\u00c9 MARIA SANTANA (JOSEPH MARIE) em 1980. Clique na foto para ampliar.<a href=\"https:\/\/www.r2cpress.com.br\/v1\/wp-content\/uploads\/2026\/09\/1000981357.jpg\"><img loading=\"lazy\" class=\"aligncenter size-medium wp-image-132814\" src=\"https:\/\/www.r2cpress.com.br\/v1\/wp-content\/uploads\/2026\/09\/1000981357-162x300.jpg\" alt=\"\" width=\"162\" height=\"300\" srcset=\"https:\/\/www.r2cpress.com.br\/v1\/wp-content\/uploads\/2026\/09\/1000981357-162x300.jpg 162w, https:\/\/www.r2cpress.com.br\/v1\/wp-content\/uploads\/2026\/09\/1000981357.jpg 324w\" sizes=\"(max-width: 162px) 100vw, 162px\" \/><\/a><\/p>\n<p>MARIA GILV\u00c2NIA, Correspondente Internacional da COLUNA DO FUNDO DO BA\u00da DE JOS\u00c9 LEITE, a poucos dias esteve na EST\u00d4NIA (ao Norte da EUROPA e um dos tr\u00eas pa\u00edses B\u00e1lticos) e trouxe um presente para o Diretor da Coluna. Uma GARRAFA DE RUM envelhecido por 40 anos em Barril. Uma das bebidas mais famosas daquele Pa\u00eds. JOS\u00c9 LEITE agradece e vai beber com modera\u00e7\u00e3o.<\/p>\n<p style=\"text-align: center;\"><strong>E NO MAIS&#8230;<a href=\"https:\/\/www.r2cpress.com.br\/v1\/wp-content\/uploads\/2026\/09\/1000981358.jpg\"><img loading=\"lazy\" class=\"aligncenter size-medium wp-image-132815\" src=\"https:\/\/www.r2cpress.com.br\/v1\/wp-content\/uploads\/2026\/09\/1000981358-183x300.jpg\" alt=\"\" width=\"183\" height=\"300\" srcset=\"https:\/\/www.r2cpress.com.br\/v1\/wp-content\/uploads\/2026\/09\/1000981358-183x300.jpg 183w, https:\/\/www.r2cpress.com.br\/v1\/wp-content\/uploads\/2026\/09\/1000981358.jpg 365w\" sizes=\"(max-width: 183px) 100vw, 183px\" \/><\/a><\/strong><\/p>\n<p>Veja quem visitou JOS\u00c9 LEITE nessa \u00faltima quinta-feira (03-09-2026). RITA MUCUG\u00ca, ex. funcion\u00e1ria da \u00d3TICA CRUZEIRO, que inaugurou no dia 20 de maio de 1974. L\u00e1 se v\u00e3o 52 anos. Tanto RITA como JOS\u00c9 LEITE continuam bonitos! Rsrs. Clique na foto para ampliar!<\/p>\n<p style=\"text-align: center;\"><strong>PARA CONFERIR O BA\u00da ANTERIOR CLIQUE <a href=\"https:\/\/www.r2cpress.com.br\/v1\/2026\/08\/28\/do-fundo-do-bau-de-jose-leite-682\/\"><span style=\"color: #ff0000;\">AQUI<\/span><\/a>\u00a0<\/strong><\/p>\n<p>&nbsp;<\/p>\n<p>Texto e fotos: Jos\u00e9 Leite de Souza.<\/p>\n<p>jleitesouza@hotmail.com<\/p>\n<p>(73) 3634-3134<\/p>\n<p>&nbsp;<\/p>\n<p>&nbsp;<\/p>\n","protected":false},"excerpt":{"rendered":"<p>1) 66 ANOS DE JOS\u00c9 LEITE EM ILH\u00c9US. 2) PADRE C\u00cdCERO, NA EUROPA (3\u00aa PARTE) 3) AS FOTOS DESTAQUES DA SEMANA.<\/p>\n","protected":false},"author":2,"featured_media":132488,"comment_status":"open","ping_status":"open","sticky":false,"template":"","format":"standard","meta":{"_links_to":"","_links_to_target":""},"categories":[39],"tags":[],"_links":{"self":[{"href":"https:\/\/www.r2cpress.com.br\/v1\/wp-json\/wp\/v2\/posts\/132803"}],"collection":[{"href":"https:\/\/www.r2cpress.com.br\/v1\/wp-json\/wp\/v2\/posts"}],"about":[{"href":"https:\/\/www.r2cpress.com.br\/v1\/wp-json\/wp\/v2\/types\/post"}],"author":[{"embeddable":true,"href":"https:\/\/www.r2cpress.com.br\/v1\/wp-json\/wp\/v2\/users\/2"}],"replies":[{"embeddable":true,"href":"https:\/\/www.r2cpress.com.br\/v1\/wp-json\/wp\/v2\/comments?post=132803"}],"version-history":[{"count":1,"href":"https:\/\/www.r2cpress.com.br\/v1\/wp-json\/wp\/v2\/posts\/132803\/revisions"}],"predecessor-version":[{"id":132816,"href":"https:\/\/www.r2cpress.com.br\/v1\/wp-json\/wp\/v2\/posts\/132803\/revisions\/132816"}],"wp:featuredmedia":[{"embeddable":true,"href":"https:\/\/www.r2cpress.com.br\/v1\/wp-json\/wp\/v2\/media\/132488"}],"wp:attachment":[{"href":"https:\/\/www.r2cpress.com.br\/v1\/wp-json\/wp\/v2\/media?parent=132803"}],"wp:term":[{"taxonomy":"category","embeddable":true,"href":"https:\/\/www.r2cpress.com.br\/v1\/wp-json\/wp\/v2\/categories?post=132803"},{"taxonomy":"post_tag","embeddable":true,"href":"https:\/\/www.r2cpress.com.br\/v1\/wp-json\/wp\/v2\/tags?post=132803"}],"curies":[{"name":"wp","href":"https:\/\/api.w.org\/{rel}","templated":true}]}}