{"id":13417,"date":"2011-04-21T10:22:45","date_gmt":"2011-04-21T13:22:45","guid":{"rendered":"http:\/\/www.r2cpress.com.br\/v1\/?p=13417"},"modified":"2011-04-21T10:22:45","modified_gmt":"2011-04-21T13:22:45","slug":"fabrica-de-ipads","status":"publish","type":"post","link":"https:\/\/www.r2cpress.com.br\/v1\/2011\/04\/21\/fabrica-de-ipads\/","title":{"rendered":"FABRICA DE iPADS"},"content":{"rendered":"<p>PARA TER FABRICA DE iPADS, PREFEITA DE RIBEIR\u00c3O PRETO LIGA AT\u00c9 PARA CHINA<\/p>\n<p>Rabat:<\/p>\n<p>Veja a not\u00edcia a seguir.<\/p>\n<p>E fica aqui a minha pergunta: O QUE O NOSSO PREFEITO NEWTON LIMA faz para trazer Empresas para a nossa CIdade???<\/p>\n<p>Carlos Mascarenhas<br \/>\n&#8212;<\/p>\n<p><strong>D\u00e1rcy liga at\u00e9 na China por f\u00e1brica de iPads<br \/>\nPrefeita inscreve Ribeir\u00e3o Preto na lista de cidades que pleiteiam empresa da Apple no Brasil<\/strong><\/p>\n<p>H\u00e9lio Pellissari<\/p>\n<p>A prefeita de Ribeir\u00e3o Preto, D\u00e1rcy Vera (DEM) decidiu entrar para valer na briga pela f\u00e1brica de iPads, tablet (computador com apenas uma tela acioada por toques) da Apple, no Brasil. Ela contactou o Minist\u00e9rio da Ci\u00eancia e Tecnologia nesta segunda-feira para cadastrar a cidade oficialmente como interessada na disputa. Al\u00e9m disto, tamb\u00e9m conseguiu, via Twitter, uma int\u00e9rprete em mandarim para fazer um contato direto com o presidente da Foxconn, na China, Terry Gou.<\/p>\n<p>Com a ajuda da interprete, ela ligou na noite desta segunda para a China, na esperan\u00e7a de entrar em contato direto com o presidente da empresa. &#8220;Minha inten\u00e7\u00e3o foi apresentar o potencial de Ribeir\u00e3o Preto aos chineses&#8221;, explicou.<\/p>\n<p><!--more--><\/p>\n<p>A prefeita conversou diretamente com o ministro da Ci\u00eancia e Tecnologia, Aloysio Mercadante (PT), para explicitar o interesse da cidade em abrigar a empresa, que deve gerar investimentos de US$ 12 bilh\u00f5es.<\/p>\n<p>O governo federal deve elaborar uma esp\u00e9cie de edital com as principais reivindica\u00e7\u00f5es da empresa para se instalar no Brasil &#8211; entre elas est\u00e3o terreno, incentivos fiscais, aeroporto, malha vi\u00e1ria, banda larga e estrutura tecnol\u00f3gica.<\/p>\n<p>Apesar de reconhecer que a empresa j\u00e1 trava contato com a prefeitura de Jundia\u00ed, onde a Apple j\u00e1 mant\u00e9m uma estrutura, D\u00e1rcy garantiu que a prefeitura vai se empenhar para trazer esse investimento para o munic\u00edpio.<\/p>\n<p>A cidade escolhida para receber os investimentos da Foxconn tamb\u00e9m receber\u00e1, do Minist\u00e9rio da Ci\u00eancia e Tecnologia, o conceito de &#8220;Cidade Inteligente&#8221;.<\/p>\n<p>Contato com a Fox<\/p>\n<p>Com o aux\u00edlio de uma int\u00e9rprete, D\u00e1rcy conseguiu falar na noite desta segunda com a secret\u00e1ria do presidente da Foxconn, Terry Gou, que solicitou que fosse encaminhado para ele todo o material com as informa\u00e7\u00f5es sobre a cidade para que sejam analisadas.<\/p>\n<p>A prefeita tamb\u00e9m determinou que seja elaborado um v\u00eddeo mostrando o potencial de Ribeir\u00e3o Preto para abrigar uma empresa deste porte. &#8220;Acho que temos todas as condi\u00e7\u00f5es para abrigar a empresa, principalmente com a implanta\u00e7\u00e3o do Parque Tecnol\u00f3gico&#8221;, disse a prefeita.<\/p>\n<p>Fonte: www.jornalacidade.com.br<\/p>\n<p>&#8212;<br \/>\nCarlos da Silva Mascarenhas<br \/>\ncarlos.consultic@gmail.com<br \/>\n73 8147-0607<\/p>\n","protected":false},"excerpt":{"rendered":"<p>PARA TER FABRICA DE iPADS, PREFEITA DE RIBEIR\u00c3O PRETO LIGA AT\u00c9 PARA CHINA Rabat: Veja a not\u00edcia a seguir. E fica aqui a minha pergunta: O QUE O NOSSO PREFEITO NEWTON LIMA faz para trazer Empresas para a nossa CIdade??? Carlos Mascarenhas &#8212; D\u00e1rcy liga at\u00e9 na China por f\u00e1brica de iPads Prefeita inscreve Ribeir\u00e3o [&hellip;]<\/p>\n","protected":false},"author":2,"featured_media":0,"comment_status":"open","ping_status":"open","sticky":false,"template":"","format":"standard","meta":{"_links_to":"","_links_to_target":""},"categories":[10],"tags":[],"_links":{"self":[{"href":"https:\/\/www.r2cpress.com.br\/v1\/wp-json\/wp\/v2\/posts\/13417"}],"collection":[{"href":"https:\/\/www.r2cpress.com.br\/v1\/wp-json\/wp\/v2\/posts"}],"about":[{"href":"https:\/\/www.r2cpress.com.br\/v1\/wp-json\/wp\/v2\/types\/post"}],"author":[{"embeddable":true,"href":"https:\/\/www.r2cpress.com.br\/v1\/wp-json\/wp\/v2\/users\/2"}],"replies":[{"embeddable":true,"href":"https:\/\/www.r2cpress.com.br\/v1\/wp-json\/wp\/v2\/comments?post=13417"}],"version-history":[{"count":2,"href":"https:\/\/www.r2cpress.com.br\/v1\/wp-json\/wp\/v2\/posts\/13417\/revisions"}],"predecessor-version":[{"id":13419,"href":"https:\/\/www.r2cpress.com.br\/v1\/wp-json\/wp\/v2\/posts\/13417\/revisions\/13419"}],"wp:attachment":[{"href":"https:\/\/www.r2cpress.com.br\/v1\/wp-json\/wp\/v2\/media?parent=13417"}],"wp:term":[{"taxonomy":"category","embeddable":true,"href":"https:\/\/www.r2cpress.com.br\/v1\/wp-json\/wp\/v2\/categories?post=13417"},{"taxonomy":"post_tag","embeddable":true,"href":"https:\/\/www.r2cpress.com.br\/v1\/wp-json\/wp\/v2\/tags?post=13417"}],"curies":[{"name":"wp","href":"https:\/\/api.w.org\/{rel}","templated":true}]}}