{"id":13451,"date":"2011-04-21T15:24:28","date_gmt":"2011-04-21T18:24:28","guid":{"rendered":"http:\/\/www.r2cpress.com.br\/v1\/?p=13451"},"modified":"2011-04-21T15:24:28","modified_gmt":"2011-04-21T18:24:28","slug":"querem-estracalhar-ilheus-%e2%80%93-a-culpa-e-de-quem","status":"publish","type":"post","link":"https:\/\/www.r2cpress.com.br\/v1\/2011\/04\/21\/querem-estracalhar-ilheus-%e2%80%93-a-culpa-e-de-quem\/","title":{"rendered":"Querem estra\u00e7alhar Ilh\u00e9us \u2013 A culpa \u00e9 de quem?"},"content":{"rendered":"<p><img loading=\"lazy\" class=\"alignleft\" src=\"http:\/\/www.r2cpress.com.br\/v1\/wp-content\/uploads\/ROBERTO-RODRIGUES-FOTO-NOVA.jpg\" alt=\"\" width=\"300\" height=\"138\" \/>Mais uma vez, Ilh\u00e9us \u00e9 apunhalada pelas costas e ver alguns dos seus ditos defensores de ontem se tornarem, &#8211; ainda na goga morna de hoje -, inimigos algozes, trai\u00e7oeiros p\u00fablicos. Sem mais delongas sobre os que querem estra\u00e7alhar o territ\u00f3rio do nosso munic\u00edpio, cito abaixo, como estimulador de lembran\u00e7as, os n\u00fameros das \u00faltimas elei\u00e7\u00f5es para Senadores, Deputados Federais e Estaduais, (conforme dados do site do T R E). Todos os candidatos levaram um pouquinho de votos ilheenses. Outros levaram centenas ou milhares. Alguns, por \u00edndoles duvidosas, esquecem nesse instante a nossa gente. Um, ou talvez um quarto do meio de dois deputados, est\u00e3o nessa luta apenas com um p\u00e9, comedidas palavras e s\u00f3. Eu ent\u00e3o pergunto: quem vai agora defender a nossa Ilh\u00e9us? Quem vai tecer e cozer a unidade do nosso secular territ\u00f3rio? Quem, nesse instante \u00e9 realmente o verdadeiro representante e defensor-mor da nossa cidade nas esferas legislativas? A prefeitura municipal e a c\u00e2mara de vereadores j\u00e1 se manifestaram, nos seus modos e for\u00e7as. Por\u00e9m, quais s\u00e3o as posi\u00e7\u00f5es pol\u00edticas dos seus aliados nos legislativos superiores?<\/p>\n<p>Por ora, cito abaixo os n\u00fameros das elei\u00e7\u00f5es de 2010. Naquela ocasi\u00e3o, como certos e l\u00facidos, os votos, os candidatos levaram. Ser\u00e1 que vai sobrar a culpa da poss\u00edvel divis\u00e3o territorial de Ilh\u00e9us para os eleitores, por esses n\u00e3o terem votados nos candidatos \u2018pratas da casa\u2019? Ou estamos apenas sendo mais uma vez tra\u00eddos, como de praxe?<\/p>\n<p>Vejamos os n\u00fameros dos mais bem votados na \u00faltima elei\u00e7\u00e3o na cidade de Ilh\u00e9us:<\/p>\n<p><!--more--><\/p>\n<p><strong>Senador<\/strong><\/p>\n<table border=\"0\" cellspacing=\"0\" cellpadding=\"0\" width=\"100%\">\n<tbody>\n<tr>\n<td width=\"30\">Pos.<\/td>\n<td>Candidato<\/td>\n<td width=\"50\">Nro.<\/td>\n<td width=\"90\">Partido<\/td>\n<td width=\"60\">Vota\u00e7\u00e3o<\/td>\n<\/tr>\n<tr>\n<td>1<\/td>\n<td><a href=\"http:\/\/www.tre-ba.gov.br\/2010\/1turno\/35734\/cand_5_130.html\">WALTER DE   FREITAS PINHEIRO<\/a><\/td>\n<td>130<\/td>\n<td>PT<\/td>\n<td>48356<\/td>\n<\/tr>\n<tr>\n<td>2<\/td>\n<td><a href=\"http:\/\/www.tre-ba.gov.br\/2010\/1turno\/35734\/cand_5_400.html\">LIDICE DA   MATA E SOUZA<\/a><\/td>\n<td>400<\/td>\n<td>PSB<\/td>\n<td>46129<\/td>\n<\/tr>\n<tr>\n<td>3<\/td>\n<td><a href=\"http:\/\/www.tre-ba.gov.br\/2010\/1turno\/35734\/cand_5_222.html\">CESAR   AUGUSTO RABELLO BORGES<\/a><\/td>\n<td>222<\/td>\n<td>PR<\/td>\n<td>19998<\/td>\n<\/tr>\n<tr>\n<td>4<\/td>\n<td><a href=\"http:\/\/www.tre-ba.gov.br\/2010\/1turno\/35734\/cand_5_255.html\">JOSE CARLOS   ALELUIA COSTA<\/a><\/td>\n<td>255<\/td>\n<td>DEM<\/td>\n<td>12506<\/td>\n<\/tr>\n<tr>\n<td>5<\/td>\n<td><a href=\"http:\/\/www.tre-ba.gov.br\/2010\/1turno\/35734\/cand_5_147.html\">EDVALDO   PEREIRA DE BRITO<\/a><\/td>\n<td>147<\/td>\n<td>PTB<\/td>\n<td>12391<\/td>\n<\/tr>\n<\/tbody>\n<\/table>\n<p><strong>Deputado Federal<\/strong><\/p>\n<table border=\"0\" cellspacing=\"0\" cellpadding=\"0\" width=\"100%\">\n<tbody>\n<tr>\n<td width=\"30\">Pos.<\/td>\n<td>Candidato<\/td>\n<td width=\"50\">Nro.<\/td>\n<td width=\"90\">Partido<\/td>\n<td width=\"60\">Vota\u00e7\u00e3o<\/td>\n<\/tr>\n<tr>\n<td>1<\/td>\n<td><a href=\"http:\/\/www.tre-ba.gov.br\/2010\/1turno\/35734\/cand_6_4013.html\">ADALBERTO   SOUZA GALV?O<\/a><\/td>\n<td>4013<\/td>\n<td>PSB<\/td>\n<td>16072<\/td>\n<\/tr>\n<tr>\n<td>2<\/td>\n<td><a href=\"http:\/\/www.tre-ba.gov.br\/2010\/1turno\/35734\/cand_6_1111.html\">MARIO   SILVIO MENDES NEGROMONTE<\/a><\/td>\n<td>1111<\/td>\n<td>PP<\/td>\n<td>5898<\/td>\n<\/tr>\n<tr>\n<td>3<\/td>\n<td><a href=\"http:\/\/www.tre-ba.gov.br\/2010\/1turno\/35734\/cand_6_1312.html\">JOSIAS   GOMES DA SILVA<\/a><\/td>\n<td>1312<\/td>\n<td>PT<\/td>\n<td>5296<\/td>\n<\/tr>\n<tr>\n<td>4<\/td>\n<td><a href=\"http:\/\/www.tre-ba.gov.br\/2010\/1turno\/35734\/cand_6_2323.html\">EDNILTON   OLIVEIRA FERREIRA<\/a><\/td>\n<td>2323<\/td>\n<td>PPS<\/td>\n<td>4849<\/td>\n<\/tr>\n<tr>\n<td>5<\/td>\n<td><a href=\"http:\/\/www.tre-ba.gov.br\/2010\/1turno\/35734\/cand_6_2526.html\">ANTONIO   CARLOS PEIXOTO DE MAGALHAES NETO<\/a><\/td>\n<td>2526<\/td>\n<td>DEM<\/td>\n<td>4501<\/td>\n<\/tr>\n<tr>\n<td>6<\/td>\n<td><a href=\"http:\/\/www.tre-ba.gov.br\/2010\/1turno\/35734\/cand_6_1510.html\">RAYMUNDO   VELOSO SILVA<\/a><\/td>\n<td>1510<\/td>\n<td>PMDB<\/td>\n<td>3696<\/td>\n<\/tr>\n<tr>\n<td>7<\/td>\n<td><a href=\"http:\/\/www.tre-ba.gov.br\/2010\/1turno\/35734\/cand_6_1330.html\">GERALDO Sim\u00f5es   DE OLIVEIRA<\/a><\/td>\n<td>1330<\/td>\n<td>PT<\/td>\n<td>3122<\/td>\n<\/tr>\n<tr>\n<td>8<\/td>\n<td><a href=\"http:\/\/www.tre-ba.gov.br\/2010\/1turno\/35734\/cand_6_7007.html\">ANTONIO   JORGE RIBEIRO DE SANTANA<\/a><\/td>\n<td>7007<\/td>\n<td>PT do B<\/td>\n<td>2347<\/td>\n<\/tr>\n<tr>\n<td>9<\/td>\n<td><a href=\"http:\/\/www.tre-ba.gov.br\/2010\/1turno\/35734\/cand_6_6522.html\">ALICE   MAZZUCO PORTUGAL<\/a><\/td>\n<td>6522<\/td>\n<td>PC do B<\/td>\n<td>2278<\/td>\n<\/tr>\n<tr>\n<td>10<\/td>\n<td><a href=\"http:\/\/www.tre-ba.gov.br\/2010\/1turno\/35734\/cand_6_2012.html\">ERIVELTON   LIMA SANTANA<\/a><\/td>\n<td>2012<\/td>\n<td>PSC<\/td>\n<td>2094<\/td>\n<\/tr>\n<tr>\n<td>11<\/td>\n<td><a href=\"http:\/\/www.tre-ba.gov.br\/2010\/1turno\/35734\/cand_6_1363.html\">RUI COSTA   DOS SANTOS<\/a><\/td>\n<td>1363<\/td>\n<td>PT<\/td>\n<td>2011<\/td>\n<\/tr>\n<tr>\n<td>12<\/td>\n<td><a href=\"http:\/\/www.tre-ba.gov.br\/2010\/1turno\/35734\/cand_6_1010.html\">MARCIO   CARLOS MARINHO<\/a><\/td>\n<td>1010<\/td>\n<td>PRB<\/td>\n<td>1917<\/td>\n<\/tr>\n<tr>\n<td>13<\/td>\n<td><a href=\"http:\/\/www.tre-ba.gov.br\/2010\/1turno\/35734\/cand_6_1122.html\">JOSE   CARLOS DE JESUS RODRIGUES<\/a><\/td>\n<td>1122<\/td>\n<td>PP<\/td>\n<td>1754<\/td>\n<\/tr>\n<tr>\n<td>14<\/td>\n<td><a href=\"http:\/\/www.tre-ba.gov.br\/2010\/1turno\/35734\/cand_6_1300.html\">SERGIO   BARRADAS CARNEIRO<\/a><\/td>\n<td>1300<\/td>\n<td>PT<\/td>\n<td>1383<\/td>\n<\/tr>\n<tr>\n<td>15<\/td>\n<td><a href=\"http:\/\/www.tre-ba.gov.br\/2010\/1turno\/35734\/cand_6_4040.html\">DOMINGOS   LEONELLI NETTO<\/a><\/td>\n<td>4040<\/td>\n<td>PSB<\/td>\n<td>1299<\/td>\n<\/tr>\n<tr>\n<td>16<\/td>\n<td><a href=\"http:\/\/www.tre-ba.gov.br\/2010\/1turno\/35734\/cand_6_3333.html\">ANTONIO   CARLOS BOSCO MASSAROLLO<\/a><\/td>\n<td>3333<\/td>\n<td>PMN<\/td>\n<td>1248<\/td>\n<\/tr>\n<tr>\n<td>17<\/td>\n<td><a href=\"http:\/\/www.tre-ba.gov.br\/2010\/1turno\/35734\/cand_6_1400.html\">BENITO DA   GAMA SANTOS<\/a><\/td>\n<td>1400<\/td>\n<td>PTB<\/td>\n<td>1146<\/td>\n<\/tr>\n<tr>\n<td>18<\/td>\n<td><a href=\"http:\/\/www.tre-ba.gov.br\/2010\/1turno\/35734\/cand_6_1410.html\">ANTONIO   LUIZ PARANHOS RIBEIRO LEITE DE BRITO<\/a><\/td>\n<td>1410<\/td>\n<td>PTB<\/td>\n<td>790<\/td>\n<\/tr>\n<tr>\n<td>19<\/td>\n<td><a href=\"http:\/\/www.tre-ba.gov.br\/2010\/1turno\/35734\/cand_6_5001.html\">RAIMUNDO   NONATO DANTAS<\/a><\/td>\n<td>5001<\/td>\n<td>PSOL<\/td>\n<td>778<\/td>\n<\/tr>\n<tr>\n<td>20<\/td>\n<td><a href=\"http:\/\/www.tre-ba.gov.br\/2010\/1turno\/35734\/cand_6_4555.html\">ANTONIO   JOSE IMBASSAHY DA SILVA<\/a><\/td>\n<td>4555<\/td>\n<td>PSDB<\/td>\n<td>735<\/td>\n<\/tr>\n<\/tbody>\n<\/table>\n<p><strong>Deputado Estadual<\/strong><\/p>\n<table border=\"0\" cellspacing=\"0\" cellpadding=\"0\" width=\"100%\">\n<tbody>\n<tr>\n<td width=\"30\">Pos.<\/td>\n<td>Candidato<\/td>\n<td width=\"50\">Nro.<\/td>\n<td width=\"90\">Partido<\/td>\n<td width=\"60\">Vota\u00e7\u00e3o<\/td>\n<\/tr>\n<tr>\n<td>1<\/td>\n<td><a href=\"http:\/\/www.tre-ba.gov.br\/2010\/1turno\/35734\/cand_7_22231.html\">CARLOS   MACHADO DE ANDRADE FILHO<\/a><\/td>\n<td>22231<\/td>\n<td>PR<\/td>\n<td>14004<\/td>\n<\/tr>\n<tr>\n<td>2<\/td>\n<td><a href=\"http:\/\/www.tre-ba.gov.br\/2010\/1turno\/35734\/cand_7_20890.html\">ANGELA   MARIA CORREA DE SOUSA<\/a><\/td>\n<td>20890<\/td>\n<td>PSC<\/td>\n<td>13708<\/td>\n<\/tr>\n<tr>\n<td>3<\/td>\n<td><a href=\"http:\/\/www.tre-ba.gov.br\/2010\/1turno\/35734\/cand_7_11234.html\">RONALDO   CARLETTO<\/a><\/td>\n<td>11234<\/td>\n<td>PP<\/td>\n<td>5312<\/td>\n<\/tr>\n<tr>\n<td>4<\/td>\n<td><a href=\"http:\/\/www.tre-ba.gov.br\/2010\/1turno\/35734\/cand_7_13567.html\">MARIA DE   FATIMA NUNES DO CARMO<\/a><\/td>\n<td>13567<\/td>\n<td>PT<\/td>\n<td>3092<\/td>\n<\/tr>\n<tr>\n<td>5<\/td>\n<td><a href=\"http:\/\/www.tre-ba.gov.br\/2010\/1turno\/35734\/cand_7_65111.html\">WENCESLAU   AUGUSTO DOS SANTOS JUNIOR<\/a><\/td>\n<td>65111<\/td>\n<td>PC do B<\/td>\n<td>3038<\/td>\n<\/tr>\n<tr>\n<td>6<\/td>\n<td><a href=\"http:\/\/www.tre-ba.gov.br\/2010\/1turno\/35734\/cand_7_15345.html\">RENATO   BORGES DA COSTA<\/a><\/td>\n<td>15345<\/td>\n<td>PMDB<\/td>\n<td>1944<\/td>\n<\/tr>\n<tr>\n<td>7<\/td>\n<td><a href=\"http:\/\/www.tre-ba.gov.br\/2010\/1turno\/35734\/cand_7_45670.html\">AUGUSTO   NARCISO CASTRO<\/a><\/td>\n<td>45670<\/td>\n<td>PSDB<\/td>\n<td>1783<\/td>\n<\/tr>\n<tr>\n<td>8<\/td>\n<td><a href=\"http:\/\/www.tre-ba.gov.br\/2010\/1turno\/35734\/cand_7_10456.html\">JOSE DE   ARIMATEIA CORIOLANO DE PAIVA<\/a><\/td>\n<td>10456<\/td>\n<td>PRB<\/td>\n<td>1745<\/td>\n<\/tr>\n<tr>\n<td>9<\/td>\n<td><a href=\"http:\/\/www.tre-ba.gov.br\/2010\/1turno\/35734\/cand_7_44321.html\">ALBERTO   FABIO FERREIRA DE SANTANA<\/a><\/td>\n<td>44321<\/td>\n<td>PRP<\/td>\n<td>1735<\/td>\n<\/tr>\n<tr>\n<td>10<\/td>\n<td><a href=\"http:\/\/www.tre-ba.gov.br\/2010\/1turno\/35734\/cand_7_15369.html\">MARCIO   VELOSO SILVA<\/a><\/td>\n<td>15369<\/td>\n<td>PMDB<\/td>\n<td>1631<\/td>\n<\/tr>\n<tr>\n<td>11<\/td>\n<td><a href=\"http:\/\/www.tre-ba.gov.br\/2010\/1turno\/35734\/cand_7_19456.html\">GILBERTO   CUNHA SANTANA FILHO<\/a><\/td>\n<td>19456<\/td>\n<td>PTN<\/td>\n<td>1561<\/td>\n<\/tr>\n<tr>\n<td>12<\/td>\n<td><a href=\"http:\/\/www.tre-ba.gov.br\/2010\/1turno\/35734\/cand_7_15555.html\">ANTONIO   ALMIR SANTANA MELO JR<\/a><\/td>\n<td>15555<\/td>\n<td>PMDB<\/td>\n<td>1473<\/td>\n<\/tr>\n<tr>\n<td>13<\/td>\n<td><a href=\"http:\/\/www.tre-ba.gov.br\/2010\/1turno\/35734\/cand_7_27000.html\">JORGE   FARIAS DOS SANTOS<\/a><\/td>\n<td>27000<\/td>\n<td>PSDC<\/td>\n<td>1396<\/td>\n<\/tr>\n<tr>\n<td>14<\/td>\n<td><a href=\"http:\/\/www.tre-ba.gov.br\/2010\/1turno\/35734\/cand_7_13444.html\">ROSEMBERG   EVANGELISTA PINTO<\/a><\/td>\n<td>13444<\/td>\n<td>PT<\/td>\n<td>1323<\/td>\n<\/tr>\n<tr>\n<td>15<\/td>\n<td><a href=\"http:\/\/www.tre-ba.gov.br\/2010\/1turno\/35734\/cand_7_13121.html\">AILTON   FLORENCIO DOS SANTOS<\/a><\/td>\n<td>13121<\/td>\n<td>PT<\/td>\n<td>1183<\/td>\n<\/tr>\n<tr>\n<td>16<\/td>\n<td><a href=\"http:\/\/www.tre-ba.gov.br\/2010\/1turno\/35734\/cand_7_50234.html\">ISRAEL   PAIX?O FERREIRA DOS REIS<\/a><\/td>\n<td>50234<\/td>\n<td>PSOL<\/td>\n<td>1060<\/td>\n<\/tr>\n<tr>\n<td>17<\/td>\n<td><a href=\"http:\/\/www.tre-ba.gov.br\/2010\/1turno\/35734\/cand_7_36190.html\">MARCO   PRISCO CALDAS MACHADO<\/a><\/td>\n<td>36190<\/td>\n<td>PTC<\/td>\n<td>1004<\/td>\n<\/tr>\n<tr>\n<td>18<\/td>\n<td><a href=\"http:\/\/www.tre-ba.gov.br\/2010\/1turno\/35734\/cand_7_20800.html\">PAULO   SERGIO PARANHOS DE MAGALHAES JUNIOR<\/a><\/td>\n<td>20800<\/td>\n<td>PSC<\/td>\n<td>993<\/td>\n<\/tr>\n<tr>\n<td>19<\/td>\n<td><a href=\"http:\/\/www.tre-ba.gov.br\/2010\/1turno\/35734\/cand_7_12393.html\">EUCLIDES   NUNES FERNANDES<\/a><\/td>\n<td>12393<\/td>\n<td>PDT<\/td>\n<td>802<\/td>\n<\/tr>\n<tr>\n<td>20<\/td>\n<td><a href=\"http:\/\/www.tre-ba.gov.br\/2010\/1turno\/35734\/cand_7_45000.html\">HELDER   LOPES CAMPOS<\/a><\/td>\n<td>45000<\/td>\n<td>PSDB<\/td>\n<td>794<\/td>\n<\/tr>\n<\/tbody>\n<\/table>\n<p><strong>Fonte: T R E Elei\u00e7\u00f5es 2010 <\/strong><a href=\"http:\/\/www.tre-ba.gov.br\/2010\/1turno\/BA35734.html\"><strong>Cidade Ilh\u00e9us<\/strong><\/a><\/p>\n","protected":false},"excerpt":{"rendered":"<p>Mais uma vez, Ilh\u00e9us \u00e9 apunhalada pelas costas e ver alguns dos seus ditos defensores de ontem se tornarem, &#8211; ainda na goga morna de hoje -, inimigos algozes, trai\u00e7oeiros p\u00fablicos. Sem mais delongas sobre os que querem estra\u00e7alhar o territ\u00f3rio do nosso munic\u00edpio, cito abaixo, como estimulador de lembran\u00e7as, os n\u00fameros das \u00faltimas elei\u00e7\u00f5es [&hellip;]<\/p>\n","protected":false},"author":2,"featured_media":0,"comment_status":"open","ping_status":"open","sticky":false,"template":"","format":"standard","meta":{"_links_to":"","_links_to_target":""},"categories":[10],"tags":[],"_links":{"self":[{"href":"https:\/\/www.r2cpress.com.br\/v1\/wp-json\/wp\/v2\/posts\/13451"}],"collection":[{"href":"https:\/\/www.r2cpress.com.br\/v1\/wp-json\/wp\/v2\/posts"}],"about":[{"href":"https:\/\/www.r2cpress.com.br\/v1\/wp-json\/wp\/v2\/types\/post"}],"author":[{"embeddable":true,"href":"https:\/\/www.r2cpress.com.br\/v1\/wp-json\/wp\/v2\/users\/2"}],"replies":[{"embeddable":true,"href":"https:\/\/www.r2cpress.com.br\/v1\/wp-json\/wp\/v2\/comments?post=13451"}],"version-history":[{"count":2,"href":"https:\/\/www.r2cpress.com.br\/v1\/wp-json\/wp\/v2\/posts\/13451\/revisions"}],"predecessor-version":[{"id":13453,"href":"https:\/\/www.r2cpress.com.br\/v1\/wp-json\/wp\/v2\/posts\/13451\/revisions\/13453"}],"wp:attachment":[{"href":"https:\/\/www.r2cpress.com.br\/v1\/wp-json\/wp\/v2\/media?parent=13451"}],"wp:term":[{"taxonomy":"category","embeddable":true,"href":"https:\/\/www.r2cpress.com.br\/v1\/wp-json\/wp\/v2\/categories?post=13451"},{"taxonomy":"post_tag","embeddable":true,"href":"https:\/\/www.r2cpress.com.br\/v1\/wp-json\/wp\/v2\/tags?post=13451"}],"curies":[{"name":"wp","href":"https:\/\/api.w.org\/{rel}","templated":true}]}}