{"id":13565,"date":"2011-04-23T10:59:29","date_gmt":"2011-04-23T13:59:29","guid":{"rendered":"http:\/\/www.r2cpress.com.br\/v1\/?p=13565"},"modified":"2011-04-23T10:59:29","modified_gmt":"2011-04-23T13:59:29","slug":"ilheus-fotos-antigas","status":"publish","type":"post","link":"https:\/\/www.r2cpress.com.br\/v1\/2011\/04\/23\/ilheus-fotos-antigas\/","title":{"rendered":"Ilh\u00e9us &#8211; FOTOS ANTIGAS"},"content":{"rendered":"<p><strong>Martoni Caff\u00e9<\/strong> pegou o saco de fotos e trouxe.<br \/>\n<strong>Detalhe:<\/strong> As fotos foram tiradas e reveladas pelo seu papai <strong>JOSU\u00c9 CAFF\u00c9.<\/strong><\/p>\n<p><center><div id=\"attachment_13566\" style=\"width: 310px\" class=\"wp-caption alignnone\"><a href=\"http:\/\/www.r2cpress.com.br\/v1\/wp-content\/uploads\/mont-capa-site33.jpg\"><img aria-describedby=\"caption-attachment-13566\" loading=\"lazy\" src=\"http:\/\/www.r2cpress.com.br\/v1\/wp-content\/uploads\/mont-capa-site33-300x222.jpg\" alt=\"\" title=\"mont capa site\" width=\"300\" height=\"222\" class=\"size-medium wp-image-13566\" srcset=\"https:\/\/www.r2cpress.com.br\/v1\/wp-content\/uploads\/mont-capa-site33-300x222.jpg 300w, https:\/\/www.r2cpress.com.br\/v1\/wp-content\/uploads\/mont-capa-site33.jpg 680w\" sizes=\"(max-width: 300px) 100vw, 300px\" \/><\/a><p id=\"caption-attachment-13566\" class=\"wp-caption-text\">Clique para AMPLIAR.<\/p><\/div><\/center><\/p>\n<p>Veja as fotos encaminhadas por <strong>Martoni Caff\u00e9<\/strong> clicando <a href = \"https:\/\/picasaweb.google.com\/r2cpress\/ILHUSFOTOSANTIGAS#5598765368308037474\" target = \"_news\"><b>AQUI<\/b><\/a> e depois na seta para AVAN\u00c7AR.<\/p>\n<p>Para ver as fotos do \u00e1lbum <strong>ILH\u00c9US &#8211; FOTOS ANTIGAS<\/strong> clique <a href = \"https:\/\/picasaweb.google.com\/r2cpress\/ILHUSFOTOSANTIGAS#\" target = \"_news\"><b>AQUI<\/b><\/a> e depois em apresenta\u00e7\u00e3o de slides.<\/p>\n","protected":false},"excerpt":{"rendered":"<p>Martoni Caff\u00e9 pegou o saco de fotos e trouxe. Detalhe: As fotos foram tiradas e reveladas pelo seu papai JOSU\u00c9 CAFF\u00c9. Veja as fotos encaminhadas por Martoni Caff\u00e9 clicando AQUI e depois na seta para AVAN\u00c7AR. Para ver as fotos do \u00e1lbum ILH\u00c9US &#8211; FOTOS ANTIGAS clique AQUI e depois em apresenta\u00e7\u00e3o de slides.<\/p>\n","protected":false},"author":2,"featured_media":0,"comment_status":"open","ping_status":"open","sticky":false,"template":"","format":"standard","meta":{"_links_to":"","_links_to_target":""},"categories":[14],"tags":[],"_links":{"self":[{"href":"https:\/\/www.r2cpress.com.br\/v1\/wp-json\/wp\/v2\/posts\/13565"}],"collection":[{"href":"https:\/\/www.r2cpress.com.br\/v1\/wp-json\/wp\/v2\/posts"}],"about":[{"href":"https:\/\/www.r2cpress.com.br\/v1\/wp-json\/wp\/v2\/types\/post"}],"author":[{"embeddable":true,"href":"https:\/\/www.r2cpress.com.br\/v1\/wp-json\/wp\/v2\/users\/2"}],"replies":[{"embeddable":true,"href":"https:\/\/www.r2cpress.com.br\/v1\/wp-json\/wp\/v2\/comments?post=13565"}],"version-history":[{"count":6,"href":"https:\/\/www.r2cpress.com.br\/v1\/wp-json\/wp\/v2\/posts\/13565\/revisions"}],"predecessor-version":[{"id":13572,"href":"https:\/\/www.r2cpress.com.br\/v1\/wp-json\/wp\/v2\/posts\/13565\/revisions\/13572"}],"wp:attachment":[{"href":"https:\/\/www.r2cpress.com.br\/v1\/wp-json\/wp\/v2\/media?parent=13565"}],"wp:term":[{"taxonomy":"category","embeddable":true,"href":"https:\/\/www.r2cpress.com.br\/v1\/wp-json\/wp\/v2\/categories?post=13565"},{"taxonomy":"post_tag","embeddable":true,"href":"https:\/\/www.r2cpress.com.br\/v1\/wp-json\/wp\/v2\/tags?post=13565"}],"curies":[{"name":"wp","href":"https:\/\/api.w.org\/{rel}","templated":true}]}}