{"id":13589,"date":"2011-04-23T18:13:06","date_gmt":"2011-04-23T21:13:06","guid":{"rendered":"http:\/\/www.r2cpress.com.br\/v1\/?p=13589"},"modified":"2011-04-23T18:13:06","modified_gmt":"2011-04-23T21:13:06","slug":"divisao-territorial-ilheus-e-itabuna","status":"publish","type":"post","link":"https:\/\/www.r2cpress.com.br\/v1\/2011\/04\/23\/divisao-territorial-ilheus-e-itabuna\/","title":{"rendered":"Divis\u00e3o Territorial Ilh\u00e9us e Itabuna"},"content":{"rendered":"<p>De: Cl\u00e1udio <dical_ @hotmail.com><br \/>\nAssunto: <strong>Divis\u00e3o Territorial Ilh\u00e9us e Itabuna<\/strong><\/p>\n<p>Corpo da mensagem:<br \/>\nIlh\u00e9us e Itabuna tem juntos + ou &#8211; 400.000 habitantes. Sem observar o \u00faltimo censo, para n\u00e3o pairar duvidas. Essa quest\u00e3o territorial nada mas \u00e9 uma forma de disfar\u00e7ar a incompent\u00eancia que j\u00e1 dura anos nessas duas cidades. Os politicos amoral e a\u00e9tico, sem prest\u00edgio nenhum, sem conhecimento de como legislar, fazem coisas que n\u00e3o tem nenhum sentido, e que a anos j\u00e1 est\u00e1 enraizado. Se pelo menos tivessem frequentados as disciplina de hit\u00f3ria e Geografia, saberiam a quem pertence a \u00e1rea em quest\u00e3o. Mas, o tempo n\u00e3o passou para certas pessoas, onde pensa que est\u00e1 na Ditadura Militar, que atrofiou a mente de certos pessoas, onde era fantoches do Grupo Carlista. Hoje vivemos no Regime onde Rege a Constitui\u00e7\u00e3o como a maior Lei. Jamais a arrog\u00e2ncia e prepot\u00eancia dos tempos dos milicos. N\u00e3o votemos pelo amor de Deus, ao tempo onde tinha guerra entre Ilheenses e itabunenses, todas as vezes que tinhas competi\u00e7\u00f5es esportivas e as vindas dos Itabunenses \u00e0 praia nos finais de semanas. Essa briga vai fazer com que cidad\u00e3os Ilheenses e Itabunenses se odeiem e pode causar problema comerciais eo direito de ir e vir por ambos. Ser\u00e1 essa a meta dos nossos Deputados? Pensem bem.<\/p>\n<p>&#8212;<br \/>\nEsta mensagem foi enviada atrav\u00e9s do formul\u00e1rio de contato do site R2CPRESS | A Letra Fria da Verdade http:\/\/www.r2cpress.com.br\/v1<\/dical_><\/p>\n","protected":false},"excerpt":{"rendered":"<p>De: Cl\u00e1udio Assunto: Divis\u00e3o Territorial Ilh\u00e9us e Itabuna Corpo da mensagem: Ilh\u00e9us e Itabuna tem juntos + ou &#8211; 400.000 habitantes. Sem observar o \u00faltimo censo, para n\u00e3o pairar duvidas. Essa quest\u00e3o territorial nada mas \u00e9 uma forma de disfar\u00e7ar a incompent\u00eancia que j\u00e1 dura anos nessas duas cidades. Os politicos amoral e a\u00e9tico, sem [&hellip;]<\/p>\n","protected":false},"author":2,"featured_media":0,"comment_status":"open","ping_status":"open","sticky":false,"template":"","format":"standard","meta":{"_links_to":"","_links_to_target":""},"categories":[10],"tags":[],"_links":{"self":[{"href":"https:\/\/www.r2cpress.com.br\/v1\/wp-json\/wp\/v2\/posts\/13589"}],"collection":[{"href":"https:\/\/www.r2cpress.com.br\/v1\/wp-json\/wp\/v2\/posts"}],"about":[{"href":"https:\/\/www.r2cpress.com.br\/v1\/wp-json\/wp\/v2\/types\/post"}],"author":[{"embeddable":true,"href":"https:\/\/www.r2cpress.com.br\/v1\/wp-json\/wp\/v2\/users\/2"}],"replies":[{"embeddable":true,"href":"https:\/\/www.r2cpress.com.br\/v1\/wp-json\/wp\/v2\/comments?post=13589"}],"version-history":[{"count":3,"href":"https:\/\/www.r2cpress.com.br\/v1\/wp-json\/wp\/v2\/posts\/13589\/revisions"}],"predecessor-version":[{"id":13592,"href":"https:\/\/www.r2cpress.com.br\/v1\/wp-json\/wp\/v2\/posts\/13589\/revisions\/13592"}],"wp:attachment":[{"href":"https:\/\/www.r2cpress.com.br\/v1\/wp-json\/wp\/v2\/media?parent=13589"}],"wp:term":[{"taxonomy":"category","embeddable":true,"href":"https:\/\/www.r2cpress.com.br\/v1\/wp-json\/wp\/v2\/categories?post=13589"},{"taxonomy":"post_tag","embeddable":true,"href":"https:\/\/www.r2cpress.com.br\/v1\/wp-json\/wp\/v2\/tags?post=13589"}],"curies":[{"name":"wp","href":"https:\/\/api.w.org\/{rel}","templated":true}]}}