{"id":13596,"date":"2011-04-23T18:20:27","date_gmt":"2011-04-23T21:20:27","guid":{"rendered":"http:\/\/www.r2cpress.com.br\/v1\/?p=13596"},"modified":"2011-04-23T18:20:27","modified_gmt":"2011-04-23T21:20:27","slug":"relogio-do-coracao","status":"publish","type":"post","link":"https:\/\/www.r2cpress.com.br\/v1\/2011\/04\/23\/relogio-do-coracao\/","title":{"rendered":"Rel\u00f3gio do Cora\u00e7\u00e3o"},"content":{"rendered":"<div>\n<div><strong><em><span style=\"color: #c00000;\">Desejo-lhe um feliz domingo de\u00a0P\u00e1scoa extensivos \u00e0 todos os seus . <\/span><\/em><\/strong><\/div>\n<div><strong><em><span style=\"color: #c00000;\">Abra\u00e7os.<\/span><\/em><\/strong><\/div>\n<div><strong><em><span style=\"color: #c00000;\">KDT<\/span><\/em><\/strong><\/div>\n<div><strong><em><span style=\"color: #c00000;\">&#8212;<br \/>\n<\/span><\/em><\/strong><\/div>\n<div><strong><em> <\/em><\/strong><\/div>\n<div><span style=\"color: #c00000;\"><strong><em><br \/>\n<\/em><\/strong><\/span><\/div>\n<div><strong><em><span style=\"color: #c00000;\"> <\/span><\/em><\/strong><\/div>\n<div>\n<div><span style=\"font-family: Arial; font-size: x-small;\"> <\/span><\/div>\n<p><span style=\"color: #000000; font-family: Arial; font-size: large;\"><strong><em>REL\u00d3GIO DO CORA\u00c7\u00c3O <\/em><\/strong><\/span><\/div>\n<div><span style=\"font-family: Arial;\"> <\/span><\/div>\n<div>\n<div>\n<div><span style=\"color: #000000; font-size: small;\"><strong>H\u00e1 tempos em nossa vida que contam de forma diferente.<br \/>\nH\u00e1 semanas que duraram anos, como h\u00e1 anos que n\u00e3o contaram um dia.<br \/>\nH\u00e1  paix\u00f5es que foram eternas, como h\u00e1 amigos que passaram c\u00e9leres, apesar  do calend\u00e1rio mostrar que eles ficaram por anos em nossas agendas.<br \/>\nH\u00e1 amores n\u00e3o realizados que deixaram olhares de meses, e beijos n\u00e3o dados que at\u00e9 hoje esperam o desfecho.<br \/>\nH\u00e1 trabalhos que nos tomaram d\u00e9cadas de nosso tempo na terra, mas que nossa mem\u00f3ria insiste em cont\u00e1-los como semanas.<br \/>\nH\u00e1 casamentos que, ao olhar para tr\u00e1s, mal preenchem os feriados das folhinhas.<br \/>\nH\u00e1 tristezas que nos paralisaram por meses, mas que hoje, passados os dias dif\u00edceis, mal guardamos lembran\u00e7as de horas.<br \/>\nH\u00e1  eventos que marcaram, e que duram para sempre, o nascimento do filho, a  morte do pai, a viagem inesquec\u00edvel, um sonho realizado.<br \/>\nEstes t\u00eam a dura\u00e7\u00e3o que nos ensina o significado da palavra &#8220;eternidade&#8221;.<br \/>\nJ\u00e1 viajei para a mesma cidade uma centena de vezes, e na maioria das vezes o tempo transcorrido foi o mesmo.<br \/>\nMas  conforme meu esp\u00edrito, houve viagem que n\u00e3o teve fim at\u00e9 hoje, como h\u00e1  percurso que nem me lembro de ter feito, t\u00e3o feliz eu estava na ocasi\u00e3o.<br \/>\nO rel\u00f3gio do cora\u00e7\u00e3o \u2013 hoje eu descubro &#8211; bate noutra freq\u00fc\u00eancia daquele que carrego no pulso.<br \/>\nMarca um tempo diferente, de emo\u00e7\u00f5es que perduram e que mostram o verdadeiro tempo da gente.<br \/>\nPor este rel\u00f3gio, velhice \u00e9 coisa de quem n\u00e3o conseguiu esticar o tempo que temos no mundo.<br \/>\n\u00c9 olhar as rugas e n\u00e3o perceber a maturidade.<br \/>\n\u00c9 pensar antes naquilo que n\u00e3o foi feito, ao inv\u00e9s de se alegrar e sorrir com as lembran\u00e7as da vida.<br \/>\nPense nisso.<br \/>\nE consulte sempre o rel\u00f3gio do cora\u00e7\u00e3o:<br \/>\nEle te mostrar\u00e1 o verdadeiro tempo do mundo.<\/p>\n<p><span style=\"color: #002060; font-family: Comic Sans MS;\">M\u00e1rio Quintana<\/span><\/strong><\/span><\/div>\n<\/div>\n<\/div>\n<\/div>\n","protected":false},"excerpt":{"rendered":"<p>Desejo-lhe um feliz domingo de\u00a0P\u00e1scoa extensivos \u00e0 todos os seus . Abra\u00e7os. KDT &#8212; REL\u00d3GIO DO CORA\u00c7\u00c3O H\u00e1 tempos em nossa vida que contam de forma diferente. H\u00e1 semanas que duraram anos, como h\u00e1 anos que n\u00e3o contaram um dia. H\u00e1 paix\u00f5es que foram eternas, como h\u00e1 amigos que passaram c\u00e9leres, apesar do calend\u00e1rio mostrar [&hellip;]<\/p>\n","protected":false},"author":2,"featured_media":0,"comment_status":"open","ping_status":"open","sticky":false,"template":"","format":"standard","meta":{"_links_to":"","_links_to_target":""},"categories":[10],"tags":[],"_links":{"self":[{"href":"https:\/\/www.r2cpress.com.br\/v1\/wp-json\/wp\/v2\/posts\/13596"}],"collection":[{"href":"https:\/\/www.r2cpress.com.br\/v1\/wp-json\/wp\/v2\/posts"}],"about":[{"href":"https:\/\/www.r2cpress.com.br\/v1\/wp-json\/wp\/v2\/types\/post"}],"author":[{"embeddable":true,"href":"https:\/\/www.r2cpress.com.br\/v1\/wp-json\/wp\/v2\/users\/2"}],"replies":[{"embeddable":true,"href":"https:\/\/www.r2cpress.com.br\/v1\/wp-json\/wp\/v2\/comments?post=13596"}],"version-history":[{"count":3,"href":"https:\/\/www.r2cpress.com.br\/v1\/wp-json\/wp\/v2\/posts\/13596\/revisions"}],"predecessor-version":[{"id":13599,"href":"https:\/\/www.r2cpress.com.br\/v1\/wp-json\/wp\/v2\/posts\/13596\/revisions\/13599"}],"wp:attachment":[{"href":"https:\/\/www.r2cpress.com.br\/v1\/wp-json\/wp\/v2\/media?parent=13596"}],"wp:term":[{"taxonomy":"category","embeddable":true,"href":"https:\/\/www.r2cpress.com.br\/v1\/wp-json\/wp\/v2\/categories?post=13596"},{"taxonomy":"post_tag","embeddable":true,"href":"https:\/\/www.r2cpress.com.br\/v1\/wp-json\/wp\/v2\/tags?post=13596"}],"curies":[{"name":"wp","href":"https:\/\/api.w.org\/{rel}","templated":true}]}}