{"id":13682,"date":"2011-04-25T12:15:17","date_gmt":"2011-04-25T15:15:17","guid":{"rendered":"http:\/\/www.r2cpress.com.br\/v1\/?p=13682"},"modified":"2011-04-25T15:41:04","modified_gmt":"2011-04-25T18:41:04","slug":"inauguracao-do-restaurante-maria-bunita","status":"publish","type":"post","link":"https:\/\/www.r2cpress.com.br\/v1\/2011\/04\/25\/inauguracao-do-restaurante-maria-bunita\/","title":{"rendered":"Inaugura\u00e7\u00e3o do RESTAURANTE MARIA BUNITA"},"content":{"rendered":"<p>V\u00e1 l\u00e1 conferir !!!<br \/>\nFica no t\u00e9rreo do Ilh\u00e9us Praia Hotel.<br \/>\nDe frente para a Catedral de S\u00e3o Sebasti\u00e3o.<br \/>\nPra\u00e7a Dom Eduardo.<br \/>\nCentro de Ilh\u00e9us.<\/p>\n<p>N\u00f3s do <strong>R2CPRESS <\/strong>desejamos para a timoneira do restaurante,  Sr\u00aa Miriam S. de Branco, m\u00e3e da nossa colega Sabrina de Branco, votos de <strong>pleno sucesso<\/strong>.<\/p>\n<p><center><div id=\"attachment_13683\" style=\"width: 198px\" class=\"wp-caption alignnone\"><a href=\"http:\/\/www.r2cpress.com.br\/v1\/wp-content\/uploads\/MONT-CAPA-SITE51.jpg\"><img aria-describedby=\"caption-attachment-13683\" loading=\"lazy\" src=\"http:\/\/www.r2cpress.com.br\/v1\/wp-content\/uploads\/MONT-CAPA-SITE51-188x300.jpg\" alt=\"\" title=\"MONT CAPA SITE\" width=\"188\" height=\"300\" class=\"size-medium wp-image-13683\" srcset=\"https:\/\/www.r2cpress.com.br\/v1\/wp-content\/uploads\/MONT-CAPA-SITE51-188x300.jpg 188w, https:\/\/www.r2cpress.com.br\/v1\/wp-content\/uploads\/MONT-CAPA-SITE51-642x1024.jpg 642w, https:\/\/www.r2cpress.com.br\/v1\/wp-content\/uploads\/MONT-CAPA-SITE51.jpg 680w\" sizes=\"(max-width: 188px) 100vw, 188px\" \/><\/a><p id=\"caption-attachment-13683\" class=\"wp-caption-text\">Fotos by Z\u00e9 Carlinhos \/ Clique para AMPLIAR.<\/p><\/div><\/center><\/p>\n<p>O Maria Bunita, um renomado Buffet respons\u00e1vel por grandes eventos em Ilh\u00e9us, h\u00e1 cerca de dois meses inaugurou uma loja de comidas congeladas no Pontal e agora chega com mais uma novidade para facilitar o dia-a-dia dos seus clientes: a inaugura\u00e7\u00e3o de um restaurante em uma das localiza\u00e7\u00f5es mais privilegiadas de Ilh\u00e9us. O novo restaurante funciona na Pra\u00e7a Dom Eduardo, em frente \u00e0 Catedral de S\u00e3o Sebasti\u00e3o e anexo ao Ilh\u00e9us Praia Hotel.<\/p>\n<p><!--more--><\/p>\n<p>O Restaurante Maria Bunita funciona todos os dias, com caf\u00e9 da manh\u00e3 aberto ao p\u00fablico de segunda a segunda, sempre das 6h \u00e0s 10h e almo\u00e7o a partir das 12h, de segunda \u00e0 sexta-feira. A id\u00e9ia \u00e9 que em breve o restaurante tamb\u00e9m abra aos s\u00e1bados, com almo\u00e7os especiais.<br \/>\nA empres\u00e1ria Miriam Souza de Branco explica que sua empresa tem buscado facilitar cada vez mais a vida dos clientes, oferecendo um servi\u00e7o de qualidade, com grande variedade de produtos. Como Buffet, o Maria Bunita realiza todos os tipos de eventos, como casamentos, anivers\u00e1rios, festas de debutantes, formaturas, confraterniza\u00e7\u00f5es de empresas, coffee-breaks, caf\u00e9 da manh\u00e3, bodas de ouro e outros eventos. Com a loja de comidas congeladas, o Maria Bunita oferece uma grande facilidade aos seus clientes. A loja conta com um card\u00e1pio bastante variado, que inclui desde salgados, tortas, e todos os tipos de comidas, como strogonoff, bob\u00f3 de camar\u00e3o, frango xadrez, berinjela \u00e0 parmegiana, lombo ao molho madeira, massas e muitos outros tipos.<br \/>\nAgora com o restaurante, todos os dias o Maria Bunita oferece um card\u00e1pio variado de massas, carnes, acompanhamentos, saladas e sobremesas, buscando sempre uma alimenta\u00e7\u00e3o variada e ao mesmo tempo saud\u00e1vel. \u201cQueremos que as pessoas tenham uma excelente op\u00e7\u00e3o de refei\u00e7\u00e3o no centro da cidade, em um ambiente agrad\u00e1vel, confort\u00e1vel e sempre com novidades\u201d, disse a empres\u00e1ria respons\u00e1vel pelo empreendimento. Sobre abrir diariamente com o caf\u00e9 da manh\u00e3, Miriam explica que \u00e9 mais uma op\u00e7\u00e3o saud\u00e1vel e pr\u00e1tica, pois muitas pessoas por falta de tempo acabam deixando de lado essa refei\u00e7\u00e3o t\u00e3o importante. Al\u00e9m disso, os clientes tamb\u00e9m podem marcar reuni\u00f5es no hor\u00e1rio do caf\u00e9 e aproveitar a comodidade desse espa\u00e7o. Ela conta que, al\u00e9m de restaurante, o local tamb\u00e9m funcionar\u00e1 como espa\u00e7o de eventos.<\/p>\n","protected":false},"excerpt":{"rendered":"<p>V\u00e1 l\u00e1 conferir !!! Fica no t\u00e9rreo do Ilh\u00e9us Praia Hotel. De frente para a Catedral de S\u00e3o Sebasti\u00e3o. Pra\u00e7a Dom Eduardo. Centro de Ilh\u00e9us. N\u00f3s do R2CPRESS desejamos para a timoneira do restaurante, Sr\u00aa Miriam S. de Branco, m\u00e3e da nossa colega Sabrina de Branco, votos de pleno sucesso. O Maria Bunita, um renomado [&hellip;]<\/p>\n","protected":false},"author":2,"featured_media":0,"comment_status":"open","ping_status":"open","sticky":false,"template":"","format":"standard","meta":{"_links_to":"","_links_to_target":""},"categories":[28],"tags":[],"_links":{"self":[{"href":"https:\/\/www.r2cpress.com.br\/v1\/wp-json\/wp\/v2\/posts\/13682"}],"collection":[{"href":"https:\/\/www.r2cpress.com.br\/v1\/wp-json\/wp\/v2\/posts"}],"about":[{"href":"https:\/\/www.r2cpress.com.br\/v1\/wp-json\/wp\/v2\/types\/post"}],"author":[{"embeddable":true,"href":"https:\/\/www.r2cpress.com.br\/v1\/wp-json\/wp\/v2\/users\/2"}],"replies":[{"embeddable":true,"href":"https:\/\/www.r2cpress.com.br\/v1\/wp-json\/wp\/v2\/comments?post=13682"}],"version-history":[{"count":5,"href":"https:\/\/www.r2cpress.com.br\/v1\/wp-json\/wp\/v2\/posts\/13682\/revisions"}],"predecessor-version":[{"id":13694,"href":"https:\/\/www.r2cpress.com.br\/v1\/wp-json\/wp\/v2\/posts\/13682\/revisions\/13694"}],"wp:attachment":[{"href":"https:\/\/www.r2cpress.com.br\/v1\/wp-json\/wp\/v2\/media?parent=13682"}],"wp:term":[{"taxonomy":"category","embeddable":true,"href":"https:\/\/www.r2cpress.com.br\/v1\/wp-json\/wp\/v2\/categories?post=13682"},{"taxonomy":"post_tag","embeddable":true,"href":"https:\/\/www.r2cpress.com.br\/v1\/wp-json\/wp\/v2\/tags?post=13682"}],"curies":[{"name":"wp","href":"https:\/\/api.w.org\/{rel}","templated":true}]}}