{"id":13839,"date":"2011-04-27T09:35:46","date_gmt":"2011-04-27T12:35:46","guid":{"rendered":"http:\/\/www.r2cpress.com.br\/v1\/?p=13839"},"modified":"2011-04-27T09:35:46","modified_gmt":"2011-04-27T12:35:46","slug":"junta-de-servico-militar-no-sac-ilheus-tera-horario-estendido","status":"publish","type":"post","link":"https:\/\/www.r2cpress.com.br\/v1\/2011\/04\/27\/junta-de-servico-militar-no-sac-ilheus-tera-horario-estendido\/","title":{"rendered":"Junta de Servi\u00e7o Militar no SAC Ilh\u00e9us ter\u00e1 hor\u00e1rio estendido"},"content":{"rendered":"<p>Todos os jovens do sexo masculino que completar\u00e3o 18 anos at\u00e9 dezembro de 2011, devem fazer o Alistamento Militar, que \u00e9 obrigat\u00f3rio e encerra dia 29 de abril (sexta-feira). Em Ilh\u00e9us, a Junta de Servi\u00e7o Militar fica localizada no SAC &#8211; Servi\u00e7o de Atendimento ao Cidad\u00e3o &#8211; na sala 6. Em vista do t\u00e9rmino do prazo, o hor\u00e1rio de funcionamento do setor ser\u00e1 estendido das 7 \u00e0s 17 horas nos dias 28 e 29 de abril.<\/p>\n<p>O procedimento s\u00f3 pode ser realizado na Junta de Servi\u00e7o Militar do munic\u00edpio em que o cidad\u00e3o reside. Para tanto, deve-se ter em m\u00e3os RG ou Certid\u00e3o de Nascimento, foto 3&#215;4 e Comprovante de Resid\u00eancia. Aqueles com mais de 18 anos devem estar cientes de que haver\u00e1 multa pelo atraso. \u00c9 importante lembrar \u00e0 popula\u00e7\u00e3o que sem o Alistamento Militar o cidad\u00e3o fica impedido de confeccionar o t\u00edtulo de eleitor, realizar matr\u00edculas em universidades, concursos p\u00fablicos e at\u00e9 admiss\u00e3o em institui\u00e7\u00f5es privadas.<\/p>\n<p>O gerente do SAC, Jamil Ock\u00e9, refor\u00e7a a chamada aos jovens por reconhecer que, mais que obriga\u00e7\u00e3o, o Alistamento Militar \u00e9 o exerc\u00edcio de comprometimento com a p\u00e1tria e a cidadania.<\/p>\n","protected":false},"excerpt":{"rendered":"<p>Todos os jovens do sexo masculino que completar\u00e3o 18 anos at\u00e9 dezembro de 2011, devem fazer o Alistamento Militar, que \u00e9 obrigat\u00f3rio e encerra dia 29 de abril (sexta-feira). Em Ilh\u00e9us, a Junta de Servi\u00e7o Militar fica localizada no SAC &#8211; Servi\u00e7o de Atendimento ao Cidad\u00e3o &#8211; na sala 6. Em vista do t\u00e9rmino do [&hellip;]<\/p>\n","protected":false},"author":2,"featured_media":0,"comment_status":"open","ping_status":"open","sticky":false,"template":"","format":"standard","meta":{"_links_to":"","_links_to_target":""},"categories":[14],"tags":[],"_links":{"self":[{"href":"https:\/\/www.r2cpress.com.br\/v1\/wp-json\/wp\/v2\/posts\/13839"}],"collection":[{"href":"https:\/\/www.r2cpress.com.br\/v1\/wp-json\/wp\/v2\/posts"}],"about":[{"href":"https:\/\/www.r2cpress.com.br\/v1\/wp-json\/wp\/v2\/types\/post"}],"author":[{"embeddable":true,"href":"https:\/\/www.r2cpress.com.br\/v1\/wp-json\/wp\/v2\/users\/2"}],"replies":[{"embeddable":true,"href":"https:\/\/www.r2cpress.com.br\/v1\/wp-json\/wp\/v2\/comments?post=13839"}],"version-history":[{"count":2,"href":"https:\/\/www.r2cpress.com.br\/v1\/wp-json\/wp\/v2\/posts\/13839\/revisions"}],"predecessor-version":[{"id":13841,"href":"https:\/\/www.r2cpress.com.br\/v1\/wp-json\/wp\/v2\/posts\/13839\/revisions\/13841"}],"wp:attachment":[{"href":"https:\/\/www.r2cpress.com.br\/v1\/wp-json\/wp\/v2\/media?parent=13839"}],"wp:term":[{"taxonomy":"category","embeddable":true,"href":"https:\/\/www.r2cpress.com.br\/v1\/wp-json\/wp\/v2\/categories?post=13839"},{"taxonomy":"post_tag","embeddable":true,"href":"https:\/\/www.r2cpress.com.br\/v1\/wp-json\/wp\/v2\/tags?post=13839"}],"curies":[{"name":"wp","href":"https:\/\/api.w.org\/{rel}","templated":true}]}}