{"id":14128,"date":"2011-04-30T15:17:47","date_gmt":"2011-04-30T18:17:47","guid":{"rendered":"http:\/\/www.r2cpress.com.br\/v1\/?p=14128"},"modified":"2011-04-30T15:17:47","modified_gmt":"2011-04-30T18:17:47","slug":"os-caretas-mascarados-e-desmascarados","status":"publish","type":"post","link":"https:\/\/www.r2cpress.com.br\/v1\/2011\/04\/30\/os-caretas-mascarados-e-desmascarados\/","title":{"rendered":"OS CARETAS \/ MASCARADOS E DESMASCARADOS"},"content":{"rendered":"<p>Conhe\u00e7a o <strong>SEGUNDO <\/strong>bloco mais animados do Carnaval de Ilh\u00e9us.<br \/>\nEm que pese o <strong>NERO DEVASSO <\/strong> n\u00e3o sair mais no carnaval ilheense, ele continua e continuar\u00e1 reinando <strong>SOBERANAMENTE<\/strong>. (Desculpem, Caretas!!!! mas o NERO \u00e9 imbat\u00edvel at\u00e9 hoje rsrsrsrsrsrsrs).<\/p>\n<p><strong>Nos CARETAS dois detalhes se destacam por conta da repetitividade:<\/strong><\/p>\n<p>1 &#8211; A comida \u00e9 a mesma desde o in\u00edcio dos caretas que, a bem da verdade, come\u00e7ou com 3 animados foli\u00f5es;<br \/>\n2 &#8211; Um dos componentes, desde o primeiro ano, n\u00e3o consegue sair &#8216;inteiro&#8217; da concentra\u00e7\u00e3o para o t\u00e3o esperado desfile. Geralmente ele \u00e9 colocado num carro (de amigo ou taxi) e despachado para a casa dele. No outro dia ele fica sabendo como foi o desfile.<\/p>\n<p><font color = \"red\"><strong>ATEN\u00c7\u00c3O<\/strong><\/font><br \/>\nAlgumas imagens s\u00e3o fortes. Recomenda-se que este \u00e1lbum n\u00e3o seja aberto na presen\u00e7a de crian\u00e7as e adolescentes. <\/p>\n<p><center><img src = \"https:\/\/lh4.googleusercontent.com\/_PQy7A06gDto\/Tbw6BwHUDdI\/AAAAAAAAzyI\/L4d7wwlnHDw\/mont%20capa%20site%20COM%20450.jpg\"\/><\/center><\/p>\n<p>Conhe\u00e7a os <strong>CARETAS <\/strong>clicando <a href = \"https:\/\/picasaweb.google.com\/r2cpress\/OSCARETASMASCARADOSEDESMASCARADOS?authkey=Gv1sRgCKCWprX_je_4dA#\" target = \"_news\"><b>AQUI<\/b><\/a> e depois em apresenta\u00e7\u00e3o de slides.<\/p>\n<p>&#8212;<br \/>\n<center><strong>A propor\u00e7\u00e3o que novas fotos forem chegando estaremos informando.<\/strong><\/center><\/p>\n","protected":false},"excerpt":{"rendered":"<p>Conhe\u00e7a o SEGUNDO bloco mais animados do Carnaval de Ilh\u00e9us. Em que pese o NERO DEVASSO n\u00e3o sair mais no carnaval ilheense, ele continua e continuar\u00e1 reinando SOBERANAMENTE. (Desculpem, Caretas!!!! mas o NERO \u00e9 imbat\u00edvel at\u00e9 hoje rsrsrsrsrsrsrs). Nos CARETAS dois detalhes se destacam por conta da repetitividade: 1 &#8211; A comida \u00e9 a mesma [&hellip;]<\/p>\n","protected":false},"author":2,"featured_media":0,"comment_status":"open","ping_status":"open","sticky":false,"template":"","format":"standard","meta":{"_links_to":"","_links_to_target":""},"categories":[14],"tags":[],"_links":{"self":[{"href":"https:\/\/www.r2cpress.com.br\/v1\/wp-json\/wp\/v2\/posts\/14128"}],"collection":[{"href":"https:\/\/www.r2cpress.com.br\/v1\/wp-json\/wp\/v2\/posts"}],"about":[{"href":"https:\/\/www.r2cpress.com.br\/v1\/wp-json\/wp\/v2\/types\/post"}],"author":[{"embeddable":true,"href":"https:\/\/www.r2cpress.com.br\/v1\/wp-json\/wp\/v2\/users\/2"}],"replies":[{"embeddable":true,"href":"https:\/\/www.r2cpress.com.br\/v1\/wp-json\/wp\/v2\/comments?post=14128"}],"version-history":[{"count":7,"href":"https:\/\/www.r2cpress.com.br\/v1\/wp-json\/wp\/v2\/posts\/14128\/revisions"}],"predecessor-version":[{"id":14135,"href":"https:\/\/www.r2cpress.com.br\/v1\/wp-json\/wp\/v2\/posts\/14128\/revisions\/14135"}],"wp:attachment":[{"href":"https:\/\/www.r2cpress.com.br\/v1\/wp-json\/wp\/v2\/media?parent=14128"}],"wp:term":[{"taxonomy":"category","embeddable":true,"href":"https:\/\/www.r2cpress.com.br\/v1\/wp-json\/wp\/v2\/categories?post=14128"},{"taxonomy":"post_tag","embeddable":true,"href":"https:\/\/www.r2cpress.com.br\/v1\/wp-json\/wp\/v2\/tags?post=14128"}],"curies":[{"name":"wp","href":"https:\/\/api.w.org\/{rel}","templated":true}]}}