{"id":14294,"date":"2011-05-03T12:02:34","date_gmt":"2011-05-03T15:02:34","guid":{"rendered":"http:\/\/www.r2cpress.com.br\/v1\/?p=14294"},"modified":"2011-05-03T12:03:03","modified_gmt":"2011-05-03T15:03:03","slug":"funcionamento-comercio-dia-das-maes","status":"publish","type":"post","link":"https:\/\/www.r2cpress.com.br\/v1\/2011\/05\/03\/funcionamento-comercio-dia-das-maes\/","title":{"rendered":"FUNCIONAMENTO COM\u00c9RCIO DIA DAS M\u00c3ES!"},"content":{"rendered":"<p>A<\/p>\n<p>R2CPress<\/p>\n<p><strong>At. Sr. Roberto Rabat<\/strong><\/p>\n<p>Solicitamos se poss\u00edvel, a gentileza de publicar nesse conceituado \u00f3rg\u00e3o<\/p>\n<p>de comunica\u00e7\u00e3o,\u00a0 o comunicado sobre o funcionamento do com\u00e9rcio para o<\/p>\n<p>per\u00edodo do Dia das M\u00e3es.<\/p>\n<p>Desde j\u00e1 agradecemos e desejamos a todos um Feliz Dia das M\u00e3es!<\/p>\n<p style=\"text-align: center;\"><strong>Antonio Augusto de O. L. e Costa<\/strong><\/p>\n<p style=\"text-align: center;\"><strong>Presidente<\/strong><\/p>\n<p style=\"text-align: center;\"><strong>&#8212;<br \/>\n<\/strong><\/p>\n<p>Ref: &#8211; <strong><span style=\"text-decoration: underline;\">DIA DAS M\u00c3ES<\/span><\/strong><\/p>\n<p>Visando melhorar as vendas para o per\u00edodo do <strong><span style=\"text-decoration: underline;\">DIA DAS M\u00c3ES<\/span><\/strong>, na Conven\u00e7\u00e3o Coletiva de<\/p>\n<p>Trabalho 2010\/2011, acordamos com o Sindicato dos Comerci\u00e1rios o seguinte hor\u00e1rio de funcionamento do com\u00e9rcio:<\/p>\n<p>Dias <strong><span style=\"text-decoration: underline;\">05<\/span><\/strong><span style=\"text-decoration: underline;\"> <\/span><span style=\"text-decoration: underline;\">e<\/span><span style=\"text-decoration: underline;\"> <strong>06\/05\/2011<\/strong><\/span> (<strong>Quinta e sexta-feira<\/strong>) das <strong><span style=\"text-decoration: underline;\">09:00 \u00e0s 20:00<\/span><\/strong><strong><span style=\"text-decoration: underline;\"> hs<\/span><\/strong><\/p>\n<p>Dia <strong><span style=\"text-decoration: underline;\">07\/05\/2011<\/span><\/strong> (<strong>S\u00e1bado<\/strong>) das <strong><span style=\"text-decoration: underline;\">09:00 \u00e0s 18:00<\/span><\/strong><strong><span style=\"text-decoration: underline;\"> hs<\/span><\/strong>.<\/p>\n<p style=\"text-align: center;\">Desejamos a todos um Feliz Dia das M\u00e3es!<\/p>\n<p style=\"text-align: center;\"><strong>Antonio Augusto de O. L. e Costa<\/strong><\/p>\n<p style=\"text-align: center;\"><strong>Presidente<\/strong><\/p>\n","protected":false},"excerpt":{"rendered":"<p>A R2CPress At. Sr. Roberto Rabat Solicitamos se poss\u00edvel, a gentileza de publicar nesse conceituado \u00f3rg\u00e3o de comunica\u00e7\u00e3o,\u00a0 o comunicado sobre o funcionamento do com\u00e9rcio para o per\u00edodo do Dia das M\u00e3es. Desde j\u00e1 agradecemos e desejamos a todos um Feliz Dia das M\u00e3es! Antonio Augusto de O. L. e Costa Presidente &#8212; Ref: &#8211; [&hellip;]<\/p>\n","protected":false},"author":2,"featured_media":0,"comment_status":"open","ping_status":"open","sticky":false,"template":"","format":"standard","meta":{"_links_to":"","_links_to_target":""},"categories":[19],"tags":[],"_links":{"self":[{"href":"https:\/\/www.r2cpress.com.br\/v1\/wp-json\/wp\/v2\/posts\/14294"}],"collection":[{"href":"https:\/\/www.r2cpress.com.br\/v1\/wp-json\/wp\/v2\/posts"}],"about":[{"href":"https:\/\/www.r2cpress.com.br\/v1\/wp-json\/wp\/v2\/types\/post"}],"author":[{"embeddable":true,"href":"https:\/\/www.r2cpress.com.br\/v1\/wp-json\/wp\/v2\/users\/2"}],"replies":[{"embeddable":true,"href":"https:\/\/www.r2cpress.com.br\/v1\/wp-json\/wp\/v2\/comments?post=14294"}],"version-history":[{"count":5,"href":"https:\/\/www.r2cpress.com.br\/v1\/wp-json\/wp\/v2\/posts\/14294\/revisions"}],"predecessor-version":[{"id":14299,"href":"https:\/\/www.r2cpress.com.br\/v1\/wp-json\/wp\/v2\/posts\/14294\/revisions\/14299"}],"wp:attachment":[{"href":"https:\/\/www.r2cpress.com.br\/v1\/wp-json\/wp\/v2\/media?parent=14294"}],"wp:term":[{"taxonomy":"category","embeddable":true,"href":"https:\/\/www.r2cpress.com.br\/v1\/wp-json\/wp\/v2\/categories?post=14294"},{"taxonomy":"post_tag","embeddable":true,"href":"https:\/\/www.r2cpress.com.br\/v1\/wp-json\/wp\/v2\/tags?post=14294"}],"curies":[{"name":"wp","href":"https:\/\/api.w.org\/{rel}","templated":true}]}}