{"id":14316,"date":"2011-05-03T16:37:03","date_gmt":"2011-05-03T19:37:03","guid":{"rendered":"http:\/\/www.r2cpress.com.br\/v1\/?p=14316"},"modified":"2011-05-03T16:37:03","modified_gmt":"2011-05-03T19:37:03","slug":"solenidade-de-posse-do-conselho-municipal-de-cultura","status":"publish","type":"post","link":"https:\/\/www.r2cpress.com.br\/v1\/2011\/05\/03\/solenidade-de-posse-do-conselho-municipal-de-cultura\/","title":{"rendered":"SOLENIDADE DE POSSE DO CONSELHO MUNICIPAL DE CULTURA"},"content":{"rendered":"<p>Ilh\u00e9us, 30 de abril de 2011<\/p>\n<p>Ser\u00e1 realizada nesta sexta-feira dia 6 de maio de 2011 a Solenidade de Posse da nova diretoria do Conselho Municipal de Cultura de Ilh\u00e9us. A cerim\u00f4nia acontecer\u00e1 a partir das 18:30 hs, no Espa\u00e7o Cultural Bataclan, situado \u00e0 Avenida 2 de Julho \u2013 Centro. O evento contar\u00e1 com a presen\u00e7a dos representantes do <strong>MINC (Minist\u00e9rio da cultura, SECULT (secretaria de cultura do estado), PMI (prefeitura municipal de Ilh\u00e9us), FUNDACI (Funda\u00e7\u00e3o cultural de Ilh\u00e9us), CMC (Conselho Municipal de cultura)<\/strong>, na oportunidade ser\u00e3o entregues diplomas conferindo os t\u00edtulos de membros do CMC.<\/p>\n<p style=\"text-align: center;\"><strong>Atenciosamente,<\/strong><\/p>\n<p style=\"text-align: center;\"><strong>Prof. Dr. Andr\u00e9 Luiz Rosa Ribeiro<\/strong><\/p>\n<p style=\"text-align: center;\"><strong>Presidente do CMC<\/strong><\/p>\n<p><strong> <\/strong><\/p>\n<p><strong>PROGRAMA\u00c7\u00c3O DA SOLENIDADE DE POSSE DO CONSELHO MUNICIPAL DE CULTURA<\/strong><\/p>\n<p>18:30- Recep\u00e7\u00e3o aos convidados (Roda de Capoeira)<\/p>\n<p>19:00- Apresenta\u00e7\u00e3o de Bal\u00e9 Afro<\/p>\n<p>19:10- Apresenta\u00e7\u00e3o Teatral<\/p>\n<p>19:20- Apresenta\u00e7\u00e3o de Dan\u00e7a<\/p>\n<p>19:30- Forma\u00e7\u00e3o da Mesa de \u00d3rg\u00e3os de Cultura (MINC \/SECULT \/ PMI \/ FUNDACI \/ CMC)<\/p>\n<p>20:00- Entrega de Diplomas aos Conselheiros Titulares e Suplentes<\/p>\n<p>20:40- Fala do Presidente Eleito<\/p>\n<p>21:00- Apresenta\u00e7\u00e3o Musical<\/p>\n<p><strong> <\/strong><\/p>\n","protected":false},"excerpt":{"rendered":"<p>Ilh\u00e9us, 30 de abril de 2011 Ser\u00e1 realizada nesta sexta-feira dia 6 de maio de 2011 a Solenidade de Posse da nova diretoria do Conselho Municipal de Cultura de Ilh\u00e9us. A cerim\u00f4nia acontecer\u00e1 a partir das 18:30 hs, no Espa\u00e7o Cultural Bataclan, situado \u00e0 Avenida 2 de Julho \u2013 Centro. O evento contar\u00e1 com a [&hellip;]<\/p>\n","protected":false},"author":2,"featured_media":0,"comment_status":"open","ping_status":"open","sticky":false,"template":"","format":"standard","meta":{"_links_to":"","_links_to_target":""},"categories":[5],"tags":[],"_links":{"self":[{"href":"https:\/\/www.r2cpress.com.br\/v1\/wp-json\/wp\/v2\/posts\/14316"}],"collection":[{"href":"https:\/\/www.r2cpress.com.br\/v1\/wp-json\/wp\/v2\/posts"}],"about":[{"href":"https:\/\/www.r2cpress.com.br\/v1\/wp-json\/wp\/v2\/types\/post"}],"author":[{"embeddable":true,"href":"https:\/\/www.r2cpress.com.br\/v1\/wp-json\/wp\/v2\/users\/2"}],"replies":[{"embeddable":true,"href":"https:\/\/www.r2cpress.com.br\/v1\/wp-json\/wp\/v2\/comments?post=14316"}],"version-history":[{"count":3,"href":"https:\/\/www.r2cpress.com.br\/v1\/wp-json\/wp\/v2\/posts\/14316\/revisions"}],"predecessor-version":[{"id":14319,"href":"https:\/\/www.r2cpress.com.br\/v1\/wp-json\/wp\/v2\/posts\/14316\/revisions\/14319"}],"wp:attachment":[{"href":"https:\/\/www.r2cpress.com.br\/v1\/wp-json\/wp\/v2\/media?parent=14316"}],"wp:term":[{"taxonomy":"category","embeddable":true,"href":"https:\/\/www.r2cpress.com.br\/v1\/wp-json\/wp\/v2\/categories?post=14316"},{"taxonomy":"post_tag","embeddable":true,"href":"https:\/\/www.r2cpress.com.br\/v1\/wp-json\/wp\/v2\/tags?post=14316"}],"curies":[{"name":"wp","href":"https:\/\/api.w.org\/{rel}","templated":true}]}}