{"id":14323,"date":"2011-05-03T20:24:44","date_gmt":"2011-05-03T23:24:44","guid":{"rendered":"http:\/\/www.r2cpress.com.br\/v1\/?p=14323"},"modified":"2011-05-03T20:24:44","modified_gmt":"2011-05-03T23:24:44","slug":"gesto-concreto","status":"publish","type":"post","link":"https:\/\/www.r2cpress.com.br\/v1\/2011\/05\/03\/gesto-concreto\/","title":{"rendered":"GESTO CONCRETO"},"content":{"rendered":"<p>A Coordena\u00e7\u00e3o da Missa para os Homens, convida todos os membros e a comunidade em geral, para a Celebra\u00e7\u00e3o Eucar\u00edstica desta quinta-feira &#8211; 05 05 2011 &#8211; \u00e0s 19hs30 &#8211;  onde estaremos fazendo um GESTO CONCRETO em pr\u00f3 do ABRIGO S\u00c3O VICENTE.<br \/>\nMaterial higi\u00eanico, fraldas geri\u00e1tricas al\u00e9m de alimentos n\u00e3o perec\u00edveis, ser\u00e1 a nossa oferta.<\/p>\n<p><b><center> &#8220;Fora da caridade n\u00e3o existe salva\u00e7\u00e3o&#8221;<\/center><\/b><\/p>\n","protected":false},"excerpt":{"rendered":"<p>A Coordena\u00e7\u00e3o da Missa para os Homens, convida todos os membros e a comunidade em geral, para a Celebra\u00e7\u00e3o Eucar\u00edstica desta quinta-feira &#8211; 05 05 2011 &#8211; \u00e0s 19hs30 &#8211; onde estaremos fazendo um GESTO CONCRETO em pr\u00f3 do ABRIGO S\u00c3O VICENTE. Material higi\u00eanico, fraldas geri\u00e1tricas al\u00e9m de alimentos n\u00e3o perec\u00edveis, ser\u00e1 a nossa oferta. [&hellip;]<\/p>\n","protected":false},"author":2,"featured_media":0,"comment_status":"open","ping_status":"open","sticky":false,"template":"","format":"standard","meta":{"_links_to":"","_links_to_target":""},"categories":[28],"tags":[],"_links":{"self":[{"href":"https:\/\/www.r2cpress.com.br\/v1\/wp-json\/wp\/v2\/posts\/14323"}],"collection":[{"href":"https:\/\/www.r2cpress.com.br\/v1\/wp-json\/wp\/v2\/posts"}],"about":[{"href":"https:\/\/www.r2cpress.com.br\/v1\/wp-json\/wp\/v2\/types\/post"}],"author":[{"embeddable":true,"href":"https:\/\/www.r2cpress.com.br\/v1\/wp-json\/wp\/v2\/users\/2"}],"replies":[{"embeddable":true,"href":"https:\/\/www.r2cpress.com.br\/v1\/wp-json\/wp\/v2\/comments?post=14323"}],"version-history":[{"count":2,"href":"https:\/\/www.r2cpress.com.br\/v1\/wp-json\/wp\/v2\/posts\/14323\/revisions"}],"predecessor-version":[{"id":14325,"href":"https:\/\/www.r2cpress.com.br\/v1\/wp-json\/wp\/v2\/posts\/14323\/revisions\/14325"}],"wp:attachment":[{"href":"https:\/\/www.r2cpress.com.br\/v1\/wp-json\/wp\/v2\/media?parent=14323"}],"wp:term":[{"taxonomy":"category","embeddable":true,"href":"https:\/\/www.r2cpress.com.br\/v1\/wp-json\/wp\/v2\/categories?post=14323"},{"taxonomy":"post_tag","embeddable":true,"href":"https:\/\/www.r2cpress.com.br\/v1\/wp-json\/wp\/v2\/tags?post=14323"}],"curies":[{"name":"wp","href":"https:\/\/api.w.org\/{rel}","templated":true}]}}