{"id":14376,"date":"2011-05-04T16:14:18","date_gmt":"2011-05-04T19:14:18","guid":{"rendered":"http:\/\/www.r2cpress.com.br\/v1\/?p=14376"},"modified":"2011-05-04T16:14:18","modified_gmt":"2011-05-04T19:14:18","slug":"reuniao-apresenta-atual-cenario-do-projeto-do-complexo-intermodal-porto-sul","status":"publish","type":"post","link":"https:\/\/www.r2cpress.com.br\/v1\/2011\/05\/04\/reuniao-apresenta-atual-cenario-do-projeto-do-complexo-intermodal-porto-sul\/","title":{"rendered":"Reuni\u00e3o apresenta atual cen\u00e1rio do projeto do Complexo Intermodal Porto Sul"},"content":{"rendered":"<p><div id=\"attachment_14377\" style=\"width: 310px\" class=\"wp-caption alignleft\"><a href=\"http:\/\/www.r2cpress.com.br\/v1\/wp-content\/uploads\/Porto-Sul.jpg\"><img aria-describedby=\"caption-attachment-14377\" loading=\"lazy\" src=\"http:\/\/www.r2cpress.com.br\/v1\/wp-content\/uploads\/Porto-Sul-300x225.jpg\" alt=\"\" title=\"Porto Sul\" width=\"300\" height=\"225\" class=\"size-medium wp-image-14377\" srcset=\"https:\/\/www.r2cpress.com.br\/v1\/wp-content\/uploads\/Porto-Sul-300x225.jpg 300w, https:\/\/www.r2cpress.com.br\/v1\/wp-content\/uploads\/Porto-Sul.jpg 680w\" sizes=\"(max-width: 300px) 100vw, 300px\" \/><\/a><p id=\"caption-attachment-14377\" class=\"wp-caption-text\">Clique para AMPLIAR.<\/p><\/div>Deputados integrantes das comiss\u00f5es de Infraestrutura, Desenvolvimento Econ\u00f4mico e Turismo, e Especial do Complexo Intermodal Porto Sul, presididas respectivamente pelas deputadas \u00c2ngela Sousa (PSC) e Ivana Bastos (PMDB), reuniram-se nesta quarta-feira (04) para discutir a atual situa\u00e7\u00e3o do projeto do Intermodal, que inclui a Ferrovia de Integra\u00e7\u00e3o Oeste-Leste (Fiol), e mais um porto e um aeroporto em Ilh\u00e9us.<\/p>\n<p>A reuni\u00e3o, ocorrida na Assembleia, contou com as presen\u00e7as do vice-presidente da Bahia Minera\u00e7\u00e3o, Clovis Torres, e do assessor da Secretaria Estadual de Planejamento, Ant\u00f4nio Alberto Valen\u00e7a, al\u00e9m do ge\u00f3logo Jo\u00e3o Carlos Cavalcanti, entre outros. No encontro, Valen\u00e7a afirmou que o maior entrave para a implanta\u00e7\u00e3o do Porto Sul foi resolvido com a transfer\u00eancia do projeto da Ponta da Tulha para a regi\u00e3o de Aritagu\u00e1.<\/p>\n<p><!--more--><\/p>\n<p>O posicionamento do assessor, que representava o secret\u00e1rio Zez\u00e9u Ribeiro, foi referendado pelos parlamentares, inclusive Eures Ribeiro, do PV. Segundo ele, \u201cn\u00e3o s\u00f3 o Partido Verde, como entidades ambientalistas consideram (a mudan\u00e7a da \u00e1rea) um um gesto nobre do governador Jaques Wagner\u201d.<\/p>\n<p>\u00c2ngela Sousa apoiou a proposta apresentada pela deputada Ivana Bastos, de se criar na Assembleia uma frente parlamentar em defesa do Porto Sul e da Fiol. \u201cEsse \u00e9 um empreendimento da maior import\u00e2ncia da Bahia, que se compara, como bem afirmou o Doutor Alberto Valen\u00e7a, \u00e0 implanta\u00e7\u00e3o do Polo Petroqu\u00edmico de Cama\u00e7ari na d\u00e9cada de 70\u201d, declarou \u00c2ngela.<\/p>\n<p>Outros deputados estaduais que participaram da reuni\u00e3o foram Augusto Castro (PSDB), Maria Del Carmen (PT) e Cl\u00e1udia Oliveira (PR). No encontro, todos reafirmaram inten\u00e7\u00e3o de se promover audi\u00eancias nas cidades inclu\u00eddas na \u00e1rea de influ\u00eancia dos projetos da Fiol e do Porto Sul. As datas dessas audi\u00eancias ainda ser\u00e3o definidas.<\/p>\n","protected":false},"excerpt":{"rendered":"<p>Deputados integrantes das comiss\u00f5es de Infraestrutura, Desenvolvimento Econ\u00f4mico e Turismo, e Especial do Complexo Intermodal Porto Sul, presididas respectivamente pelas deputadas \u00c2ngela Sousa (PSC) e Ivana Bastos (PMDB), reuniram-se nesta quarta-feira (04) para discutir a atual situa\u00e7\u00e3o do projeto do Intermodal, que inclui a Ferrovia de Integra\u00e7\u00e3o Oeste-Leste (Fiol), e mais um porto e um [&hellip;]<\/p>\n","protected":false},"author":2,"featured_media":0,"comment_status":"open","ping_status":"open","sticky":false,"template":"","format":"standard","meta":{"_links_to":"","_links_to_target":""},"categories":[22],"tags":[],"_links":{"self":[{"href":"https:\/\/www.r2cpress.com.br\/v1\/wp-json\/wp\/v2\/posts\/14376"}],"collection":[{"href":"https:\/\/www.r2cpress.com.br\/v1\/wp-json\/wp\/v2\/posts"}],"about":[{"href":"https:\/\/www.r2cpress.com.br\/v1\/wp-json\/wp\/v2\/types\/post"}],"author":[{"embeddable":true,"href":"https:\/\/www.r2cpress.com.br\/v1\/wp-json\/wp\/v2\/users\/2"}],"replies":[{"embeddable":true,"href":"https:\/\/www.r2cpress.com.br\/v1\/wp-json\/wp\/v2\/comments?post=14376"}],"version-history":[{"count":3,"href":"https:\/\/www.r2cpress.com.br\/v1\/wp-json\/wp\/v2\/posts\/14376\/revisions"}],"predecessor-version":[{"id":14380,"href":"https:\/\/www.r2cpress.com.br\/v1\/wp-json\/wp\/v2\/posts\/14376\/revisions\/14380"}],"wp:attachment":[{"href":"https:\/\/www.r2cpress.com.br\/v1\/wp-json\/wp\/v2\/media?parent=14376"}],"wp:term":[{"taxonomy":"category","embeddable":true,"href":"https:\/\/www.r2cpress.com.br\/v1\/wp-json\/wp\/v2\/categories?post=14376"},{"taxonomy":"post_tag","embeddable":true,"href":"https:\/\/www.r2cpress.com.br\/v1\/wp-json\/wp\/v2\/tags?post=14376"}],"curies":[{"name":"wp","href":"https:\/\/api.w.org\/{rel}","templated":true}]}}