{"id":14384,"date":"2011-05-04T17:59:27","date_gmt":"2011-05-04T20:59:27","guid":{"rendered":"http:\/\/www.r2cpress.com.br\/v1\/?p=14384"},"modified":"2011-05-04T17:59:27","modified_gmt":"2011-05-04T20:59:27","slug":"critica-especializada-%e2%80%9crasga-elogios%e2%80%9d-ao-teatro-popular-de-ilheus","status":"publish","type":"post","link":"https:\/\/www.r2cpress.com.br\/v1\/2011\/05\/04\/critica-especializada-%e2%80%9crasga-elogios%e2%80%9d-ao-teatro-popular-de-ilheus\/","title":{"rendered":"CR\u00cdTICA ESPECIALIZADA \u201cRASGA ELOGIOS\u201d AO TEATRO POPULAR DE ILH\u00c9US"},"content":{"rendered":"<blockquote>\n<p style=\"text-align: center;\"><strong> <em>\u201cEntre muitas coisas admir\u00e1veis em Teodorico Majes-<\/em><\/strong><\/p>\n<p style=\"text-align: center;\"><strong><em>tade, destaca-se a consci\u00eancia dos atores, que s\u00e3o \u00f3timos<\/em><\/strong><\/p>\n<p style=\"text-align: center;\"><strong><em>c\u00f4micos, mas n\u00e3o se deixam levar pela pr\u00f3pria gra\u00e7a, explo-<\/em><\/strong><\/p>\n<p style=\"text-align: center;\"><strong><em>rando efeitos \u00e0 ca\u00e7a do riso f\u00e1cil, H\u00e1 um rigor expl\u00edcito na<\/em><\/strong><\/p>\n<p style=\"text-align: center;\"><strong><em>condu\u00e7\u00e3o da trama, uma sobriedade na interpreta\u00e7\u00e3o, que<\/em><\/strong><\/p>\n<p style=\"text-align: center;\"><strong><em>longe de diluir a comicidade torna-a cr\u00edtica e consequente.<\/em><\/strong><\/p>\n<p style=\"text-align: center;\"><strong><em>Um belo e digno exemplo de teatro popular\u201d.<\/em><\/strong><\/p>\n<p style=\"text-align: center;\"><strong><em> <\/em><\/strong><\/p>\n<p style=\"text-align: center;\"><strong><em>Sebasti\u00e3o Milar\u00e9<\/em><em> <\/em><\/strong><\/p>\n<\/blockquote>\n<p><strong> <\/strong><\/p>\n<p><strong> <\/strong><\/p>\n<p><strong> <\/strong><\/p>\n<div id=\"attachment_14385\" style=\"width: 310px\" class=\"wp-caption alignleft\"><a href=\"http:\/\/www.r2cpress.com.br\/v1\/wp-content\/uploads\/Teodorico-na-VI-Mostra.jpg\"><img aria-describedby=\"caption-attachment-14385\" loading=\"lazy\" class=\"size-medium wp-image-14385\" title=\"SONY DSC\" src=\"http:\/\/www.r2cpress.com.br\/v1\/wp-content\/uploads\/Teodorico-na-VI-Mostra-300x138.jpg\" alt=\"\" width=\"300\" height=\"138\" srcset=\"https:\/\/www.r2cpress.com.br\/v1\/wp-content\/uploads\/Teodorico-na-VI-Mostra-300x138.jpg 300w, https:\/\/www.r2cpress.com.br\/v1\/wp-content\/uploads\/Teodorico-na-VI-Mostra.jpg 680w\" sizes=\"(max-width: 300px) 100vw, 300px\" \/><\/a><p id=\"caption-attachment-14385\" class=\"wp-caption-text\">Teodorico na VI Mostra<\/p><\/div>\n<p>A apresenta\u00e7\u00e3o de \u201cTeodorico Majestade \u2013 As \u00daltimas Horas de Um Prefeito\u201d, na VI Mostra Latino Americana de Teatro de Grupo, emocionou o p\u00fablico presente na sala Jardel Filho, do Centro Cultural S\u00e3o Paulo.<\/p>\n<p>A encena\u00e7\u00e3o do Teatro Popular de Ilh\u00e9us, no dia 1\u00ba de maio, encerrou o evento que reuniu 33 companhias teatrais da America latina e da Europa.<\/p>\n<p>Al\u00e9m de propiciar o \u00eaxtase das pessoas que assistiram, Teodorico Majestade rendeu elogios de dois analistas respeitados no meio teatral: os cr\u00edticos Sebasti\u00e3o Milar\u00e9 e o colombiano Jos\u00e9 Assad.<\/p>\n<p><!--more-->Milar\u00e9, nascido em Guapia\u00e7u (SP), em 1945, fundou a revista \u201cAntaprofana\u201d e escreve cr\u00edticas para publica\u00e7\u00f5es estrangeiras importantes, como: La Escena Latino Am\u00e9rica, Di\u00f3genes e Sete Palcos. Al\u00e9m disso, \u00e9 um dos principais estudiosos da obra do diretor Antunes Filho, um dos \u00edcones do teatro brasileiro.<\/p>\n<p>Assad \u00e9 membro da ITI, uma organiza\u00e7\u00e3o mundial de Teatro, que tem o apoio da UNESCO (Organiza\u00e7\u00e3o das Na\u00e7\u00f5es Unidas para a Educa\u00e7\u00e3o, a Ci\u00eancia e a Cultura).<\/p>\n<p>Ambos ressaltaram a comicidade atraente do espet\u00e1culo. Milar\u00e9 destacou a consci\u00eancia dos atores, \u201cque s\u00e3o \u00f3timos c\u00f4micos, mas n\u00e3o se deixam levar pela pr\u00f3pria gra\u00e7a, explorando efeitos \u00e0 ca\u00e7a do riso f\u00e1cil\u201d. Satisfeito com a cr\u00edtica pol\u00edtica, ele afirmou que \u201ch\u00e1 um rigor expl\u00edcito na condu\u00e7\u00e3o da trama, uma sobriedade na interpreta\u00e7\u00e3o, que longe de diluir a comicidade torna-a cr\u00edtica e conseq\u00fcente\u201d. O colombiano Assad considerou o teatro \u201cvivo e festivo\u201d do TPI, digno de celebrados autores, a exemplo de: Arist\u00f3fanes, Moli\u00e8re e Lope de Vega. Segundo ele, Teodorico Majestade acerta contas com o elemento transgressor dos costumes sociais (o pol\u00edtico desonesto), submetendo-o ao esc\u00e1rnio p\u00fablico. As cr\u00edticas podem ser conferidas no endere\u00e7o <a href=\"www.mostralatinoamericana.com.br\/?p=1595\">www.mostralatinoamericana.com.br\/?p=1595<\/a>.<\/p>\n<p>Depois da excelente recep\u00e7\u00e3o em S\u00e3o  Paulo, o Teatro Popular de Ilh\u00e9us prepara a estr\u00e9ia de \u201cO Inspetor Geral \u2013 sai o prefeito entra o vice\u201d, continua\u00e7\u00e3o de \u201cTeodorico\u201d, inspirado na obra do escritor russo Nikolai Gogol.<\/p>\n<p>A primeira apresenta\u00e7\u00e3o ser\u00e1 no dia 13 de maio, na capital paulista. A montagem tem o apoio do SESI\/S\u00e3o Paulo.<\/p>\n","protected":false},"excerpt":{"rendered":"<p>\u201cEntre muitas coisas admir\u00e1veis em Teodorico Majes- tade, destaca-se a consci\u00eancia dos atores, que s\u00e3o \u00f3timos c\u00f4micos, mas n\u00e3o se deixam levar pela pr\u00f3pria gra\u00e7a, explo- rando efeitos \u00e0 ca\u00e7a do riso f\u00e1cil, H\u00e1 um rigor expl\u00edcito na condu\u00e7\u00e3o da trama, uma sobriedade na interpreta\u00e7\u00e3o, que longe de diluir a comicidade torna-a cr\u00edtica e consequente. [&hellip;]<\/p>\n","protected":false},"author":2,"featured_media":0,"comment_status":"open","ping_status":"open","sticky":false,"template":"","format":"standard","meta":{"_links_to":"","_links_to_target":""},"categories":[5],"tags":[],"_links":{"self":[{"href":"https:\/\/www.r2cpress.com.br\/v1\/wp-json\/wp\/v2\/posts\/14384"}],"collection":[{"href":"https:\/\/www.r2cpress.com.br\/v1\/wp-json\/wp\/v2\/posts"}],"about":[{"href":"https:\/\/www.r2cpress.com.br\/v1\/wp-json\/wp\/v2\/types\/post"}],"author":[{"embeddable":true,"href":"https:\/\/www.r2cpress.com.br\/v1\/wp-json\/wp\/v2\/users\/2"}],"replies":[{"embeddable":true,"href":"https:\/\/www.r2cpress.com.br\/v1\/wp-json\/wp\/v2\/comments?post=14384"}],"version-history":[{"count":4,"href":"https:\/\/www.r2cpress.com.br\/v1\/wp-json\/wp\/v2\/posts\/14384\/revisions"}],"predecessor-version":[{"id":14389,"href":"https:\/\/www.r2cpress.com.br\/v1\/wp-json\/wp\/v2\/posts\/14384\/revisions\/14389"}],"wp:attachment":[{"href":"https:\/\/www.r2cpress.com.br\/v1\/wp-json\/wp\/v2\/media?parent=14384"}],"wp:term":[{"taxonomy":"category","embeddable":true,"href":"https:\/\/www.r2cpress.com.br\/v1\/wp-json\/wp\/v2\/categories?post=14384"},{"taxonomy":"post_tag","embeddable":true,"href":"https:\/\/www.r2cpress.com.br\/v1\/wp-json\/wp\/v2\/tags?post=14384"}],"curies":[{"name":"wp","href":"https:\/\/api.w.org\/{rel}","templated":true}]}}