{"id":14636,"date":"2011-05-08T10:25:52","date_gmt":"2011-05-08T13:25:52","guid":{"rendered":"http:\/\/www.r2cpress.com.br\/v1\/?p=14636"},"modified":"2011-05-08T10:25:52","modified_gmt":"2011-05-08T13:25:52","slug":"%e2%80%9ccaminho-das-cores%e2%80%9d-de-guido-lima-movimenta-o-salao-de-exposicoes-do-tmi","status":"publish","type":"post","link":"https:\/\/www.r2cpress.com.br\/v1\/2011\/05\/08\/%e2%80%9ccaminho-das-cores%e2%80%9d-de-guido-lima-movimenta-o-salao-de-exposicoes-do-tmi\/","title":{"rendered":"\u201cCaminho das Cores\u201d, de Guido Lima, movimenta o Sal\u00e3o de Exposi\u00e7\u00f5es do TMI"},"content":{"rendered":"<p><div id=\"attachment_14637\" style=\"width: 278px\" class=\"wp-caption alignleft\"><a href=\"http:\/\/www.r2cpress.com.br\/v1\/wp-content\/uploads\/MONT-CAPA-SITE62.jpg\"><img aria-describedby=\"caption-attachment-14637\" loading=\"lazy\" src=\"http:\/\/www.r2cpress.com.br\/v1\/wp-content\/uploads\/MONT-CAPA-SITE62-268x300.jpg\" alt=\"\" title=\"MONT CAPA SITE\" width=\"268\" height=\"300\" class=\"size-medium wp-image-14637\" srcset=\"https:\/\/www.r2cpress.com.br\/v1\/wp-content\/uploads\/MONT-CAPA-SITE62-268x300.jpg 268w, https:\/\/www.r2cpress.com.br\/v1\/wp-content\/uploads\/MONT-CAPA-SITE62.jpg 680w\" sizes=\"(max-width: 268px) 100vw, 268px\" \/><\/a><p id=\"caption-attachment-14637\" class=\"wp-caption-text\">Clique para AMPLIAR.<\/p><\/div>A exposi\u00e7\u00e3o \u201cCaminho das Cores\u201d, do artista pl\u00e1stico Guido Lima, estar\u00e1 aberta ao p\u00fablico, de 22 de julho a 05 de agosto, no Teatro Municipal de Ilh\u00e9us. S\u00e3o 20 telas em \u00f3leo, com tem\u00e1ticas variadas, revelando um novo momento do artista, nascido em Salvador e, hoje, radicado em Ilh\u00e9us. Guido Lima iniciou sua carreira art\u00edstica na d\u00e9cada de 70, participando de exposi\u00e7\u00f5es em diversas galerias de arte do Brasil, dentre elas a 1\u00aa. Bienal Latino-Americana. Formado na Escola de Belas Artes da Universidade federal da Bahia (UFBa), o artista atuou durante muitos anos como cen\u00f3grafo no teatro e na televis\u00e3o, foi tamb\u00e9m professor e diretor de teatro e \u00e9 considerado um artista de vanguarda no cen\u00e1rio cultural da Bahia.<\/p>\n<p>\u201cCaminho das Cores\u201d re\u00fane mais que uma exposi\u00e7\u00e3o, segundo Guido Lima. Tem como finalidade iniciar um programa cultural com envolvimento da sociedade regional, valorizando as artes pl\u00e1sticas e estimulando jovens artistas e o mercado das artes no sul da Bahia. A abertura da exposi\u00e7\u00e3o, marcada para as 21 horas do dia 22 de julho, tamb\u00e9m ter\u00e1 apresenta\u00e7\u00e3o de dan\u00e7a, com apresenta\u00e7\u00e3o de dan\u00e7arinos da Companhia de Dan\u00e7a Soanne Marry, coreografados por Virg\u00ednia Moura, professora de dan\u00e7a licenciada pela UFBa.<\/p>\n<p><strong>Apoio<\/strong> &#8211; Segundo o artista, as telas expostas estar\u00e3o \u00e0 venda e ser\u00e3o entregues aos compradores ap\u00f3s o per\u00edodo da exposi\u00e7\u00e3o. Contando com o patroc\u00ednio da \u201cSanta Helena Servi\u00e7os 24 horas\u201d, o artista resolveu doar duas obras que ser\u00e3o leiloadas pelo empres\u00e1rio S\u00e9rgio de Marco, com arrecada\u00e7\u00e3o destinada \u00e0 filantropia. \u201cO objetivo \u00e9 unir arte, cultura e solidariedade, movimentando o cen\u00e1rio art\u00edstico de Ilh\u00e9us e dando mais uma op\u00e7\u00e3o de lazer a quem gosta de obras de arte\u201d, informa o artista.<\/p>\n","protected":false},"excerpt":{"rendered":"<p>A exposi\u00e7\u00e3o \u201cCaminho das Cores\u201d, do artista pl\u00e1stico Guido Lima, estar\u00e1 aberta ao p\u00fablico, de 22 de julho a 05 de agosto, no Teatro Municipal de Ilh\u00e9us. S\u00e3o 20 telas em \u00f3leo, com tem\u00e1ticas variadas, revelando um novo momento do artista, nascido em Salvador e, hoje, radicado em Ilh\u00e9us. Guido Lima iniciou sua carreira art\u00edstica [&hellip;]<\/p>\n","protected":false},"author":2,"featured_media":0,"comment_status":"open","ping_status":"open","sticky":false,"template":"","format":"standard","meta":{"_links_to":"","_links_to_target":""},"categories":[5],"tags":[],"_links":{"self":[{"href":"https:\/\/www.r2cpress.com.br\/v1\/wp-json\/wp\/v2\/posts\/14636"}],"collection":[{"href":"https:\/\/www.r2cpress.com.br\/v1\/wp-json\/wp\/v2\/posts"}],"about":[{"href":"https:\/\/www.r2cpress.com.br\/v1\/wp-json\/wp\/v2\/types\/post"}],"author":[{"embeddable":true,"href":"https:\/\/www.r2cpress.com.br\/v1\/wp-json\/wp\/v2\/users\/2"}],"replies":[{"embeddable":true,"href":"https:\/\/www.r2cpress.com.br\/v1\/wp-json\/wp\/v2\/comments?post=14636"}],"version-history":[{"count":2,"href":"https:\/\/www.r2cpress.com.br\/v1\/wp-json\/wp\/v2\/posts\/14636\/revisions"}],"predecessor-version":[{"id":14639,"href":"https:\/\/www.r2cpress.com.br\/v1\/wp-json\/wp\/v2\/posts\/14636\/revisions\/14639"}],"wp:attachment":[{"href":"https:\/\/www.r2cpress.com.br\/v1\/wp-json\/wp\/v2\/media?parent=14636"}],"wp:term":[{"taxonomy":"category","embeddable":true,"href":"https:\/\/www.r2cpress.com.br\/v1\/wp-json\/wp\/v2\/categories?post=14636"},{"taxonomy":"post_tag","embeddable":true,"href":"https:\/\/www.r2cpress.com.br\/v1\/wp-json\/wp\/v2\/tags?post=14636"}],"curies":[{"name":"wp","href":"https:\/\/api.w.org\/{rel}","templated":true}]}}