{"id":14656,"date":"2011-05-09T07:30:38","date_gmt":"2011-05-09T10:30:38","guid":{"rendered":"http:\/\/www.r2cpress.com.br\/v1\/?p=14656"},"modified":"2011-05-08T18:46:47","modified_gmt":"2011-05-08T21:46:47","slug":"as-ovelhas-escutam-a-sua-voz","status":"publish","type":"post","link":"https:\/\/www.r2cpress.com.br\/v1\/2011\/05\/09\/as-ovelhas-escutam-a-sua-voz\/","title":{"rendered":"AS OVELHAS ESCUTAM A SUA VOZ"},"content":{"rendered":"<div style=\"width: 246px\" class=\"wp-caption alignleft\"><img loading=\"lazy\" title=\"Dom Mauro Montagnoli \/ Bispo diocesano de Ilh\u00e9us\" src=\"http:\/\/www.r2cpress.com.br\/v1\/wp-content\/uploads\/dom-Mauro_2261.jpg\" alt=\"Dom Mauro Montagnoli \/ Bispo diocesano de Ilh\u00e9us\" width=\"236\" height=\"255\" \/><p class=\"wp-caption-text\">Dom Mauro Montagnoli \/ Bispo diocesano de Ilh\u00e9us<\/p><\/div>\n<p>Refletimos, hoje, a figura do Bom Pastor. Ele chama as ovelhas pelo nome, caminha \u00e0 frente delas. Recebemos dele o carinho e o cuidado. Jesus \u00e9 o pastor verdadeiro. Ele estabelece um relacionamento pessoal e de verdadeira comunh\u00e3o com suas ovelhas.<\/p>\n<p>Depois de termos feito a experi\u00eancia de ver o Ressuscitado e de professar a f\u00e9 nele, somos convocados a assumir a proposta de Jesus, dando continuidade \u00e0 sua miss\u00e3o. A comunidade dos disc\u00edpulos \u00e9 chamada a enfrentar a persegui\u00e7\u00e3o e o sofrimento, a dar a sua vida, como fez o Mestre.<\/p>\n<p>O Evangelho (cf. Jo 10,1-10) apresenta Jesus como o Bom Pastor, que oferece a sua vida pelas ovelhas. O profeta Ezequiel havia profetizado a chegada de um pastor messi\u00e2nico para apascentar o povo, pois as autoridades n\u00e3o estavam exercendo a miss\u00e3o de pastores (cf. Ez 34). Em Jesus, o Messias, Deus torna-se o pastor do rebanho.<\/p>\n<p>A fidelidade de Jesus ao minist\u00e9rio, sua entrega total por amor, contrasta com aqueles que oprimem e exploram o povo. \u00a0Jesus \u00e9 o verdadeiro pastor, pois cuida com ternura de suas ovelhas. <em>\u201cAs ovelhas escutam a sua voz; ele chama as ovelhas pelo nome e as conduz para fora\u201d <\/em>(Jo 10,3).<\/p>\n<p><!--more--> Normalmente, as ovelhas eram reunidas num redil comum para passarem a noite. Pela manh\u00e3, cada pastor fazia sair suas ovelhas chamando-as pelo nome a fim de conduzi-las \u00e0s pastagens. Jesus \u00e9 o pastor que conhece as suas ovelhas e caminha \u00e0 sua frente guiando-as no caminho seguro.<\/p>\n<p>As ovelhas seguem o pastor porque conhecem a sua voz. O seguimento a Jesus implica em reconhecer a sua voz, deixando-se guiar no caminho da vida nova. Jesus \u00e9, ao mesmo tempo, o pastor e a porta das ovelhas, o acesso livre ao caminho da salva\u00e7\u00e3o.<\/p>\n<p><em>\u201cEu sou a porta. Quem entrar por mim ser\u00e1 salvo; poder\u00e1 entrar e sair, e encontrar\u00e1 pastagem\u201d <\/em>(Jo 10,9). Os que seguem a Cristo encontram a salva\u00e7\u00e3o, a liberdade, a seguran\u00e7a, a vida plena.<\/p>\n<p>Cristo ressuscitado \u00e9 o Bom Pastor que nos conhece pelo nome e nos guia no caminho para Deus. Ele nos abriu a porta da vida atrav\u00e9s de sua entrega total por amor, que culminou na cruz. \u00c9 necess\u00e1rio passar por Cristo, pelo seu projeto de liberta\u00e7\u00e3o, para encontrar a vida em plenitude que procuramos. Nossas op\u00e7\u00f5es em favor da vida nos conduzem a Deus por meio de Cristo.<\/p>\n<p>Quem passa atrav\u00e9s de Jesus e faz o rebanho passar por ele exerce uma aut\u00eantica miss\u00e3o pastoral. Somos chamados a testemunhar Jesus Cristo, indo ao encontro das pessoas, conduzindo-as atrav\u00e9s dele \u00e0s fontes da vida. <em>\u201cIrm\u00e3os, o que devemos fazer?\u201d <\/em>\u00e9 a pergunta que todos n\u00f3s ouvintes do Evangelho devemos nos fazer. O exemplo de Jesus, o Bom Pastor, nos impele a doar a nossa vida para cuidar e defender o rebanho.<\/p>\n<p>Com o salmista, proclamemos que o Senhor \u00e9 o nosso pastor, que nada nos falta a seu lado, pois ele nos propicia a plenitude dos bens da salva\u00e7\u00e3o. (cf. Salmo 22(23).<\/p>\n<p>A comunh\u00e3o com Cristo Pastor, a escuta de sua voz, de sua palavra, deve levar-nos ao amor e \u00e0 compaix\u00e3o pelo povo.<\/p>\n<p>Restaurados nas mesas, onde o Senhor se oferece como alimento, fortalecidos por Jesus Cristo, renovamos nossa voca\u00e7\u00e3o batismal de sermos testemunhas eloquentes do seu Reino no mundo. Capazes de conhecer as pessoas pelo nome, carreg\u00e1-las no ombro, curar suas feridas, ajud\u00e1-las a trilharem caminhos seguros&#8230;<\/p>\n<p>&#8212;<\/p>\n<p><em>Dom Mauro Montagnoli<\/em><\/p>\n<p><em>Bispo de Ilh\u00e9us<\/em><\/p>\n","protected":false},"excerpt":{"rendered":"<p>Refletimos, hoje, a figura do Bom Pastor. Ele chama as ovelhas pelo nome, caminha \u00e0 frente delas. Recebemos dele o carinho e o cuidado. Jesus \u00e9 o pastor verdadeiro. Ele estabelece um relacionamento pessoal e de verdadeira comunh\u00e3o com suas ovelhas. Depois de termos feito a experi\u00eancia de ver o Ressuscitado e de professar a [&hellip;]<\/p>\n","protected":false},"author":2,"featured_media":0,"comment_status":"open","ping_status":"open","sticky":false,"template":"","format":"standard","meta":{"_links_to":"","_links_to_target":""},"categories":[17],"tags":[],"_links":{"self":[{"href":"https:\/\/www.r2cpress.com.br\/v1\/wp-json\/wp\/v2\/posts\/14656"}],"collection":[{"href":"https:\/\/www.r2cpress.com.br\/v1\/wp-json\/wp\/v2\/posts"}],"about":[{"href":"https:\/\/www.r2cpress.com.br\/v1\/wp-json\/wp\/v2\/types\/post"}],"author":[{"embeddable":true,"href":"https:\/\/www.r2cpress.com.br\/v1\/wp-json\/wp\/v2\/users\/2"}],"replies":[{"embeddable":true,"href":"https:\/\/www.r2cpress.com.br\/v1\/wp-json\/wp\/v2\/comments?post=14656"}],"version-history":[{"count":5,"href":"https:\/\/www.r2cpress.com.br\/v1\/wp-json\/wp\/v2\/posts\/14656\/revisions"}],"predecessor-version":[{"id":14660,"href":"https:\/\/www.r2cpress.com.br\/v1\/wp-json\/wp\/v2\/posts\/14656\/revisions\/14660"}],"wp:attachment":[{"href":"https:\/\/www.r2cpress.com.br\/v1\/wp-json\/wp\/v2\/media?parent=14656"}],"wp:term":[{"taxonomy":"category","embeddable":true,"href":"https:\/\/www.r2cpress.com.br\/v1\/wp-json\/wp\/v2\/categories?post=14656"},{"taxonomy":"post_tag","embeddable":true,"href":"https:\/\/www.r2cpress.com.br\/v1\/wp-json\/wp\/v2\/tags?post=14656"}],"curies":[{"name":"wp","href":"https:\/\/api.w.org\/{rel}","templated":true}]}}