{"id":14662,"date":"2011-05-08T19:06:05","date_gmt":"2011-05-08T22:06:05","guid":{"rendered":"http:\/\/www.r2cpress.com.br\/v1\/?p=14662"},"modified":"2011-05-08T19:06:05","modified_gmt":"2011-05-08T22:06:05","slug":"49%c2%aa-ag-beato-joao-paulo-ii-e-lembrado-na-ultima-meditacao-do-retiro","status":"publish","type":"post","link":"https:\/\/www.r2cpress.com.br\/v1\/2011\/05\/08\/49%c2%aa-ag-beato-joao-paulo-ii-e-lembrado-na-ultima-meditacao-do-retiro\/","title":{"rendered":"49\u00aa AG: Beato Jo\u00e3o Paulo II \u00e9 lembrado na \u00faltima medita\u00e7\u00e3o do retiro"},"content":{"rendered":"<p><strong>Dom, 08 de Maio de 2011 10:57<br \/>\nPor: CNBB<\/strong><br \/>\n<div id=\"attachment_14663\" style=\"width: 310px\" class=\"wp-caption alignleft\"><a href=\"http:\/\/www.r2cpress.com.br\/v1\/wp-content\/uploads\/Retiro5.jpg\"><img aria-describedby=\"caption-attachment-14663\" loading=\"lazy\" src=\"http:\/\/www.r2cpress.com.br\/v1\/wp-content\/uploads\/Retiro5-300x200.jpg\" alt=\"\" title=\"Retiro5\" width=\"300\" height=\"200\" class=\"size-medium wp-image-14663\" srcset=\"https:\/\/www.r2cpress.com.br\/v1\/wp-content\/uploads\/Retiro5-300x200.jpg 300w, https:\/\/www.r2cpress.com.br\/v1\/wp-content\/uploads\/Retiro5.jpg 640w\" sizes=\"(max-width: 300px) 100vw, 300px\" \/><\/a><p id=\"caption-attachment-14663\" class=\"wp-caption-text\">Clique para AMPLIAR<\/p><\/div>A \u00faltima medita\u00e7\u00e3o dirigida pelo cardeal Marc Ouellet aos bispos em retiro na 49\u00aa Assembleia da CNBB, na manh\u00e3 deste domingo, 8, no Centro de Eventos Padre Vitor Coelho, em Aparecida (SP), abordou o tema \u201cA Palavra de Deus e a paternidade do bispo\u201d.<\/p>\n<p>O cardeal lembrou, ao longo da reflex\u00e3o, a figura do papa Jo\u00e3o Paulo II, beatificado no \u00faltimo domingo. \u201cNingu\u00e9m na hist\u00f3ria humana exerceu tamanho poder de convoca\u00e7\u00e3o\u201d, disse o cardeal recordando as viagens do novo beato. \u201cEle anunciou a Palavra de Deus aos audit\u00f3rios dos mais diversos, mas, sobretudo, aos pobres, que reconheciam nele um defensor, um amigo e um pai\u201d.<\/p>\n<p>Segundo o purpurado, Jo\u00e3o Paulo II foi um pastor \u201cduramente provado\u201d durante todo seu pontificado. \u201cSua figura de homem sofredor o liga \u00e0 vis\u00e3o do Cordeiro-Pastor no Apocalipse\u201d, disse.<\/p>\n<p>A mat\u00e9ria, com todas as informa\u00e7\u00f5es, est\u00e1 <a href = \"http:\/\/www.cnbb.org.br\/site\/eventos\/assembleia-geral\/6488-49o-ag-beato-joao-paulo-ii-e-lembrado-na-ultima-meditacao-do-retiro\" target = \"_news\"><b>AQUI<\/b><\/a> no site da <a href = \"http:\/\/www.cnbb.org.br\/site\/\" target = \"_news\"><b>CNBB<\/b><\/a><\/p>\n","protected":false},"excerpt":{"rendered":"<p>Dom, 08 de Maio de 2011 10:57 Por: CNBB A \u00faltima medita\u00e7\u00e3o dirigida pelo cardeal Marc Ouellet aos bispos em retiro na 49\u00aa Assembleia da CNBB, na manh\u00e3 deste domingo, 8, no Centro de Eventos Padre Vitor Coelho, em Aparecida (SP), abordou o tema \u201cA Palavra de Deus e a paternidade do bispo\u201d. O cardeal [&hellip;]<\/p>\n","protected":false},"author":2,"featured_media":0,"comment_status":"open","ping_status":"open","sticky":false,"template":"","format":"standard","meta":{"_links_to":"","_links_to_target":""},"categories":[18],"tags":[],"_links":{"self":[{"href":"https:\/\/www.r2cpress.com.br\/v1\/wp-json\/wp\/v2\/posts\/14662"}],"collection":[{"href":"https:\/\/www.r2cpress.com.br\/v1\/wp-json\/wp\/v2\/posts"}],"about":[{"href":"https:\/\/www.r2cpress.com.br\/v1\/wp-json\/wp\/v2\/types\/post"}],"author":[{"embeddable":true,"href":"https:\/\/www.r2cpress.com.br\/v1\/wp-json\/wp\/v2\/users\/2"}],"replies":[{"embeddable":true,"href":"https:\/\/www.r2cpress.com.br\/v1\/wp-json\/wp\/v2\/comments?post=14662"}],"version-history":[{"count":6,"href":"https:\/\/www.r2cpress.com.br\/v1\/wp-json\/wp\/v2\/posts\/14662\/revisions"}],"predecessor-version":[{"id":14669,"href":"https:\/\/www.r2cpress.com.br\/v1\/wp-json\/wp\/v2\/posts\/14662\/revisions\/14669"}],"wp:attachment":[{"href":"https:\/\/www.r2cpress.com.br\/v1\/wp-json\/wp\/v2\/media?parent=14662"}],"wp:term":[{"taxonomy":"category","embeddable":true,"href":"https:\/\/www.r2cpress.com.br\/v1\/wp-json\/wp\/v2\/categories?post=14662"},{"taxonomy":"post_tag","embeddable":true,"href":"https:\/\/www.r2cpress.com.br\/v1\/wp-json\/wp\/v2\/tags?post=14662"}],"curies":[{"name":"wp","href":"https:\/\/api.w.org\/{rel}","templated":true}]}}