{"id":14772,"date":"2011-05-10T08:11:21","date_gmt":"2011-05-10T11:11:21","guid":{"rendered":"http:\/\/www.r2cpress.com.br\/v1\/?p=14772"},"modified":"2011-05-10T08:11:21","modified_gmt":"2011-05-10T11:11:21","slug":"assaltantes-de-onibus-detidos-em-ilheus","status":"publish","type":"post","link":"https:\/\/www.r2cpress.com.br\/v1\/2011\/05\/10\/assaltantes-de-onibus-detidos-em-ilheus\/","title":{"rendered":"ASSALTANTES DE \u00d4NIBUS DETIDOS EM ILH\u00c9US"},"content":{"rendered":"<p><div id=\"attachment_14773\" style=\"width: 310px\" class=\"wp-caption alignleft\"><a href=\"http:\/\/www.r2cpress.com.br\/v1\/wp-content\/uploads\/tatu.jpg\"><img aria-describedby=\"caption-attachment-14773\" loading=\"lazy\" src=\"http:\/\/www.r2cpress.com.br\/v1\/wp-content\/uploads\/tatu-300x225.jpg\" alt=\"\" title=\"tatu\" width=\"300\" height=\"225\" class=\"size-medium wp-image-14773\" srcset=\"https:\/\/www.r2cpress.com.br\/v1\/wp-content\/uploads\/tatu-300x225.jpg 300w, https:\/\/www.r2cpress.com.br\/v1\/wp-content\/uploads\/tatu.jpg 680w\" sizes=\"(max-width: 300px) 100vw, 300px\" \/><\/a><p id=\"caption-attachment-14773\" class=\"wp-caption-text\">Clique para AMPLIAR.<\/p><\/div> No \u00faltimo dia 07 policiais militares da 69\u00aa CIPM deter\u00e3o dois elementos que assaltaram um \u00f4nibus que fazia a Linha do centro- Oliven\u00e7a.<\/p>\n<p>            A guarni\u00e7\u00e3o foi acionada por um homem com o nome de iniciais ICOS, dizendo que tinha sido assaltado por dois elementos dentro do \u00f4nibus e disse que eles tinham ido em dire\u00e7\u00e3o a Oliven\u00e7a. <\/p>\n<p>A viatura seguiu em dire\u00e7\u00e3o ao distrito e conseguiu identificar um dos elementos com o nome DJT. Quando foi indagado ele informou que tinha realmente participado do assalto e informou ainda onde estava o outro elemento de nome UPS.<\/p>\n<p>Os policiais militares deter\u00e3o os dois e conduziram a delegacia de policia para que fossem tomadas as devidas provid\u00eancias.   <\/p>\n<p> &#8212;<br \/>\nASCOM 69\u00aa CIPM<\/p>\n","protected":false},"excerpt":{"rendered":"<p>No \u00faltimo dia 07 policiais militares da 69\u00aa CIPM deter\u00e3o dois elementos que assaltaram um \u00f4nibus que fazia a Linha do centro- Oliven\u00e7a. A guarni\u00e7\u00e3o foi acionada por um homem com o nome de iniciais ICOS, dizendo que tinha sido assaltado por dois elementos dentro do \u00f4nibus e disse que eles tinham ido em dire\u00e7\u00e3o [&hellip;]<\/p>\n","protected":false},"author":2,"featured_media":0,"comment_status":"open","ping_status":"open","sticky":false,"template":"","format":"standard","meta":{"_links_to":"","_links_to_target":""},"categories":[25],"tags":[],"_links":{"self":[{"href":"https:\/\/www.r2cpress.com.br\/v1\/wp-json\/wp\/v2\/posts\/14772"}],"collection":[{"href":"https:\/\/www.r2cpress.com.br\/v1\/wp-json\/wp\/v2\/posts"}],"about":[{"href":"https:\/\/www.r2cpress.com.br\/v1\/wp-json\/wp\/v2\/types\/post"}],"author":[{"embeddable":true,"href":"https:\/\/www.r2cpress.com.br\/v1\/wp-json\/wp\/v2\/users\/2"}],"replies":[{"embeddable":true,"href":"https:\/\/www.r2cpress.com.br\/v1\/wp-json\/wp\/v2\/comments?post=14772"}],"version-history":[{"count":3,"href":"https:\/\/www.r2cpress.com.br\/v1\/wp-json\/wp\/v2\/posts\/14772\/revisions"}],"predecessor-version":[{"id":14776,"href":"https:\/\/www.r2cpress.com.br\/v1\/wp-json\/wp\/v2\/posts\/14772\/revisions\/14776"}],"wp:attachment":[{"href":"https:\/\/www.r2cpress.com.br\/v1\/wp-json\/wp\/v2\/media?parent=14772"}],"wp:term":[{"taxonomy":"category","embeddable":true,"href":"https:\/\/www.r2cpress.com.br\/v1\/wp-json\/wp\/v2\/categories?post=14772"},{"taxonomy":"post_tag","embeddable":true,"href":"https:\/\/www.r2cpress.com.br\/v1\/wp-json\/wp\/v2\/tags?post=14772"}],"curies":[{"name":"wp","href":"https:\/\/api.w.org\/{rel}","templated":true}]}}