{"id":14777,"date":"2011-05-10T08:16:15","date_gmt":"2011-05-10T11:16:15","guid":{"rendered":"http:\/\/www.r2cpress.com.br\/v1\/?p=14777"},"modified":"2011-05-10T08:16:15","modified_gmt":"2011-05-10T11:16:15","slug":"cyro-de-mattos-participa-do-encontro-com-o-escritor","status":"publish","type":"post","link":"https:\/\/www.r2cpress.com.br\/v1\/2011\/05\/10\/cyro-de-mattos-participa-do-encontro-com-o-escritor\/","title":{"rendered":"Cyro de Mattos  participa do Encontro com o Escritor"},"content":{"rendered":"<h1><em>Evento integra as comemora\u00e7\u00f5es do Bicenten\u00e1rio da Biblioteca P\u00fablica mais antiga do Brasil<\/em><\/h1>\n<p><a href=\"http:\/\/www.r2cpress.com.br\/v1\/wp-content\/uploads\/CYRO-DE-MATTOS-PERSONALIZADO.jpg\"><img loading=\"lazy\" class=\"alignleft size-full wp-image-14778\" title=\"CYRO DE MATTOS PERSONALIZADO\" src=\"http:\/\/www.r2cpress.com.br\/v1\/wp-content\/uploads\/CYRO-DE-MATTOS-PERSONALIZADO.jpg\" alt=\"\" width=\"200\" height=\"269\" \/><\/a>No  m\u00eas em que completa 200 anos, a Biblioteca P\u00fablica do Estado da Bahia  (Barris) convida o itabunense Cyro de Mattos, um dos escritores  contempor\u00e2neo mais influente do interior da Bahia, para o <strong>Encontro com o Escritor<\/strong>, um projeto da Funda\u00e7\u00e3o Pedro Calmon\/SecultBA, que proporciona momentos de intera\u00e7\u00e3o entre o autor e os leitores. <strong>O evento ocorrer\u00e1 no audit\u00f3rio da Biblioteca, no dia 26 de maio (quinta-feira), \u00e0s 15h,<\/strong> com entrada franca.<\/p>\n<p>Na  ocasi\u00e3o, o convidado falar\u00e1 sobre seu trajeto liter\u00e1rio, seu processo  de cria\u00e7\u00e3o no conto, cr\u00f4nica, poesia, livros infanto-juvenis e  organiza\u00e7\u00e3o de antologias. Outros aspectos da pr\u00e1tica liter\u00e1ria n\u00e3o  ficar\u00e3o de fora do bate-papo, como as dificuldades que enfrentam os  escritores da Bahia, principalmente aqueles que vivem em cidades do  interior, distantes da capital.<\/p>\n<p>Com  uma obra constitu\u00edda por 38\u00a0\u00a0livros, nos mais variados g\u00eaneros  liter\u00e1rios e com publica\u00e7\u00f5es internacionais, Mattos j\u00e1 ganhou diversos  pr\u00eamios liter\u00e1rios importantes, no Brasil e exterior. Ao ser convidado  para o encontro, o escritor diz sentir-se satisfeito com o  reconhecimento da sua obra. \u201dParticipar do\u00a0\u00a0Projeto Encontro com o  Escritor\u00a0\u00a0vale tamb\u00e9m como um pr\u00eamio. Aproxima os autores do p\u00fablico  leitor, contribui para que a obra seja conhecida na Bahia. O projeto \u00e9,  assim, um incentivo importante para que os escritores baianos continuem  na jornada\u201d, declara.<\/p>\n<p>&#8212;<\/p>\n<p><strong>Cyro de Mattos<\/strong> &#8211; nasceu\u00a0 em Itabuna, em 1939. Advogado aposentado e jornalista com  passagem na imprensa do Rio de Janeiro. Poeta, contista, cronista,\u00a0  autor de livros infanto-juvenis e organizador de antologia. Finalista do  Pr\u00eamio Jabuti tr\u00eas vezes, j\u00e1 publicou 38 livros e, entre eles, <em>Os Brabos<\/em>, contos, e <em>O Menino Camel\u00f4<\/em>, poesia infantil, e C<em>ancioneiro do Cacau, <\/em>poesia.  Est\u00e1 presente em 48 antologias e pertence \u00e0 Academia de Letras da  Bahia, a Uni\u00e3o Brasileira de Escritores e, atualmente, \u00e9 o  diretor-presidente da Funda\u00e7\u00e3o Itabunense de Cultura e Cidadania.<\/p>\n","protected":false},"excerpt":{"rendered":"<p>Evento integra as comemora\u00e7\u00f5es do Bicenten\u00e1rio da Biblioteca P\u00fablica mais antiga do Brasil No m\u00eas em que completa 200 anos, a Biblioteca P\u00fablica do Estado da Bahia (Barris) convida o itabunense Cyro de Mattos, um dos escritores contempor\u00e2neo mais influente do interior da Bahia, para o Encontro com o Escritor, um projeto da Funda\u00e7\u00e3o Pedro [&hellip;]<\/p>\n","protected":false},"author":2,"featured_media":0,"comment_status":"open","ping_status":"open","sticky":false,"template":"","format":"standard","meta":{"_links_to":"","_links_to_target":""},"categories":[5],"tags":[],"_links":{"self":[{"href":"https:\/\/www.r2cpress.com.br\/v1\/wp-json\/wp\/v2\/posts\/14777"}],"collection":[{"href":"https:\/\/www.r2cpress.com.br\/v1\/wp-json\/wp\/v2\/posts"}],"about":[{"href":"https:\/\/www.r2cpress.com.br\/v1\/wp-json\/wp\/v2\/types\/post"}],"author":[{"embeddable":true,"href":"https:\/\/www.r2cpress.com.br\/v1\/wp-json\/wp\/v2\/users\/2"}],"replies":[{"embeddable":true,"href":"https:\/\/www.r2cpress.com.br\/v1\/wp-json\/wp\/v2\/comments?post=14777"}],"version-history":[{"count":4,"href":"https:\/\/www.r2cpress.com.br\/v1\/wp-json\/wp\/v2\/posts\/14777\/revisions"}],"predecessor-version":[{"id":14782,"href":"https:\/\/www.r2cpress.com.br\/v1\/wp-json\/wp\/v2\/posts\/14777\/revisions\/14782"}],"wp:attachment":[{"href":"https:\/\/www.r2cpress.com.br\/v1\/wp-json\/wp\/v2\/media?parent=14777"}],"wp:term":[{"taxonomy":"category","embeddable":true,"href":"https:\/\/www.r2cpress.com.br\/v1\/wp-json\/wp\/v2\/categories?post=14777"},{"taxonomy":"post_tag","embeddable":true,"href":"https:\/\/www.r2cpress.com.br\/v1\/wp-json\/wp\/v2\/tags?post=14777"}],"curies":[{"name":"wp","href":"https:\/\/api.w.org\/{rel}","templated":true}]}}