{"id":14790,"date":"2011-05-10T09:19:19","date_gmt":"2011-05-10T12:19:19","guid":{"rendered":"http:\/\/www.r2cpress.com.br\/v1\/?p=14790"},"modified":"2011-05-10T09:19:19","modified_gmt":"2011-05-10T12:19:19","slug":"ilheense-vence-e-lidera-o-baiano-de-triathlon","status":"publish","type":"post","link":"https:\/\/www.r2cpress.com.br\/v1\/2011\/05\/10\/ilheense-vence-e-lidera-o-baiano-de-triathlon\/","title":{"rendered":"Ilheense Vence e Lidera o baiano de Triathlon."},"content":{"rendered":"<p><div id=\"attachment_14792\" style=\"width: 172px\" class=\"wp-caption alignright\"><a href=\"http:\/\/www.r2cpress.com.br\/v1\/wp-content\/uploads\/P2200117.jpg\"><img aria-describedby=\"caption-attachment-14792\" loading=\"lazy\" src=\"http:\/\/www.r2cpress.com.br\/v1\/wp-content\/uploads\/P2200117.jpg\" alt=\"\" title=\"P2200117\" width=\"162\" height=\"200\" class=\"size-full wp-image-14792\" \/><\/a><p id=\"caption-attachment-14792\" class=\"wp-caption-text\">Macaco do triathlon acompanhando o Baian\u00e3o 2011 de Triathlon<\/p><\/div>Os atletas de Ilh\u00e9us foram destaque na 2\u00aa Etapa do Baiano de triathlon, prova disputada no ultimo S\u00e1bado, 07 de maio na cidade de Porto Seguro\/BA. Jo\u00e3o Paulo Garcia foi o Campe\u00e3o da Categoria 30 a 34 anos e Elton Paix\u00e3o 4\u00ba na categoria 25 a 29 anos.<\/p>\n<div id=\"attachment_14791\" style=\"width: 205px\" class=\"wp-caption alignleft\"><a href=\"http:\/\/www.r2cpress.com.br\/v1\/wp-content\/uploads\/toque-esportivo.jpg\"><img aria-describedby=\"caption-attachment-14791\" loading=\"lazy\" src=\"http:\/\/www.r2cpress.com.br\/v1\/wp-content\/uploads\/toque-esportivo-195x300.jpg\" alt=\"\" title=\"toque esportivo\" width=\"195\" height=\"300\" class=\"size-medium wp-image-14791\" srcset=\"https:\/\/www.r2cpress.com.br\/v1\/wp-content\/uploads\/toque-esportivo-195x300.jpg 195w, https:\/\/www.r2cpress.com.br\/v1\/wp-content\/uploads\/toque-esportivo.jpg 580w\" sizes=\"(max-width: 195px) 100vw, 195px\" \/><\/a><p id=\"caption-attachment-14791\" class=\"wp-caption-text\">Clique para AMPLIAR.<\/p><\/div>\n<p>A largada da competi\u00e7\u00e3o que teve as dist\u00e2ncias Ol\u00edmpicas, 1,5 Km de nata\u00e7\u00e3o &#8211; 40KM de ciclismo e 10km de corrida, foi dada as 8:00hs da manh\u00e3 na praia da cabana Toa Toa Orla norte de Porto.<\/p>\n<p>Logo os 70 atletas partiram para os 1500m de nata\u00e7\u00e3o. Rapidamente foi formado os primeiros pelot\u00f5es da nata\u00e7\u00e3o com Fred Moraes, Bonieck, Thiago Pombo e Jo\u00e3o Paulo Garcia, saindo para os 40km de ciclismo realizados em 4 voltas de 10km com uma boa vantagem para os demais. Mais uma vez o atleta de Ilh\u00e9us teve problemas com a bicicleta, quando na ultima volta do ciclismo teve um pneu furado. Mostrando uma garra muito grande ele mesmo com o pneu furado terminou a modalidade partindo para os ultimos 10km de corrida em 5\u00ba Lugar geral da prova. finalizando a competi\u00e7\u00e3o em 1\u00ba na categoria 30 a 34 anos.<\/p>\n<p>&#8220;Fico bastante feliz com este resultado, vi que valeu apena o esfor\u00e7o que tive nessa prova,<br \/>\nagrade\u00e7o aos meus companheiros de Treino Elton Paix\u00e3o e Rog\u00e9rio Santana, esses caras me deram muita for\u00e7a e hoje consegui da a volta por cima e saiu daqui de Porto com a lideran\u00e7a do Campeonato Baiano na minha categoria&#8221;.<\/p>\n<p>Elton tamb\u00e9m conseguiu se destacar e terminar a prova na quarta coloca\u00e7\u00e3o na categoria 25 a 29 anos.<\/p>\n<p>Agora os atletas ilheenses se preparam para a 1\u00aa Etapa do Campeonato Brasileiro de triathlon em Ilh\u00e9us no pr\u00f3ximo dia 4 de junho.<\/p>\n<p>&#8212;<br \/>\nEsta e outras no <a href = \"http:\/\/toque-esportivo.blogspot.com\/\" target = \"_news\"><b>TOQUE ESPORTIVO<\/b><\/a><\/p>\n","protected":false},"excerpt":{"rendered":"<p>Os atletas de Ilh\u00e9us foram destaque na 2\u00aa Etapa do Baiano de triathlon, prova disputada no ultimo S\u00e1bado, 07 de maio na cidade de Porto Seguro\/BA. Jo\u00e3o Paulo Garcia foi o Campe\u00e3o da Categoria 30 a 34 anos e Elton Paix\u00e3o 4\u00ba na categoria 25 a 29 anos. A largada da competi\u00e7\u00e3o que teve as [&hellip;]<\/p>\n","protected":false},"author":2,"featured_media":0,"comment_status":"open","ping_status":"open","sticky":false,"template":"","format":"standard","meta":{"_links_to":"","_links_to_target":""},"categories":[11],"tags":[],"_links":{"self":[{"href":"https:\/\/www.r2cpress.com.br\/v1\/wp-json\/wp\/v2\/posts\/14790"}],"collection":[{"href":"https:\/\/www.r2cpress.com.br\/v1\/wp-json\/wp\/v2\/posts"}],"about":[{"href":"https:\/\/www.r2cpress.com.br\/v1\/wp-json\/wp\/v2\/types\/post"}],"author":[{"embeddable":true,"href":"https:\/\/www.r2cpress.com.br\/v1\/wp-json\/wp\/v2\/users\/2"}],"replies":[{"embeddable":true,"href":"https:\/\/www.r2cpress.com.br\/v1\/wp-json\/wp\/v2\/comments?post=14790"}],"version-history":[{"count":6,"href":"https:\/\/www.r2cpress.com.br\/v1\/wp-json\/wp\/v2\/posts\/14790\/revisions"}],"predecessor-version":[{"id":14798,"href":"https:\/\/www.r2cpress.com.br\/v1\/wp-json\/wp\/v2\/posts\/14790\/revisions\/14798"}],"wp:attachment":[{"href":"https:\/\/www.r2cpress.com.br\/v1\/wp-json\/wp\/v2\/media?parent=14790"}],"wp:term":[{"taxonomy":"category","embeddable":true,"href":"https:\/\/www.r2cpress.com.br\/v1\/wp-json\/wp\/v2\/categories?post=14790"},{"taxonomy":"post_tag","embeddable":true,"href":"https:\/\/www.r2cpress.com.br\/v1\/wp-json\/wp\/v2\/tags?post=14790"}],"curies":[{"name":"wp","href":"https:\/\/api.w.org\/{rel}","templated":true}]}}