{"id":14799,"date":"2011-05-10T09:52:23","date_gmt":"2011-05-10T12:52:23","guid":{"rendered":"http:\/\/www.r2cpress.com.br\/v1\/?p=14799"},"modified":"2011-05-10T09:52:23","modified_gmt":"2011-05-10T12:52:23","slug":"missa-de-santo-antonio","status":"publish","type":"post","link":"https:\/\/www.r2cpress.com.br\/v1\/2011\/05\/10\/missa-de-santo-antonio\/","title":{"rendered":"Missa de Santo Antonio"},"content":{"rendered":"<p><center><div id=\"attachment_12753\" style=\"width: 310px\" class=\"wp-caption alignnone\"><a href=\"http:\/\/www.r2cpress.com.br\/v1\/wp-content\/uploads\/largo-santo-antonio.jpg\"><img aria-describedby=\"caption-attachment-12753\" loading=\"lazy\" src=\"http:\/\/www.r2cpress.com.br\/v1\/wp-content\/uploads\/largo-santo-antonio-300x206.jpg\" alt=\"\" title=\"largo santo antonio\" width=\"300\" height=\"206\" class=\"size-medium wp-image-12753\" srcset=\"https:\/\/www.r2cpress.com.br\/v1\/wp-content\/uploads\/largo-santo-antonio-300x206.jpg 300w, https:\/\/www.r2cpress.com.br\/v1\/wp-content\/uploads\/largo-santo-antonio.jpg 589w\" sizes=\"(max-width: 300px) 100vw, 300px\" \/><\/a><p id=\"caption-attachment-12753\" class=\"wp-caption-text\">Missa Campal<\/p><\/div><\/center><\/p>\n<p>A Coordena\u00e7\u00e3o da <strong>MISSA DOS HEMENS<\/strong> convida os fi\u00e9is e amigos para a <strong>MISSA DE SANTO ANTONIO<\/strong>, hoje, \u00e0s 19 horas, na av. Candeias, pr\u00f3ximo ao Carneiro.<\/p>\n","protected":false},"excerpt":{"rendered":"<p>A Coordena\u00e7\u00e3o da MISSA DOS HEMENS convida os fi\u00e9is e amigos para a MISSA DE SANTO ANTONIO, hoje, \u00e0s 19 horas, na av. Candeias, pr\u00f3ximo ao Carneiro.<\/p>\n","protected":false},"author":2,"featured_media":0,"comment_status":"open","ping_status":"open","sticky":false,"template":"","format":"standard","meta":{"_links_to":"","_links_to_target":""},"categories":[28],"tags":[],"_links":{"self":[{"href":"https:\/\/www.r2cpress.com.br\/v1\/wp-json\/wp\/v2\/posts\/14799"}],"collection":[{"href":"https:\/\/www.r2cpress.com.br\/v1\/wp-json\/wp\/v2\/posts"}],"about":[{"href":"https:\/\/www.r2cpress.com.br\/v1\/wp-json\/wp\/v2\/types\/post"}],"author":[{"embeddable":true,"href":"https:\/\/www.r2cpress.com.br\/v1\/wp-json\/wp\/v2\/users\/2"}],"replies":[{"embeddable":true,"href":"https:\/\/www.r2cpress.com.br\/v1\/wp-json\/wp\/v2\/comments?post=14799"}],"version-history":[{"count":3,"href":"https:\/\/www.r2cpress.com.br\/v1\/wp-json\/wp\/v2\/posts\/14799\/revisions"}],"predecessor-version":[{"id":14802,"href":"https:\/\/www.r2cpress.com.br\/v1\/wp-json\/wp\/v2\/posts\/14799\/revisions\/14802"}],"wp:attachment":[{"href":"https:\/\/www.r2cpress.com.br\/v1\/wp-json\/wp\/v2\/media?parent=14799"}],"wp:term":[{"taxonomy":"category","embeddable":true,"href":"https:\/\/www.r2cpress.com.br\/v1\/wp-json\/wp\/v2\/categories?post=14799"},{"taxonomy":"post_tag","embeddable":true,"href":"https:\/\/www.r2cpress.com.br\/v1\/wp-json\/wp\/v2\/tags?post=14799"}],"curies":[{"name":"wp","href":"https:\/\/api.w.org\/{rel}","templated":true}]}}