{"id":14908,"date":"2011-05-11T14:23:33","date_gmt":"2011-05-11T17:23:33","guid":{"rendered":"http:\/\/www.r2cpress.com.br\/v1\/?p=14908"},"modified":"2011-05-11T14:23:33","modified_gmt":"2011-05-11T17:23:33","slug":"heckel-januario-em-no-frigir-dos-ovos","status":"publish","type":"post","link":"https:\/\/www.r2cpress.com.br\/v1\/2011\/05\/11\/heckel-januario-em-no-frigir-dos-ovos\/","title":{"rendered":"Heckel Janu\u00e1rio em: NO FRIGIR DOS OVOS"},"content":{"rendered":"<p><img align = \"left\" src = \"http:\/\/www.r2cpress.com.br\/v1\/wp-content\/uploads\/HECKEL-NOVA.jpg\"\/>No frigir dos ovos inverdade ou meias verdades sempre est\u00e3o presentes. A come\u00e7ar pelo livro did\u00e1tico de Hist\u00f3ria do Brasil de antes dado nas escolas. N\u00e3o contava nadinha que pudesse macular os que estavam por cima da carne seca. Aprendi por exemplo que um estrategista almirante escoc\u00eas chamado Lord Chochene (achava bonita a pron\u00fancia) fora um baluarte da Independ\u00eancia da Bahia e consequente do Brasil. Enfim um her\u00f3i da independ\u00eancia brasileira do dom\u00ednio portugu\u00eas. E somente. Atualmente se tem em conta que, embora condecorado pela Real Marinha Brit\u00e2nica e seus restos mortais tido a honraria de serem sepultados na abadia de Westminster (famosa por ser palco de coroa\u00e7\u00f5es de monarcas e, h\u00e1 pouco dias, do badalad\u00edssimo casamento do pr\u00edncipe Willian), o cara tamb\u00e9m era um tremendo picareta, inclusive com registros de variadas trapa\u00e7as vitimando brasileiros. Em raz\u00e3o do seu alto grau de mercenarismo, o historiador Laurentino Gomes n\u00e3o hesitaria a respeito do tal Lord, em inserir em seu livro \u201c1822\u201d, um sugestivo cap\u00edtulo intitulado \u201cLouco por dinheiro\u201d. P\u00e1gina 173 para os chegados a conferir.<\/p>\n<p><!--more--><\/p>\n<p>\tNotou o tamanho da meia verdade? P\u00f4&#8230;, e ainda chamaram-no de her\u00f3i! Mas \u00e9 na Rep\u00fablica dos v\u00e1rios Brasis que essas inverdades ou meias se fizeram e continuam se fazendo mais not\u00f3rias, capitaneadas por governos sem exce\u00e7\u00f5es, e ancorados nuns tais de projetos. N\u00e3o se trata em absoluto de nenhuma apologia contr\u00e1ria a import\u00e2ncia do projeto na vida humana, mesmo porque quando nas administra\u00e7\u00f5es p\u00fablicas, em que se pressup\u00f5e o objetivo de dignific\u00e1-la, eles s\u00e3o fundamentais. Vamos ent\u00e3o. Um important\u00edssimo para \u201cunificar\u201d o pa\u00eds, por permanecer na prancheta rolando de m\u00e3o em m\u00e3o, o papel se estragou ficando impercept\u00edvel. Aqui pelas bandas baianas v\u00e1rios s\u00e3o passiveis de curiosidade. O metr\u00f4 de \u201c6 quil\u00f4metros\u201d de Salvador \u00e9 um deles. H\u00e1 15 anos o soteropolitano aguarda uma defini\u00e7\u00e3o. A Copa do Mundo est\u00e1 chegando e \u00e9 grande a d\u00favida se o trem entrar\u00e1 nos trilhos. Na Regi\u00e3o Cacaueira (ou ex, sei l\u00e1!), Deus do C\u00e9u, haja projetos! \u00c9 disso \u00e9 daquilo, \u00e9 o do Porto Sul em Ilh\u00e9us, \u00e9 o da duplica\u00e7\u00e3o da BR-415 (trecho Ilh\u00e9us\/Itabuna), e no final nadinha da silva! A liga\u00e7\u00e3o rodovi\u00e1ria Belmonte a Canavieiras \u00e9 um caso t\u00edpico regional. \u00c0 irrealiza\u00e7\u00e3o dessa obra os nativos das duas cidades saem com pilh\u00e9rias entre as quais a de que se a constru\u00e7\u00e3o fosse efetivada, se gastaria \u2013pelo tempo de promessa\u2013 muito menos dinheiro do que j\u00e1 se gastou com tra\u00e7ados, estudos s\u00f3cios ambientais e lero-leros. Enquanto isso a Bahia se consagra pela falta de uma estrada entre dois p\u00f3los tur\u00edsticos (incr\u00edvel: numa mesma regi\u00e3o e de relativa pequena dist\u00e2ncia!) importantes: Porto Seguro e Ilh\u00e9us.<\/p>\n<p>\t\u00c9 isso a\u00ed. Se ontem os livros escolares contribu\u00edam para a perman\u00eancia das inverdades, hoje os substitui \u00e0 altura a ci\u00eancia do marketing, e com sofistica\u00e7\u00e3o. Tornou-se comum a cada elei\u00e7\u00e3o, um candidato conhecido por seu mau-caratismo, ser apresentado ao eleitorado, como um cidad\u00e3o de bem. E se for considerada a afirma\u00e7\u00e3o do rei Pel\u00e9 que brasileiro n\u00e3o sabe votar, esses fatos, paralelo ao preceito de que o bem-estar das pessoas, o respeito ambiental, o progresso por fim, dependem sobremaneira das pol\u00edticas adotadas e como l\u00f3gico dos pol\u00edticos, esse conjunto pode significar uma triste realidade brasileira. Nua, crua e sem meia verdade, portanto. <\/p>\n<p>&#8212;<br \/>\n\t\t\t\t\t\t\tHeckel Janu\u00e1rio<\/p>\n","protected":false},"excerpt":{"rendered":"<p>No frigir dos ovos inverdade ou meias verdades sempre est\u00e3o presentes. A come\u00e7ar pelo livro did\u00e1tico de Hist\u00f3ria do Brasil de antes dado nas escolas. N\u00e3o contava nadinha que pudesse macular os que estavam por cima da carne seca. Aprendi por exemplo que um estrategista almirante escoc\u00eas chamado Lord Chochene (achava bonita a pron\u00fancia) fora [&hellip;]<\/p>\n","protected":false},"author":2,"featured_media":0,"comment_status":"open","ping_status":"open","sticky":false,"template":"","format":"standard","meta":{"_links_to":"","_links_to_target":""},"categories":[10],"tags":[],"_links":{"self":[{"href":"https:\/\/www.r2cpress.com.br\/v1\/wp-json\/wp\/v2\/posts\/14908"}],"collection":[{"href":"https:\/\/www.r2cpress.com.br\/v1\/wp-json\/wp\/v2\/posts"}],"about":[{"href":"https:\/\/www.r2cpress.com.br\/v1\/wp-json\/wp\/v2\/types\/post"}],"author":[{"embeddable":true,"href":"https:\/\/www.r2cpress.com.br\/v1\/wp-json\/wp\/v2\/users\/2"}],"replies":[{"embeddable":true,"href":"https:\/\/www.r2cpress.com.br\/v1\/wp-json\/wp\/v2\/comments?post=14908"}],"version-history":[{"count":2,"href":"https:\/\/www.r2cpress.com.br\/v1\/wp-json\/wp\/v2\/posts\/14908\/revisions"}],"predecessor-version":[{"id":14910,"href":"https:\/\/www.r2cpress.com.br\/v1\/wp-json\/wp\/v2\/posts\/14908\/revisions\/14910"}],"wp:attachment":[{"href":"https:\/\/www.r2cpress.com.br\/v1\/wp-json\/wp\/v2\/media?parent=14908"}],"wp:term":[{"taxonomy":"category","embeddable":true,"href":"https:\/\/www.r2cpress.com.br\/v1\/wp-json\/wp\/v2\/categories?post=14908"},{"taxonomy":"post_tag","embeddable":true,"href":"https:\/\/www.r2cpress.com.br\/v1\/wp-json\/wp\/v2\/tags?post=14908"}],"curies":[{"name":"wp","href":"https:\/\/api.w.org\/{rel}","templated":true}]}}