{"id":14924,"date":"2011-05-11T14:54:13","date_gmt":"2011-05-11T17:54:13","guid":{"rendered":"http:\/\/www.r2cpress.com.br\/v1\/?p=14924"},"modified":"2011-05-11T14:54:13","modified_gmt":"2011-05-11T17:54:13","slug":"comissao-de-infraestrutura-discute-situacao-dos-aeroportos-baianos","status":"publish","type":"post","link":"https:\/\/www.r2cpress.com.br\/v1\/2011\/05\/11\/comissao-de-infraestrutura-discute-situacao-dos-aeroportos-baianos\/","title":{"rendered":"Comiss\u00e3o de Infraestrutura discute situa\u00e7\u00e3o dos aeroportos baianos"},"content":{"rendered":"<p><div id=\"attachment_14925\" style=\"width: 310px\" class=\"wp-caption alignleft\"><a href=\"http:\/\/www.r2cpress.com.br\/v1\/wp-content\/uploads\/Reuni\u00e3o-da-comiss\u00e3o-de-infraestrutura.jpg\"><img aria-describedby=\"caption-attachment-14925\" loading=\"lazy\" src=\"http:\/\/www.r2cpress.com.br\/v1\/wp-content\/uploads\/Reuni\u00e3o-da-comiss\u00e3o-de-infraestrutura-300x225.jpg\" alt=\"\" title=\"Reuni\u00e3o da comiss\u00e3o de infraestrutura\" width=\"300\" height=\"225\" class=\"size-medium wp-image-14925\" srcset=\"https:\/\/www.r2cpress.com.br\/v1\/wp-content\/uploads\/Reuni\u00e3o-da-comiss\u00e3o-de-infraestrutura-300x225.jpg 300w, https:\/\/www.r2cpress.com.br\/v1\/wp-content\/uploads\/Reuni\u00e3o-da-comiss\u00e3o-de-infraestrutura.jpg 680w\" sizes=\"(max-width: 300px) 100vw, 300px\" \/><\/a><p id=\"caption-attachment-14925\" class=\"wp-caption-text\">Reuni\u00e3o da Comiss\u00e3o de Infraestrutura<\/p><\/div>A Comiss\u00e3o de Infraestrutura, Desenvolvimento Econ\u00f4mico e Turismo da Assembleia Legislativa da Bahia recebeu nesta ter\u00e7a-feira (10) o superintendente da Divis\u00e3o de Aeroportos da Sinart, Carlos Roberto Rebou\u00e7as, e o diretor-executivo da Agerba, Eduardo Pessoa. A reuni\u00e3o, articulada pela deputada \u00c2ngela Sousa (PSC), presidente da comiss\u00e3o, discutiu problemas de aeroportos situados no interior do Estado, sob administra\u00e7\u00e3o da Sinart.<\/p>\n<p>Aeroportos como os de Porto Seguro, Teixeira de Freitas e Len\u00e7\u00f3is sofrem com problemas de infraestrutura, apesar de sua import\u00e2ncia estrat\u00e9gica para a Bahia. O de Porto Seguro \u00e9 o quarto do Norte\/Nordeste em movimento de passageiros e necessita de melhores condi\u00e7\u00f5es f\u00edsicas para atender a essa demanda.<\/p>\n<p><!--more--><\/p>\n<p>A urg\u00eancia na realiza\u00e7\u00e3o de melhorias no terminal de Porto Seguro, um dos principais polos tur\u00edsticos do Estado, foi destacada pela deputada Cl\u00e1udia Oliveira (PTdoB). Segundo ela, s\u00e3o \u201cabsurdas\u201d as situa\u00e7\u00f5es a que os passageiros s\u00e3o submetidos no aeroporto da cidade do extremo-sul baiano.<\/p>\n<p>Durante a audi\u00eancia, Rebou\u00e7as afirmou que h\u00e1 um entendimento formado em torno da necessidade de melhorar a infraestrutura aerovi\u00e1ria da Bahia. Segundo ele, a Sinart tem investido para atender \u00e0 demanda crescente dos aeroportos, principalmente o de Porto Seguro.<\/p>\n<p>J\u00e1 o diretor da Agerba observou que o Governo do Estado pretende investir cada vez mais em pistas alternativas. \u201cIsso est\u00e1 dentro do compromisso da gest\u00e3o de levar o desenvolvimento \u00e0s mais diversas regi\u00f5es da Bahia\u201d, declarou.<\/p>\n<p>Outros aeroportos tamb\u00e9m foram mencionados durante a reuni\u00e3o, a exemplo do de Guanambi, na regi\u00e3o sudoeste. A deputada Ivana Bastos (PMDB) lembrou que este terminal se tornou estrat\u00e9gico na medida em que novos empreendimentos s\u00e3o aguardados para aquela regi\u00e3o, a partir da implanta\u00e7\u00e3o da Ferrovia de Integra\u00e7\u00e3o Oeste-Leste (Fiol).<\/p>\n<p>Para a deputada \u00c2ngela Sousa, a discuss\u00e3o foi \u201cesclarecedora e trouxe \u00e0 tona uma quest\u00e3o crucial para a Bahia\u201d. Para a parlamentar, \u201co debate sobre o desenvolvimento do Estado passa necessariamente pelos investimentos na log\u00edstica de transportes\u201d.<\/p>\n","protected":false},"excerpt":{"rendered":"<p>A Comiss\u00e3o de Infraestrutura, Desenvolvimento Econ\u00f4mico e Turismo da Assembleia Legislativa da Bahia recebeu nesta ter\u00e7a-feira (10) o superintendente da Divis\u00e3o de Aeroportos da Sinart, Carlos Roberto Rebou\u00e7as, e o diretor-executivo da Agerba, Eduardo Pessoa. A reuni\u00e3o, articulada pela deputada \u00c2ngela Sousa (PSC), presidente da comiss\u00e3o, discutiu problemas de aeroportos situados no interior do Estado, [&hellip;]<\/p>\n","protected":false},"author":2,"featured_media":0,"comment_status":"open","ping_status":"open","sticky":false,"template":"","format":"standard","meta":{"_links_to":"","_links_to_target":""},"categories":[1],"tags":[],"_links":{"self":[{"href":"https:\/\/www.r2cpress.com.br\/v1\/wp-json\/wp\/v2\/posts\/14924"}],"collection":[{"href":"https:\/\/www.r2cpress.com.br\/v1\/wp-json\/wp\/v2\/posts"}],"about":[{"href":"https:\/\/www.r2cpress.com.br\/v1\/wp-json\/wp\/v2\/types\/post"}],"author":[{"embeddable":true,"href":"https:\/\/www.r2cpress.com.br\/v1\/wp-json\/wp\/v2\/users\/2"}],"replies":[{"embeddable":true,"href":"https:\/\/www.r2cpress.com.br\/v1\/wp-json\/wp\/v2\/comments?post=14924"}],"version-history":[{"count":2,"href":"https:\/\/www.r2cpress.com.br\/v1\/wp-json\/wp\/v2\/posts\/14924\/revisions"}],"predecessor-version":[{"id":14927,"href":"https:\/\/www.r2cpress.com.br\/v1\/wp-json\/wp\/v2\/posts\/14924\/revisions\/14927"}],"wp:attachment":[{"href":"https:\/\/www.r2cpress.com.br\/v1\/wp-json\/wp\/v2\/media?parent=14924"}],"wp:term":[{"taxonomy":"category","embeddable":true,"href":"https:\/\/www.r2cpress.com.br\/v1\/wp-json\/wp\/v2\/categories?post=14924"},{"taxonomy":"post_tag","embeddable":true,"href":"https:\/\/www.r2cpress.com.br\/v1\/wp-json\/wp\/v2\/tags?post=14924"}],"curies":[{"name":"wp","href":"https:\/\/api.w.org\/{rel}","templated":true}]}}