{"id":15049,"date":"2011-05-13T09:50:31","date_gmt":"2011-05-13T12:50:31","guid":{"rendered":"http:\/\/www.r2cpress.com.br\/v1\/?p=15049"},"modified":"2011-05-13T09:50:31","modified_gmt":"2011-05-13T12:50:31","slug":"governo-apresenta-as-centrais-proposta-para-desonerar-a-folha-de-pagamento-de-salarios","status":"publish","type":"post","link":"https:\/\/www.r2cpress.com.br\/v1\/2011\/05\/13\/governo-apresenta-as-centrais-proposta-para-desonerar-a-folha-de-pagamento-de-salarios\/","title":{"rendered":"Governo apresenta \u00e0s Centrais proposta para desonerar a folha de pagamento de sal\u00e1rios"},"content":{"rendered":"<p><strong><\/p>\n<div id=\"attachment_15050\" style=\"width: 310px\" class=\"wp-caption aligncenter\"><a href=\"http:\/\/www.r2cpress.com.br\/v1\/wp-content\/uploads\/desonera\u00e7\u00e3o-folha.jpg\"><img aria-describedby=\"caption-attachment-15050\" loading=\"lazy\" class=\"size-medium wp-image-15050\" title=\"desonera\u00e7\u00e3o folha\" src=\"http:\/\/www.r2cpress.com.br\/v1\/wp-content\/uploads\/desonera\u00e7\u00e3o-folha-300x135.jpg\" alt=\"\" width=\"300\" height=\"135\" srcset=\"https:\/\/www.r2cpress.com.br\/v1\/wp-content\/uploads\/desonera\u00e7\u00e3o-folha-300x135.jpg 300w, https:\/\/www.r2cpress.com.br\/v1\/wp-content\/uploads\/desonera\u00e7\u00e3o-folha.jpg 496w\" sizes=\"(max-width: 300px) 100vw, 300px\" \/><\/a><p id=\"caption-attachment-15050\" class=\"wp-caption-text\">Foto: F\u00e1bio Pozzebom\/ABr<\/p><\/div>\n<p><\/strong><\/p>\n<p>O governo federal apresentou \u00e0s Centrais Sindicais, na quarta-feira (11), uma proposta para reduzir o peso dos impostos na folha de pagamento das empresas e facilitar a contrata\u00e7\u00e3o de novos trabalhadores. A ideia do governo \u00e9 criar uma al\u00edquota sobre o faturamento, para substituir os 20% sobre a folha de pagamento descontados hoje para a Previd\u00eancia Social.<\/p>\n<p>&nbsp;<\/p>\n<p>\u201cN\u00f3s achamos que a desonera\u00e7\u00e3o da folha \u00e9 uma coisa boa, porque n\u00f3s acreditamos que vai formalizar, vai ter mais competitividade e, com certeza, alguns milhares de empregos ser\u00e3o criados\u201d, avaliou o presidente da For\u00e7a Sindical, Paulo Pereira da Silva (Paulinho), ap\u00f3s reuni\u00e3o com o Secretaria-Geral da Presid\u00eancia, Gilberto Carvalho.<\/p>\n<p>&nbsp;<\/p>\n<p>Segundo o secret\u00e1rio-geral da CUT, Quintino Severo, o governo explicou que, ao final de tr\u00eas anos, <strong>as empresas deixar\u00e3o de pagar R$ 24 bilh\u00f5es \u00e0 Previd\u00eancia<\/strong>. O objetivo da proposta \u00e9 fazer com que os impostos que incidem sobre a folha de pagamento caiam de 20% para 14% entre 2012 e 2014.<\/p>\n<p>&nbsp;<\/p>\n<p><strong>Jornada &#8211;<\/strong> No encontro, os sindicalistas manifestaram apoio \u00e0 proposta, mas pediram que, em contrapartida \u00e0 desonera\u00e7\u00e3o da folha, que beneficia as empresas, o governo se empenhe na aprova\u00e7\u00e3o pelo Congresso da <strong>redu\u00e7\u00e3o da jornada de trabalho de 44 horas para 40 horas semanais<\/strong>.<\/p>\n<p><!--more--><\/p>\n<p>Para o presidente da Federa\u00e7\u00e3o dos Comerci\u00e1rios paulistas, <strong>Luiz Carlos Motta<\/strong>, a desonera\u00e7\u00e3o \u201c\u00e9 muito bem-vinda, desde que feita de forma a n\u00e3o atingir direitos dos trabalhadores\u201d. O sindicalista explicou que a medida poderia atender reivindica\u00e7\u00f5es dos comerci\u00e1rios, como a redu\u00e7\u00e3o da informalidade que \u00e9 muito alta no setor. \u201cGostar\u00edamos ainda que fosse condicionada \u00e0 redu\u00e7\u00e3o da jornada de trabalho, pois a categoria chega a fazer 56 horas semanais\u201d, completou. <strong>Fonte: Ag\u00eancia Sindical.<\/strong><\/p>\n<p><strong> <\/strong><\/p>\n<p><strong> <\/strong><\/p>\n<p><strong> <\/strong><\/p>\n<p><strong>Nota:<\/strong> As centrais sindicais e representantes das construtoras reuniram-se com o ministro Gilberto Carvalho, da Secretaria Geral da Presid\u00eancia da Rep\u00fablica. Eles debateram medidas a serem adotadas para os trabalhadores nas obras do PAC (Programa de Acelera\u00e7\u00e3o do Crescimento).<\/p>\n<p>&nbsp;<\/p>\n<p><strong>Desonera\u00e7\u00e3o da folha: centrais defendem<\/strong><\/p>\n<p><strong>inclus\u00e3o de contrapartidas das empresas<\/strong><\/p>\n<p>&nbsp;<\/p>\n<p>Em reuni\u00e3o promovida na quarta-feira (11), com o\u00a0 ministro da Secretaria-Geral da Presid\u00eancia da Rep\u00fablica, Gilberto Carvalho, e o secret\u00e1rio-executivo do Minist\u00e9rio da Fazenda, Nelson Barbosa , as centrais sindicais defenderam a ado\u00e7\u00e3o de <strong>contrapartidas <\/strong>por parte das empresas diante da possibilidade de desonera\u00e7\u00e3o da folha de pagamento defendida pelo governo. Entre as possibilidades cogitadas, est\u00e3o a negocia\u00e7\u00e3o com empresas de quest\u00f5es como redu\u00e7\u00e3o da jornada de trabalho.<\/p>\n<p>O encontro fez parte de uma agenda de reuni\u00f5es definidas na semana passada entre o governo e as centrais. O pr\u00f3ximo deles ocorre em junho, a respeito da substitui\u00e7\u00e3o do <strong>fator previdenci\u00e1rio<\/strong> por outra f\u00f3rmula mais justa para os trabalhadores.<\/p>\n<p>A discuss\u00e3o desta quarta discutiu a proposta do governo apresentada como parte da reforma tribut\u00e1ria. Nas \u00faltimas semanas, Barbosa tem defendido a possibilidade de reduzir de 20% para 14% do sal\u00e1rio a contribui\u00e7\u00e3o patronal para o Instituto Nacional do Seguro Social (INSS). O objetivo seria favorecer a cria\u00e7\u00e3o de empregos.<\/p>\n<p>As contrapartidas devem contemplar medidas j\u00e1 defendidas em comum por todo movimento sindical brasileiro. Foram levantadas durante a reuni\u00e3o, algumas preocupa\u00e7\u00f5es. A primeira, seria a preocupa\u00e7\u00e3o da queda de arrecada\u00e7\u00e3o para o INSS.<\/p>\n<p>Al\u00e9m disso, os sindicalistas defenderam a cria\u00e7\u00e3o de condi\u00e7\u00f5es para negociar com empresas e governo outras medidas sociais. A redu\u00e7\u00e3o da jornada m\u00e1xima de trabalho <strong>de 44 para 40 horas<\/strong> <strong>semanais<\/strong> sem redu\u00e7\u00e3o de sal\u00e1rios \u00e9 uma principais bandeira do movimento sindical brasileiro (Confedera\u00e7\u00f5es, Federa\u00e7\u00f5es, Sindicatos e Centrais Sindicais) e, tema de projeto de lei em tramita\u00e7\u00e3o no Congresso Nacional. <strong>A mudan\u00e7a na Consolida\u00e7\u00e3o das Leis do Trabalho (CLT) sem a retirada de direitos e encargos sociais seria uma forma de compensar a redu\u00e7\u00e3o da incid\u00eancia sobre a folha de pagamento.<br \/>\n<\/strong><br \/>\nQuintino Severo, secret\u00e1rio-geral da CUT, considera que n\u00e3o h\u00e1 problemas no debate sobre a desonera\u00e7\u00e3o desde que n\u00e3o haja preju\u00edzo para a seguridade social. &#8220;Ao se discutir a desonera\u00e7\u00e3o, teria de se garantir, na Constitui\u00e7\u00e3o, que n\u00e3o haveria redu\u00e7\u00e3o dos valores recolhidos junto \u00e0 Previd\u00eancia&#8221;, disse, em entrevista \u00e0 Rede Brasil Atual.<\/p>\n<p>&#8220;Defendemos que a contribui\u00e7\u00e3o previdenci\u00e1ria seja feita sobre o faturamento das empresas e n\u00e3o sobre folha de pagamento&#8221;, argumenta Quintino. &#8220;No formato atual, as empresas intensivas em m\u00e3o de obra s\u00e3o penalizadas enquanto as de tecnologia, com poucos empregados mas de alta lucratividades, s\u00e3o beneficiadas&#8221;, ressaltou.<\/p>\n<p>O governo deve fazer proposta sobre desonera\u00e7\u00e3o da folha e enviar ao Congresso em forma de proposi\u00e7\u00e3o. Grupo T\u00e9cnico poder\u00e1 ser criado antes do envio ao Congresso Nacional. N\u00e3o foi agendada outra data ou pr\u00f3xima reuni\u00e3o, para a discuss\u00e3o sobre a desonera\u00e7\u00e3o da folha.<strong> Fonte: Brasil Atual<\/strong><\/p>\n<p>&nbsp;<\/p>\n<p>Cordialmente,<\/p>\n<p>&nbsp;<\/p>\n<p><strong>Jos\u00e9 Augusto da Silva<\/strong><strong> Filho <\/strong><\/p>\n<p><strong>Diretor 1\u00ba Secret\u00e1rio da CNTC <\/strong><\/p>\n<p><strong><a title=\"blocked::mailto:cntc@cntc.com.br mailto:cntc@cntc.com.br blocked::mailto:cntc@cntc.com.br mailto:cntc@cntc.com.br\" href=\"mailto:cntc@cntc.com.br\">cntc@cntc.com.br<\/a> ou <a title=\"blocked::mailto:augusto@cntc.com.br\" href=\"mailto:augusto@cntc.com.br\">augusto@cntc.com.br<\/a><br \/>\n(\u00a0Work Tel#: \u00a0(61)\u00a03217-7102)<br \/>\nFax#: (61)\u00a03217-7122<br \/>\nCONFEDERA\u00c7\u00c3O NACIONAL DOS TRABALHADORES NO COM\u00c9RCIO<br \/>\nVisite nossos Sites <a title=\"blocked::http:\/\/www.cntc.com.br\/ http:\/\/www.cntc.com.br\/ blocked::http:\/\/www.cntc.com.br\/ http:\/\/www.cntc.com.br\/\" href=\"http:\/\/www.cntc.com.br\/\" target=\"_blank\">http:\/\/www.cntc.com.br<\/a> <\/strong><\/p>\n","protected":false},"excerpt":{"rendered":"<p>O governo federal apresentou \u00e0s Centrais Sindicais, na quarta-feira (11), uma proposta para reduzir o peso dos impostos na folha de pagamento das empresas e facilitar a contrata\u00e7\u00e3o de novos trabalhadores. A ideia do governo \u00e9 criar uma al\u00edquota sobre o faturamento, para substituir os 20% sobre a folha de pagamento descontados hoje para a [&hellip;]<\/p>\n","protected":false},"author":2,"featured_media":0,"comment_status":"open","ping_status":"open","sticky":false,"template":"","format":"standard","meta":{"_links_to":"","_links_to_target":""},"categories":[13],"tags":[],"_links":{"self":[{"href":"https:\/\/www.r2cpress.com.br\/v1\/wp-json\/wp\/v2\/posts\/15049"}],"collection":[{"href":"https:\/\/www.r2cpress.com.br\/v1\/wp-json\/wp\/v2\/posts"}],"about":[{"href":"https:\/\/www.r2cpress.com.br\/v1\/wp-json\/wp\/v2\/types\/post"}],"author":[{"embeddable":true,"href":"https:\/\/www.r2cpress.com.br\/v1\/wp-json\/wp\/v2\/users\/2"}],"replies":[{"embeddable":true,"href":"https:\/\/www.r2cpress.com.br\/v1\/wp-json\/wp\/v2\/comments?post=15049"}],"version-history":[{"count":2,"href":"https:\/\/www.r2cpress.com.br\/v1\/wp-json\/wp\/v2\/posts\/15049\/revisions"}],"predecessor-version":[{"id":15052,"href":"https:\/\/www.r2cpress.com.br\/v1\/wp-json\/wp\/v2\/posts\/15049\/revisions\/15052"}],"wp:attachment":[{"href":"https:\/\/www.r2cpress.com.br\/v1\/wp-json\/wp\/v2\/media?parent=15049"}],"wp:term":[{"taxonomy":"category","embeddable":true,"href":"https:\/\/www.r2cpress.com.br\/v1\/wp-json\/wp\/v2\/categories?post=15049"},{"taxonomy":"post_tag","embeddable":true,"href":"https:\/\/www.r2cpress.com.br\/v1\/wp-json\/wp\/v2\/tags?post=15049"}],"curies":[{"name":"wp","href":"https:\/\/api.w.org\/{rel}","templated":true}]}}