{"id":15053,"date":"2011-05-13T11:10:48","date_gmt":"2011-05-13T14:10:48","guid":{"rendered":"http:\/\/www.r2cpress.com.br\/v1\/?p=15053"},"modified":"2011-05-14T12:37:17","modified_gmt":"2011-05-14T15:37:17","slug":"loja-maconica-elias-ocke-tem-novo-veneravel","status":"publish","type":"post","link":"https:\/\/www.r2cpress.com.br\/v1\/2011\/05\/13\/loja-maconica-elias-ocke-tem-novo-veneravel\/","title":{"rendered":"Loja Ma\u00e7\u00f4nica Elias Ock\u00e9 tem novo Vener\u00e1vel."},"content":{"rendered":"<p>O advogado <strong>Enio Felipe Daud Lima<\/strong> foi eleito, por unanimidade, para dirigir a <strong>Loja Ma\u00e7\u00f4nica Elias Ock\u00e9<\/strong> no bi\u00eanio 2011 &#8211; 2013.<\/p>\n<p><center><div id=\"attachment_15055\" style=\"width: 310px\" class=\"wp-caption alignnone\"><a href=\"http:\/\/www.r2cpress.com.br\/v1\/wp-content\/uploads\/DR-ENIO-DAUD-VENER\u00c1VEL-2011_2013.jpg\"><img aria-describedby=\"caption-attachment-15055\" loading=\"lazy\" src=\"http:\/\/www.r2cpress.com.br\/v1\/wp-content\/uploads\/DR-ENIO-DAUD-VENER\u00c1VEL-2011_2013-300x267.jpg\" alt=\"\" title=\"DR ENIO FELIPE DAUD LIMA _ VENER\u00c1VEL _  2011_2013\" width=\"300\" height=\"267\" class=\"size-medium wp-image-15055\" srcset=\"https:\/\/www.r2cpress.com.br\/v1\/wp-content\/uploads\/DR-ENIO-DAUD-VENER\u00c1VEL-2011_2013-300x267.jpg 300w, https:\/\/www.r2cpress.com.br\/v1\/wp-content\/uploads\/DR-ENIO-DAUD-VENER\u00c1VEL-2011_2013.jpg 680w\" sizes=\"(max-width: 300px) 100vw, 300px\" \/><\/a><p id=\"caption-attachment-15055\" class=\"wp-caption-text\">Enio Felipe Daud Lima<\/p><\/div><\/center><\/p>\n<p>A elei\u00e7\u00e3o aconteceu num clima de confraterniza\u00e7\u00e3o entre os irm\u00e3os o que demonstra uni\u00e3o e for\u00e7a. O ato se deu no dia 9 de maio de 2011.<\/p>\n<p>Este fato &#8211; mereceu destaque entre as Lojas Ma\u00e7\u00f4nicas de Ilh\u00e9us e Regi\u00e3o &#8211; uma vez que, por decis\u00e3o coletiva, promoveu-se o consenso o que culminou com a escolha da nova diretoria.<\/p>\n<p><center><strong>Os nomes da nova diretoria s\u00e3o:<\/strong><\/p>\n<p> <strong>Vener\u00e1vel Mestre:<\/strong><br \/>\nEnio Felipe Daud Lima<br \/>\n<strong>1\u00ba Vigilante:<\/strong><br \/>\nLuis Eduardo K. Rehem<br \/>\n<strong>2\u00ba Vigilante:<\/strong><br \/>\nJos\u00e9 Estrela Galv\u00e3o<br \/>\n<strong>Orador:<\/strong><br \/>\nErivaldo Batista Santos<br \/>\n<strong>Secret\u00e1rio:<\/strong><br \/>\nAlexandre Almeida dos Santos<br \/>\n<strong>Tesoureiro:<\/strong><br \/>\nCarlos Alberto dos Santos<br \/>\n<strong>Chanceler:<\/strong><br \/>\nElson Ferreira dos Reis<\/center><\/p>\n<p>A posse da nova diretoria est\u00e1 prevista para o dia <strong>14 de junho de 2011, \u00e0s 20 horas, no Sal\u00e3o Nobre da pr\u00f3pria Loja.<\/strong><br \/>\nNa oportunidade ser\u00e1 servido um jantar.<\/p>\n<p>&#8212;<br \/>\n<strong>Enio Felipe Daud Lima:<\/strong><br \/>\n<em>Ilheense, Advogado militante, casado, 50 anos de idade, Ma\u00e7on desde o ano de 2000.<\/em><\/p>\n","protected":false},"excerpt":{"rendered":"<p>O advogado Enio Felipe Daud Lima foi eleito, por unanimidade, para dirigir a Loja Ma\u00e7\u00f4nica Elias Ock\u00e9 no bi\u00eanio 2011 &#8211; 2013. A elei\u00e7\u00e3o aconteceu num clima de confraterniza\u00e7\u00e3o entre os irm\u00e3os o que demonstra uni\u00e3o e for\u00e7a. O ato se deu no dia 9 de maio de 2011. Este fato &#8211; mereceu destaque entre [&hellip;]<\/p>\n","protected":false},"author":2,"featured_media":0,"comment_status":"open","ping_status":"open","sticky":false,"template":"","format":"standard","meta":{"_links_to":"","_links_to_target":""},"categories":[28],"tags":[],"_links":{"self":[{"href":"https:\/\/www.r2cpress.com.br\/v1\/wp-json\/wp\/v2\/posts\/15053"}],"collection":[{"href":"https:\/\/www.r2cpress.com.br\/v1\/wp-json\/wp\/v2\/posts"}],"about":[{"href":"https:\/\/www.r2cpress.com.br\/v1\/wp-json\/wp\/v2\/types\/post"}],"author":[{"embeddable":true,"href":"https:\/\/www.r2cpress.com.br\/v1\/wp-json\/wp\/v2\/users\/2"}],"replies":[{"embeddable":true,"href":"https:\/\/www.r2cpress.com.br\/v1\/wp-json\/wp\/v2\/comments?post=15053"}],"version-history":[{"count":9,"href":"https:\/\/www.r2cpress.com.br\/v1\/wp-json\/wp\/v2\/posts\/15053\/revisions"}],"predecessor-version":[{"id":15165,"href":"https:\/\/www.r2cpress.com.br\/v1\/wp-json\/wp\/v2\/posts\/15053\/revisions\/15165"}],"wp:attachment":[{"href":"https:\/\/www.r2cpress.com.br\/v1\/wp-json\/wp\/v2\/media?parent=15053"}],"wp:term":[{"taxonomy":"category","embeddable":true,"href":"https:\/\/www.r2cpress.com.br\/v1\/wp-json\/wp\/v2\/categories?post=15053"},{"taxonomy":"post_tag","embeddable":true,"href":"https:\/\/www.r2cpress.com.br\/v1\/wp-json\/wp\/v2\/tags?post=15053"}],"curies":[{"name":"wp","href":"https:\/\/api.w.org\/{rel}","templated":true}]}}