{"id":15162,"date":"2011-05-14T10:25:32","date_gmt":"2011-05-14T13:25:32","guid":{"rendered":"http:\/\/www.r2cpress.com.br\/v1\/?p=15162"},"modified":"2011-05-14T10:25:32","modified_gmt":"2011-05-14T13:25:32","slug":"empresa-brasil-de-comunicacao-r2cpress-agencia-de-noticias-31","status":"publish","type":"post","link":"https:\/\/www.r2cpress.com.br\/v1\/2011\/05\/14\/empresa-brasil-de-comunicacao-r2cpress-agencia-de-noticias-31\/","title":{"rendered":"Empresa Brasil de Comunica\u00e7\u00e3o \/ R2CPRESS &#8211; Ag\u00eancia de Not\u00edcias"},"content":{"rendered":"<p><center><strong>Minist\u00e9rio da Educa\u00e7\u00e3o anuncia data das provas do Enem<\/strong><\/center><br \/>\n<object width=\"100%\" height=\"24\" type=\"application\/x-shockwave-flash\" data=\"http:\/\/radioagencianacional.ebc.com.br\/sites\/radioagencianacional.ebc.com.br\/modules\/mp3player\/mp3player\/player.swf\" ><param name=\"bgcolor\" value=\"#FFFFFF\"><\/param><param name=\"wmode\" value=\"transparent\"><\/param><param name=\"menu\" value=\"false\"><\/param><param NAME=\"WMode\" VALUE=\"Transparent\"><\/param><param NAME=\"Play\" VALUE=\"0\"><\/param><param NAME=\"Loop\" VALUE=\"-1\"><\/param><param NAME=\"Quality\" VALUE=\"High\"><\/param><param NAME=\"SAlign\" VALUE=\"L\"><\/param><param NAME=\"Menu\" VALUE=\"0\"><\/param><param NAME=\"Base\" VALUE=\"\"><\/param><param NAME=\"AllowScriptAccess\" VALUE=\"\"><\/param><param NAME=\"Scale\" VALUE=\"NoScale\"><\/param><param NAME=\"DeviceFont\" VALUE=\"0\"><\/param><param NAME=\"EmbedMovie\" VALUE=\"0\"><\/param><param NAME=\"BGColor\" VALUE=\"FFFFFF\"><\/param><param NAME=\"SWRemote\" VALUE=\"\"><\/param><param NAME=\"MovieData\" VALUE=\"\"><\/param><param NAME=\"SeamlessTabbing\" VALUE=\"1\"><\/param><param NAME=\"Profile\" VALUE=\"-1\"><\/param><param NAME=\"ProfileAddress\" VALUE=\"\"><\/param><param NAME=\"ProfilePort\" VALUE=\"-2147483648\"><\/param><param NAME=\"AllowNetworking\" VALUE=\"all\"><\/param><param NAME=\"AllowFullScreen\" VALUE=\"false\"><\/param><param NAME=\"Movie\" VALUE=\"http:\/\/radioagencianacional.ebc.com.br\/sites\/radioagencianacional.ebc.com.br\/modules\/mp3player\/mp3player\/player.swf\"><\/param><param NAME=\"Src\" VALUE=\"http:\/\/radioagencianacional.ebc.com.br\/sites\/radioagencianacional.ebc.com.br\/modules\/mp3player\/mp3player\/player.swf\"><\/param><param name=\"flashvars\" value=\"noinfo=yes&#038;initialvolume=75&#038;soundFile=http:\/\/radioagencianacional.ebc.com.br\/sites\/radioagencianacional.ebc.com.br\/files\/13-05-11 - LIGYA MARIA - ENEM - 10h05 - ra.mp3&#038;titles=13-05-11 - LIGYA MARIA - ENEM - 10h05 - ra.mp3&#038;playerID=mp3player_1\"><\/param><\/object><br \/>\n<strong>EBC\/<em>Lygia Maria<\/em><\/strong><\/p>\n","protected":false},"excerpt":{"rendered":"<p>Minist\u00e9rio da Educa\u00e7\u00e3o anuncia data das provas do Enem EBC\/Lygia Maria<\/p>\n","protected":false},"author":2,"featured_media":0,"comment_status":"open","ping_status":"open","sticky":false,"template":"","format":"standard","meta":{"_links_to":"","_links_to_target":""},"categories":[18],"tags":[],"_links":{"self":[{"href":"https:\/\/www.r2cpress.com.br\/v1\/wp-json\/wp\/v2\/posts\/15162"}],"collection":[{"href":"https:\/\/www.r2cpress.com.br\/v1\/wp-json\/wp\/v2\/posts"}],"about":[{"href":"https:\/\/www.r2cpress.com.br\/v1\/wp-json\/wp\/v2\/types\/post"}],"author":[{"embeddable":true,"href":"https:\/\/www.r2cpress.com.br\/v1\/wp-json\/wp\/v2\/users\/2"}],"replies":[{"embeddable":true,"href":"https:\/\/www.r2cpress.com.br\/v1\/wp-json\/wp\/v2\/comments?post=15162"}],"version-history":[{"count":2,"href":"https:\/\/www.r2cpress.com.br\/v1\/wp-json\/wp\/v2\/posts\/15162\/revisions"}],"predecessor-version":[{"id":15164,"href":"https:\/\/www.r2cpress.com.br\/v1\/wp-json\/wp\/v2\/posts\/15162\/revisions\/15164"}],"wp:attachment":[{"href":"https:\/\/www.r2cpress.com.br\/v1\/wp-json\/wp\/v2\/media?parent=15162"}],"wp:term":[{"taxonomy":"category","embeddable":true,"href":"https:\/\/www.r2cpress.com.br\/v1\/wp-json\/wp\/v2\/categories?post=15162"},{"taxonomy":"post_tag","embeddable":true,"href":"https:\/\/www.r2cpress.com.br\/v1\/wp-json\/wp\/v2\/tags?post=15162"}],"curies":[{"name":"wp","href":"https:\/\/api.w.org\/{rel}","templated":true}]}}