{"id":15166,"date":"2011-05-14T12:47:30","date_gmt":"2011-05-14T15:47:30","guid":{"rendered":"http:\/\/www.r2cpress.com.br\/v1\/?p=15166"},"modified":"2011-05-14T12:47:30","modified_gmt":"2011-05-14T15:47:30","slug":"teste-do-olhinho-ou-reflexo-vermelho","status":"publish","type":"post","link":"https:\/\/www.r2cpress.com.br\/v1\/2011\/05\/14\/teste-do-olhinho-ou-reflexo-vermelho\/","title":{"rendered":"Teste do Olhinho ou Reflexo Vermelho"},"content":{"rendered":"<div id=\":11y\">\n<div id=\":12e\">\n<div><span style=\"color: #696969;\"><strong><\/strong><\/span><span style=\"color: #696969;\"><strong>Quando h\u00e1 qualquer altera\u00e7\u00e3o, o beb\u00ea deve ser imediatamente encaminhado a um especialista <\/strong><\/span><\/p>\n<p><span style=\"color: #696969; font-family: Tahoma,Verdana,Arial,Helvetica,sans-serif; font-size: xx-small;\"><\/p>\n<div>\n<p>O teste do Reflexo Vermelho, ou do olhinho,  \u00e9 um exame de rotina que deve ser realizado nos beb\u00eas logo na primeira  semana de vida, de prefer\u00eancia antes da alta da maternidade. A partir  desse exame \u00e9 poss\u00edvel detectar e prevenir diversas patologias oculares,  assim como o agravamento dessas altera\u00e7\u00f5es, como, por exemplo, uma  cegueira irrevers\u00edvel.<br \/>\n<strong>Como \u00e9 feito?<\/strong><br \/>\nO  exame \u00e9 gratuito, obrigat\u00f3rio, indolor e n\u00e3o confere qualquer  desconforto ao beb\u00ea. O pediatra utiliza uma fonte de luz, que sai de um  aparelho de bolso chamado oftalmosc\u00f3pio, como uma lanterninha. A partir  da\u00ed, se observa o reflexo que vem das pupilas.<br \/>\n<strong>Resultado<\/strong><br \/>\nQuando  a retina \u00e9 atingida pela luz, os olhos saud\u00e1veis refletem tons de  vermelho, laranja ou amarelo. Se houver qualquer altera\u00e7\u00e3o, n\u00e3o \u00e9  poss\u00edvel observar o reflexo ou a qualidade \u00e9 ruim, esbranqui\u00e7ada.<br \/>\nA  compara\u00e7\u00e3o dos reflexos dos dois olhos tamb\u00e9m fornece informa\u00e7\u00f5es  importantes, como diferen\u00e7as de grau entre olhos ou o estrabismo.<br \/>\nO  resultado sai na hora. Quando h\u00e1 qualquer altera\u00e7\u00e3o, o beb\u00ea deve ser  imediatamente encaminhado a um especialista.Quanto mais cedo forem  diagnosticados, melhor qualidade de vida ter\u00e1 o beb\u00ea.<\/p>\n<p>&#8212;<\/p>\n<p><strong>Dr. Ant\u00f4nio Nogueira<\/strong> \u00e9 oftalmologista e atende no CENOE<\/p>\n<p>CRM 18442<\/p>\n<p>Especialista em catarata e glaucoma.<\/p>\n<\/div>\n<p><\/span><\/div>\n<\/div>\n<\/div>\n","protected":false},"excerpt":{"rendered":"<p>Quando h\u00e1 qualquer altera\u00e7\u00e3o, o beb\u00ea deve ser imediatamente encaminhado a um especialista O teste do Reflexo Vermelho, ou do olhinho, \u00e9 um exame de rotina que deve ser realizado nos beb\u00eas logo na primeira semana de vida, de prefer\u00eancia antes da alta da maternidade. A partir desse exame \u00e9 poss\u00edvel detectar e prevenir diversas [&hellip;]<\/p>\n","protected":false},"author":2,"featured_media":0,"comment_status":"open","ping_status":"open","sticky":false,"template":"","format":"standard","meta":{"_links_to":"","_links_to_target":""},"categories":[24],"tags":[],"_links":{"self":[{"href":"https:\/\/www.r2cpress.com.br\/v1\/wp-json\/wp\/v2\/posts\/15166"}],"collection":[{"href":"https:\/\/www.r2cpress.com.br\/v1\/wp-json\/wp\/v2\/posts"}],"about":[{"href":"https:\/\/www.r2cpress.com.br\/v1\/wp-json\/wp\/v2\/types\/post"}],"author":[{"embeddable":true,"href":"https:\/\/www.r2cpress.com.br\/v1\/wp-json\/wp\/v2\/users\/2"}],"replies":[{"embeddable":true,"href":"https:\/\/www.r2cpress.com.br\/v1\/wp-json\/wp\/v2\/comments?post=15166"}],"version-history":[{"count":3,"href":"https:\/\/www.r2cpress.com.br\/v1\/wp-json\/wp\/v2\/posts\/15166\/revisions"}],"predecessor-version":[{"id":15169,"href":"https:\/\/www.r2cpress.com.br\/v1\/wp-json\/wp\/v2\/posts\/15166\/revisions\/15169"}],"wp:attachment":[{"href":"https:\/\/www.r2cpress.com.br\/v1\/wp-json\/wp\/v2\/media?parent=15166"}],"wp:term":[{"taxonomy":"category","embeddable":true,"href":"https:\/\/www.r2cpress.com.br\/v1\/wp-json\/wp\/v2\/categories?post=15166"},{"taxonomy":"post_tag","embeddable":true,"href":"https:\/\/www.r2cpress.com.br\/v1\/wp-json\/wp\/v2\/tags?post=15166"}],"curies":[{"name":"wp","href":"https:\/\/api.w.org\/{rel}","templated":true}]}}