{"id":15173,"date":"2011-05-14T14:57:33","date_gmt":"2011-05-14T17:57:33","guid":{"rendered":"http:\/\/www.r2cpress.com.br\/v1\/?p=15173"},"modified":"2011-05-14T14:57:33","modified_gmt":"2011-05-14T17:57:33","slug":"festa-de-santa-rita-de-cassia","status":"publish","type":"post","link":"https:\/\/www.r2cpress.com.br\/v1\/2011\/05\/14\/festa-de-santa-rita-de-cassia\/","title":{"rendered":"Festa de SANTA RITA DE C\u00c1SSIA"},"content":{"rendered":"<p><center><b>13 a 22 DE MAIO 2011<br \/>\nPadroeira do bairro da CONQUISTA<br \/>\n<i>&#8220;CONHECER JESUS CRISTO: MIST\u00c9RIO DE DEUS E CENTRO DA NOSSA F\u00c9&#8221;.<\/i><br \/>\nNOVEN\u00c1RIO \u00c0S 19 HORAS<br \/>\n<a href=\"http:\/\/www.r2cpress.com.br\/v1\/wp-content\/uploads\/santa-rita.jpg\"><img loading=\"lazy\" src=\"http:\/\/www.r2cpress.com.br\/v1\/wp-content\/uploads\/santa-rita-243x300.jpg\" alt=\"\" title=\"santa rita\" width=\"243\" height=\"300\" class=\"alignnone size-medium wp-image-15174\" srcset=\"https:\/\/www.r2cpress.com.br\/v1\/wp-content\/uploads\/santa-rita-243x300.jpg 243w, https:\/\/www.r2cpress.com.br\/v1\/wp-content\/uploads\/santa-rita.jpg 300w\" sizes=\"(max-width: 243px) 100vw, 243px\" \/><\/a><\/p>\n<p><\/b><b>C O N V I T E<\/b><\/p>\n<p>N\u00f3s da Par\u00f3quia <strong>SANTA RITA DE C\u00c1SSIA<\/strong>, convidamos a todos para juntarem-se a n\u00f3s na alegria de celebrarmos a Festa de nossa Padroeira.<\/p>\n<p><strong>DIA DA FESTA DE SANTA RITA DE C\u00c1SSIA<br \/>\n27 05 2011<\/strong><\/p>\n<p><strong>05h00 <\/strong>&#8211; ALVORADA<br \/>\n<strong>09h00<\/strong> &#8211; MISSA SOLENE<br \/>\n<strong>17h00<\/strong> &#8211; CAMINHADA DOS DEVOTOS DE SANTA RITA <\/center><\/p>\n","protected":false},"excerpt":{"rendered":"<p>13 a 22 DE MAIO 2011 Padroeira do bairro da CONQUISTA &#8220;CONHECER JESUS CRISTO: MIST\u00c9RIO DE DEUS E CENTRO DA NOSSA F\u00c9&#8221;. NOVEN\u00c1RIO \u00c0S 19 HORAS C O N V I T E N\u00f3s da Par\u00f3quia SANTA RITA DE C\u00c1SSIA, convidamos a todos para juntarem-se a n\u00f3s na alegria de celebrarmos a Festa de nossa [&hellip;]<\/p>\n","protected":false},"author":2,"featured_media":0,"comment_status":"open","ping_status":"open","sticky":false,"template":"","format":"standard","meta":{"_links_to":"","_links_to_target":""},"categories":[28],"tags":[],"_links":{"self":[{"href":"https:\/\/www.r2cpress.com.br\/v1\/wp-json\/wp\/v2\/posts\/15173"}],"collection":[{"href":"https:\/\/www.r2cpress.com.br\/v1\/wp-json\/wp\/v2\/posts"}],"about":[{"href":"https:\/\/www.r2cpress.com.br\/v1\/wp-json\/wp\/v2\/types\/post"}],"author":[{"embeddable":true,"href":"https:\/\/www.r2cpress.com.br\/v1\/wp-json\/wp\/v2\/users\/2"}],"replies":[{"embeddable":true,"href":"https:\/\/www.r2cpress.com.br\/v1\/wp-json\/wp\/v2\/comments?post=15173"}],"version-history":[{"count":3,"href":"https:\/\/www.r2cpress.com.br\/v1\/wp-json\/wp\/v2\/posts\/15173\/revisions"}],"predecessor-version":[{"id":15177,"href":"https:\/\/www.r2cpress.com.br\/v1\/wp-json\/wp\/v2\/posts\/15173\/revisions\/15177"}],"wp:attachment":[{"href":"https:\/\/www.r2cpress.com.br\/v1\/wp-json\/wp\/v2\/media?parent=15173"}],"wp:term":[{"taxonomy":"category","embeddable":true,"href":"https:\/\/www.r2cpress.com.br\/v1\/wp-json\/wp\/v2\/categories?post=15173"},{"taxonomy":"post_tag","embeddable":true,"href":"https:\/\/www.r2cpress.com.br\/v1\/wp-json\/wp\/v2\/tags?post=15173"}],"curies":[{"name":"wp","href":"https:\/\/api.w.org\/{rel}","templated":true}]}}