{"id":15191,"date":"2011-05-14T18:23:47","date_gmt":"2011-05-14T21:23:47","guid":{"rendered":"http:\/\/www.r2cpress.com.br\/v1\/?p=15191"},"modified":"2011-05-14T18:23:47","modified_gmt":"2011-05-14T21:23:47","slug":"guardas-municipais-participam-de-palestras-com-entidades-parceiras","status":"publish","type":"post","link":"https:\/\/www.r2cpress.com.br\/v1\/2011\/05\/14\/guardas-municipais-participam-de-palestras-com-entidades-parceiras\/","title":{"rendered":"GUARDAS MUNICIPAIS PARTICIPAM DE PALESTRAS COM ENTIDADES PARCEIRAS"},"content":{"rendered":"<div id=\":1t5\">\n<div id=\":1t6\">\n<div>\n<div><strong> <\/strong><a href=\"http:\/\/www.r2cpress.com.br\/v1\/wp-content\/uploads\/0042.jpg\"><img loading=\"lazy\" class=\"alignleft size-medium wp-image-15192\" title=\"004\" src=\"http:\/\/www.r2cpress.com.br\/v1\/wp-content\/uploads\/0042-300x224.jpg\" alt=\"\" width=\"300\" height=\"224\" srcset=\"https:\/\/www.r2cpress.com.br\/v1\/wp-content\/uploads\/0042-300x224.jpg 300w, https:\/\/www.r2cpress.com.br\/v1\/wp-content\/uploads\/0042.jpg 448w\" sizes=\"(max-width: 300px) 100vw, 300px\" \/><\/a>Como parte da nova pol\u00edtica de parceria da Guarda Civil Municipal de Ilh\u00e9us, foi realizada ontem, no audit\u00f3rio da <strong>CIPE CACAUEIRA-CAERC,<\/strong> uma s\u00e9rie de palestras com membros de entidades como <strong>CREA, CRAS, CONSELHO TUTELAR E TELECENTRO. <\/strong>O  Objetivo das palestras \u00e9 estreitar os la\u00e7os entre estas institui\u00e7\u00f5es,  no Enfrentamento da Viol\u00eancia em v\u00e1rios sentidos como: Explora\u00e7\u00e3o  Sexual, Combate \u00e0 Pedofilia, Viol\u00eancia Dom\u00e9stica, Combate \u00e0s Drogas. O  Sr. Genildo Bispo, Coordenador do Conselho Tutelar \u2013 Norte, frisou a  import\u00e2ncia da parceira do Conselho com a Guarda Municipal, <em><strong>\u201c\u00e9 muito importante o trabalho de parceria do Conselho Tutelar com esta institui\u00e7\u00e3o, Guarda Municipal\u201d. <\/strong><\/em><\/div>\n<div><em><strong><!--more--><\/strong><\/em><\/div>\n<div><\/div>\n<div>O  destaque da palestra ficou por conta do debate da ressocializa\u00e7\u00e3o do  indiv\u00edduo na sociedade, como tamb\u00e9m a quest\u00e3o da apar\u00eancia do  adolescente no mundo atual. A Assistente Social e Coordenadora do  CREAS-Ilh\u00e9us, Sr\u00aa Aparecida defendeu a tese de que a vestimenta do  adolescente n\u00e3o quer dizer muita coisa, opini\u00e3o diferente do GCM Samir  (como tamb\u00e9m deste blogueiro) que frisou de forma inteligente que <em><strong>\u201cas estat\u00edsticas dizem que os indiv\u00edduos que se vestem desta maneira, tem em sua maioria, m\u00e1 \u00edndole e praticam coisas il\u00edcitas\u201d.<\/strong><\/em><\/div>\n<div><em><strong><br \/>\n<\/strong><\/em><\/div>\n<div>Participaram do evento como palestrantes o <em><strong>Conselheiro  do Conselho Tutelar \u2013 Norte, Sr. Genildo Bispo, a Conselheira \u2013  Centro\/Sul, a Sr\u00aa Marlene, a Assistente Social do CREAS-Ilh\u00e9us, Sr\u00aa  Aparecida, a Assistente Social do CRAS, Sr\u00aa Teresinha e o Tutor M\u00e1ster e  Gerente do Telecentro Luzinete Aragon, o Sr. Robson Magalh\u00e3es. <\/strong><\/em><\/div>\n<\/div>\n<\/div>\n<\/div>\n","protected":false},"excerpt":{"rendered":"<p>Como parte da nova pol\u00edtica de parceria da Guarda Civil Municipal de Ilh\u00e9us, foi realizada ontem, no audit\u00f3rio da CIPE CACAUEIRA-CAERC, uma s\u00e9rie de palestras com membros de entidades como CREA, CRAS, CONSELHO TUTELAR E TELECENTRO. O Objetivo das palestras \u00e9 estreitar os la\u00e7os entre estas institui\u00e7\u00f5es, no Enfrentamento da Viol\u00eancia em v\u00e1rios sentidos como: [&hellip;]<\/p>\n","protected":false},"author":2,"featured_media":0,"comment_status":"open","ping_status":"open","sticky":false,"template":"","format":"standard","meta":{"_links_to":"","_links_to_target":""},"categories":[25],"tags":[],"_links":{"self":[{"href":"https:\/\/www.r2cpress.com.br\/v1\/wp-json\/wp\/v2\/posts\/15191"}],"collection":[{"href":"https:\/\/www.r2cpress.com.br\/v1\/wp-json\/wp\/v2\/posts"}],"about":[{"href":"https:\/\/www.r2cpress.com.br\/v1\/wp-json\/wp\/v2\/types\/post"}],"author":[{"embeddable":true,"href":"https:\/\/www.r2cpress.com.br\/v1\/wp-json\/wp\/v2\/users\/2"}],"replies":[{"embeddable":true,"href":"https:\/\/www.r2cpress.com.br\/v1\/wp-json\/wp\/v2\/comments?post=15191"}],"version-history":[{"count":3,"href":"https:\/\/www.r2cpress.com.br\/v1\/wp-json\/wp\/v2\/posts\/15191\/revisions"}],"predecessor-version":[{"id":15195,"href":"https:\/\/www.r2cpress.com.br\/v1\/wp-json\/wp\/v2\/posts\/15191\/revisions\/15195"}],"wp:attachment":[{"href":"https:\/\/www.r2cpress.com.br\/v1\/wp-json\/wp\/v2\/media?parent=15191"}],"wp:term":[{"taxonomy":"category","embeddable":true,"href":"https:\/\/www.r2cpress.com.br\/v1\/wp-json\/wp\/v2\/categories?post=15191"},{"taxonomy":"post_tag","embeddable":true,"href":"https:\/\/www.r2cpress.com.br\/v1\/wp-json\/wp\/v2\/tags?post=15191"}],"curies":[{"name":"wp","href":"https:\/\/api.w.org\/{rel}","templated":true}]}}