{"id":15206,"date":"2011-05-14T19:17:51","date_gmt":"2011-05-14T22:17:51","guid":{"rendered":"http:\/\/www.r2cpress.com.br\/v1\/?p=15206"},"modified":"2011-05-14T19:17:51","modified_gmt":"2011-05-14T22:17:51","slug":"decreto-descredencia-prestadores-de-servico-da-saude-em-ilheus","status":"publish","type":"post","link":"https:\/\/www.r2cpress.com.br\/v1\/2011\/05\/14\/decreto-descredencia-prestadores-de-servico-da-saude-em-ilheus\/","title":{"rendered":"Decreto descredencia prestadores de servi\u00e7o da sa\u00fade em Ilh\u00e9us"},"content":{"rendered":"<p><b><font color = \"red\">R2CPRESS INFORMANDO EM ABSOLUT\u00cdIIIISSIMA 4\u00aa M\u00c3O<\/font><\/b><\/p>\n<p><div id=\"attachment_15207\" style=\"width: 310px\" class=\"wp-caption alignleft\"><a href=\"http:\/\/www.r2cpress.com.br\/v1\/wp-content\/uploads\/Descredenciadas.jpg\"><img aria-describedby=\"caption-attachment-15207\" loading=\"lazy\" src=\"http:\/\/www.r2cpress.com.br\/v1\/wp-content\/uploads\/Descredenciadas-300x156.jpg\" alt=\"\" title=\"Descredenciadas\" width=\"300\" height=\"156\" class=\"size-medium wp-image-15207\" srcset=\"https:\/\/www.r2cpress.com.br\/v1\/wp-content\/uploads\/Descredenciadas-300x156.jpg 300w, https:\/\/www.r2cpress.com.br\/v1\/wp-content\/uploads\/Descredenciadas.jpg 956w\" sizes=\"(max-width: 300px) 100vw, 300px\" \/><\/a><p id=\"caption-attachment-15207\" class=\"wp-caption-text\">Fac-Smilie do decreto publicado no DO \/ Cr\u00e9dito: Di\u00e1rio Oficial de Ilh\u00e9us \/ CLIQUE PARA AMPLIAR.<\/p><\/div><strong>Em primeir\u00edssima m\u00e3o<\/strong>. O Fundo Municipal de Sa\u00fade de Ilh\u00e9us publica na edi\u00e7\u00e3o deste final de semana, do Di\u00e1rio Oficial do Munic\u00edpio, <a href = \"http:\/\/www.io.org.br\/sitesMunicipios\/temp\/2011_05_13416003271.pdf?CFID=3069770&#038;CFTOKEN=17071256\" target = \"_news\"><b>vers\u00e3o on line<\/b><\/a>, uma decis\u00e3o do secret\u00e1rio de Sa\u00fade, Jorge Arouca, de negar provimento a recursos interpostos por pessoas jur\u00eddicas da \u00e1rea de sa\u00fade de m\u00e9dia e alta complexidade ambulatorial e hospitalar do munic\u00edpio o que, na interpreta\u00e7\u00e3o de m\u00e9dicos ouvidos pelo <strong>Jornal Bahia Online<\/strong>, significa, na pr\u00e1tica, o imediato descredenciamento de diversas cl\u00ednicas e laborat\u00f3rios que prestam servi\u00e7os \u00e0 popula\u00e7\u00e3o.<\/p>\n<p>Um m\u00e9dico ouvido pela reportagem do JBO, afirma que a not\u00edcia caiu como uma &#8220;bomba&#8221; neste s\u00e1bado. Ele informou que ap\u00f3s o chamamento p\u00fablico do Fundo Municipal de Sa\u00fade para credenciamento de empresas, ocorrido em 2010, muitas delas foram informadas que existiam pend\u00eancias documentais para a regulamenta\u00e7\u00e3o do contrato. &#8220;No meu caso, apresentei todas. Nos pediram balan\u00e7o patrimonial, Certid\u00e3o Negativa de Fal\u00eancia de Pessoa F\u00edsica e a identifica\u00e7\u00e3o do Respons\u00e1vel T\u00e9cnico. Agora me surpreendo com a decis\u00e3o&#8221;, afirmou.<\/p>\n<p><!--more--><\/p>\n<p>Dentre as empresas que tiveram o provimento de recursos negado est\u00e1 inclusive, a Cl\u00ednica Ortop\u00e9dica e Traumatol\u00f3gica de Ilh\u00e9us (Coti), que entre os s\u00f3cios tem o vice-prefeito M\u00e1rio Alexandre, filho da deputada estadual \u00c2ngela Sousa. A negativa tamb\u00e9m atingiu as seguintes empresas: Laborat\u00f3rio Exemplo Ltda., Clinap, Iacli, Centro Expecializado de Ultrassonografia (Ceu), Cliedil, Serprofemi, Laborat\u00f3rio Bioclin, Bemstar, Policl\u00ednica de Ilh\u00e9us, Dantas Pryl Servi\u00e7os M\u00e9dicos Ltda, M\u00e9dico Center, Audioclin, Labclin e Sacro.<\/p>\n<p>O secret\u00e1rio Jorge Arouca &#8211; que nos pr\u00f3ximos dias deve entregar oficialmente seu pedido de exonera\u00e7\u00e3o ao prefeito Newton Lima &#8211; foi procurado pelo Jornal Bahia Online para dar maiores explica\u00e7\u00f5es a respeito do decreto. No entranto, seus tr\u00eas telefones celulares estavam desligados. M\u00e9dicos ouvidos pelo JBO afirmam que, caso a decis\u00e3o seja mesmo pelo descredenciamento das empresas, a situa\u00e7\u00e3o da sa\u00fade de Ilh\u00e9us, que j\u00e1 n\u00e3o \u00e9 boa, tende a piorar. Alguns j\u00e1 come\u00e7am a articular uma a\u00e7\u00e3o judicial para impedir o cumprimento do decreto.<\/p>\n<p>Uma importante fonte do Pal\u00e1cio Paranagu\u00e1 afirmou neste s\u00e1bado (14) pela manh\u00e3 que, de fato, o decreto \u00e9, no primeiro momento, prejudicial ao sistema mas era preciso tomar a medida legal pelo fato de a grande maioria das empresas credenciadas n\u00e3o estar em dia com toda a documenta\u00e7\u00e3o exigida. &#8220;H\u00e1 hospitais credenciados que, sequer, enviaram documentos para a secretaria. Melhor: n\u00e3o enviaram nenhum documento&#8221;, afirma a fonte. Apesar de, em um primeiro momento, o decreto &#8220;assustar&#8221;, a fonte garante que a grande maioria das empresas credenciadas retornar\u00e1 ao servi\u00e7o. &#8220;Parece que v\u00e3o ficar de fora. Mas n\u00e3o v\u00e3o&#8221;, afirma.<\/p>\n<p>&#8212;<br \/>\nNo <a href = \"http:\/\/www.jornalbahiaonline.com.br\/index.asp?noticia=12442\" target = \"_news\"><b>Jornal Bahia Online<\/b><\/a><\/p>\n","protected":false},"excerpt":{"rendered":"<p>R2CPRESS INFORMANDO EM ABSOLUT\u00cdIIIISSIMA 4\u00aa M\u00c3O Em primeir\u00edssima m\u00e3o. O Fundo Municipal de Sa\u00fade de Ilh\u00e9us publica na edi\u00e7\u00e3o deste final de semana, do Di\u00e1rio Oficial do Munic\u00edpio, vers\u00e3o on line, uma decis\u00e3o do secret\u00e1rio de Sa\u00fade, Jorge Arouca, de negar provimento a recursos interpostos por pessoas jur\u00eddicas da \u00e1rea de sa\u00fade de m\u00e9dia e [&hellip;]<\/p>\n","protected":false},"author":2,"featured_media":0,"comment_status":"open","ping_status":"open","sticky":false,"template":"","format":"standard","meta":{"_links_to":"","_links_to_target":""},"categories":[24],"tags":[],"_links":{"self":[{"href":"https:\/\/www.r2cpress.com.br\/v1\/wp-json\/wp\/v2\/posts\/15206"}],"collection":[{"href":"https:\/\/www.r2cpress.com.br\/v1\/wp-json\/wp\/v2\/posts"}],"about":[{"href":"https:\/\/www.r2cpress.com.br\/v1\/wp-json\/wp\/v2\/types\/post"}],"author":[{"embeddable":true,"href":"https:\/\/www.r2cpress.com.br\/v1\/wp-json\/wp\/v2\/users\/2"}],"replies":[{"embeddable":true,"href":"https:\/\/www.r2cpress.com.br\/v1\/wp-json\/wp\/v2\/comments?post=15206"}],"version-history":[{"count":5,"href":"https:\/\/www.r2cpress.com.br\/v1\/wp-json\/wp\/v2\/posts\/15206\/revisions"}],"predecessor-version":[{"id":15212,"href":"https:\/\/www.r2cpress.com.br\/v1\/wp-json\/wp\/v2\/posts\/15206\/revisions\/15212"}],"wp:attachment":[{"href":"https:\/\/www.r2cpress.com.br\/v1\/wp-json\/wp\/v2\/media?parent=15206"}],"wp:term":[{"taxonomy":"category","embeddable":true,"href":"https:\/\/www.r2cpress.com.br\/v1\/wp-json\/wp\/v2\/categories?post=15206"},{"taxonomy":"post_tag","embeddable":true,"href":"https:\/\/www.r2cpress.com.br\/v1\/wp-json\/wp\/v2\/tags?post=15206"}],"curies":[{"name":"wp","href":"https:\/\/api.w.org\/{rel}","templated":true}]}}