{"id":15294,"date":"2011-05-16T09:00:44","date_gmt":"2011-05-16T12:00:44","guid":{"rendered":"http:\/\/www.r2cpress.com.br\/v1\/?p=15294"},"modified":"2011-05-16T09:25:27","modified_gmt":"2011-05-16T12:25:27","slug":"festa-dos-amigos-quebra-novo-record","status":"publish","type":"post","link":"https:\/\/www.r2cpress.com.br\/v1\/2011\/05\/16\/festa-dos-amigos-quebra-novo-record\/","title":{"rendered":"Festa dos AMIGOS quebra novo RECORD"},"content":{"rendered":"<p><em>Em sua 5\u00aa edi\u00e7\u00e3o a <strong>FESTA DOS AMIGOS<\/strong>, coordenada pelo m\u00e9dico <strong>JOS\u00c9 REBOU\u00c7AS<\/strong>, quebrou novo record. Neste ano os alimentos arrecadados utrapassaram <strong>3 toneladas.<\/strong> A festa acontece no sal\u00e3o da Loja Ma\u00e7\u00f4nica 28 de Julho na cidade de Itabuna.<\/em><br \/>\n&#8212;<\/p>\n<p><center><div id=\"attachment_15301\" style=\"width: 310px\" class=\"wp-caption alignnone\"><a href=\"http:\/\/www.r2cpress.com.br\/v1\/wp-content\/uploads\/mont-011.jpg\"><img aria-describedby=\"caption-attachment-15301\" loading=\"lazy\" src=\"http:\/\/www.r2cpress.com.br\/v1\/wp-content\/uploads\/mont-011-300x225.jpg\" alt=\"\" title=\"mont 01\" width=\"300\" height=\"225\" class=\"size-medium wp-image-15301\" srcset=\"https:\/\/www.r2cpress.com.br\/v1\/wp-content\/uploads\/mont-011-300x225.jpg 300w, https:\/\/www.r2cpress.com.br\/v1\/wp-content\/uploads\/mont-011.jpg 800w\" sizes=\"(max-width: 300px) 100vw, 300px\" \/><\/a><p id=\"caption-attachment-15301\" class=\"wp-caption-text\">Clique para AMPLIAR.<\/p><\/div><\/center><br \/>\nMeu santo,<strong> S\u00c3O JOS\u00c9 REBOU\u00c7AS<\/strong>, juntamente com a sua equipe descobriram ser esta uma bela maneira de agradecer  a <strong>DEUS<\/strong> as conquistas, o sucesso e por permanecerem  fi\u00e9is aos princ\u00edpios da <strong>solidariedade humana e crist\u00e3<\/strong>.<br \/>\n<center><div id=\"attachment_15302\" style=\"width: 310px\" class=\"wp-caption alignnone\"><a href=\"http:\/\/www.r2cpress.com.br\/v1\/wp-content\/uploads\/mont-021.jpg\"><img aria-describedby=\"caption-attachment-15302\" loading=\"lazy\" src=\"http:\/\/www.r2cpress.com.br\/v1\/wp-content\/uploads\/mont-021-300x151.jpg\" alt=\"\" title=\"mont 02\" width=\"300\" height=\"151\" class=\"size-medium wp-image-15302\" srcset=\"https:\/\/www.r2cpress.com.br\/v1\/wp-content\/uploads\/mont-021-300x151.jpg 300w, https:\/\/www.r2cpress.com.br\/v1\/wp-content\/uploads\/mont-021.jpg 800w\" sizes=\"(max-width: 300px) 100vw, 300px\" \/><\/a><p id=\"caption-attachment-15302\" class=\"wp-caption-text\">Clique para AMPLIAR.<\/p><\/div><\/center><br \/>\n&#8212;<br \/>\nMeu santo \u00e9 o cara que, orientado pelo povo l\u00e1 de <strong>CIMA<\/strong>, fez com que a minha perna esteja aqui grudada &#8216;nimim&#8217;.<br \/>\nDesenvolvemos, por conta da minha hospedagem (toc, toc, toc, <strong>MIL VEZES <\/strong>toc) no CALIXTO, uma bela amizade e desde 2008 a gente, sempre que pode, entra no processo confabulat\u00f3rio. Por telefone, por <strong>i-meio<\/strong>, enfim, a gente se deu bem mesmo e vai alimentando, com muito carinho, essa bela amizade.<br \/>\n&#8212;<br \/>\n<center><iframe loading=\"lazy\" width=\"450\" height=\"390\" src=\"http:\/\/www.youtube.com\/embed\/qdH9FRBWSy8\" frameborder=\"0\" allowfullscreen><\/iframe><\/center><br \/>\nA <strong>ENTIDADE <\/strong>que acompanha <strong>Dr Rebou\u00e7as<\/strong> ficou de fotografar as doa\u00e7\u00f5es. N\u00e3o fez hoje porque falta pegar uma parte amanh\u00e3.  Quando as fotos das doa\u00e7\u00f5es chegarem a gente vai mostrar. <\/p>\n<p>&#8212;<br \/>\nFiz as fotos e o v\u00eddeo logo no come\u00e7o da festa para aproveitar a luz de DEUS porque m\u00e1quina de pobre n\u00e3o tem certos recursos e para n\u00e3o ficar ruim, como no ano passado, a\u00ed eu mandei logo.<br \/>\nO sal\u00e3o e a \u00e1rea externa chaparam de gente.<br \/>\n<strong>Uma bela festa.<\/strong><\/p>\n<p>&#8212;<br \/>\nDr Rebou\u00e7as, um beijo maior do que o mundo e fique com <strong>DEUS <\/strong>(Sempre!).<br \/>\nRabat &#038; Banda.<\/p>\n","protected":false},"excerpt":{"rendered":"<p>Em sua 5\u00aa edi\u00e7\u00e3o a FESTA DOS AMIGOS, coordenada pelo m\u00e9dico JOS\u00c9 REBOU\u00c7AS, quebrou novo record. Neste ano os alimentos arrecadados utrapassaram 3 toneladas. A festa acontece no sal\u00e3o da Loja Ma\u00e7\u00f4nica 28 de Julho na cidade de Itabuna. &#8212; Meu santo, S\u00c3O JOS\u00c9 REBOU\u00c7AS, juntamente com a sua equipe descobriram ser esta uma bela [&hellip;]<\/p>\n","protected":false},"author":2,"featured_media":0,"comment_status":"open","ping_status":"open","sticky":false,"template":"","format":"standard","meta":{"_links_to":"","_links_to_target":""},"categories":[28],"tags":[],"_links":{"self":[{"href":"https:\/\/www.r2cpress.com.br\/v1\/wp-json\/wp\/v2\/posts\/15294"}],"collection":[{"href":"https:\/\/www.r2cpress.com.br\/v1\/wp-json\/wp\/v2\/posts"}],"about":[{"href":"https:\/\/www.r2cpress.com.br\/v1\/wp-json\/wp\/v2\/types\/post"}],"author":[{"embeddable":true,"href":"https:\/\/www.r2cpress.com.br\/v1\/wp-json\/wp\/v2\/users\/2"}],"replies":[{"embeddable":true,"href":"https:\/\/www.r2cpress.com.br\/v1\/wp-json\/wp\/v2\/comments?post=15294"}],"version-history":[{"count":15,"href":"https:\/\/www.r2cpress.com.br\/v1\/wp-json\/wp\/v2\/posts\/15294\/revisions"}],"predecessor-version":[{"id":15316,"href":"https:\/\/www.r2cpress.com.br\/v1\/wp-json\/wp\/v2\/posts\/15294\/revisions\/15316"}],"wp:attachment":[{"href":"https:\/\/www.r2cpress.com.br\/v1\/wp-json\/wp\/v2\/media?parent=15294"}],"wp:term":[{"taxonomy":"category","embeddable":true,"href":"https:\/\/www.r2cpress.com.br\/v1\/wp-json\/wp\/v2\/categories?post=15294"},{"taxonomy":"post_tag","embeddable":true,"href":"https:\/\/www.r2cpress.com.br\/v1\/wp-json\/wp\/v2\/tags?post=15294"}],"curies":[{"name":"wp","href":"https:\/\/api.w.org\/{rel}","templated":true}]}}