{"id":15308,"date":"2011-05-16T08:58:09","date_gmt":"2011-05-16T11:58:09","guid":{"rendered":"http:\/\/www.r2cpress.com.br\/v1\/?p=15308"},"modified":"2011-05-16T14:09:10","modified_gmt":"2011-05-16T17:09:10","slug":"br-101-interdita-dia-15-de-maio-domingo","status":"publish","type":"post","link":"https:\/\/www.r2cpress.com.br\/v1\/2011\/05\/16\/br-101-interdita-dia-15-de-maio-domingo\/","title":{"rendered":"Br 101 Interditada dia 15 de maio (domingo)"},"content":{"rendered":"<p><strong>Associa\u00e7\u00e3o do Santo Antonio e regi\u00e3o<\/strong><\/p>\n<div id=\"attachment_15309\" style=\"width: 212px\" class=\"wp-caption alignleft\"><a href=\"http:\/\/www.r2cpress.com.br\/v1\/wp-content\/uploads\/MONT-CAPA-SITE66.jpg\"><img aria-describedby=\"caption-attachment-15309\" loading=\"lazy\" class=\"size-medium wp-image-15309\" title=\"MONT CAPA SITE\" src=\"http:\/\/www.r2cpress.com.br\/v1\/wp-content\/uploads\/MONT-CAPA-SITE66-202x300.jpg\" alt=\"\" width=\"202\" height=\"300\" srcset=\"https:\/\/www.r2cpress.com.br\/v1\/wp-content\/uploads\/MONT-CAPA-SITE66-202x300.jpg 202w, https:\/\/www.r2cpress.com.br\/v1\/wp-content\/uploads\/MONT-CAPA-SITE66.jpg 680w\" sizes=\"(max-width: 202px) 100vw, 202px\" \/><\/a><p id=\"caption-attachment-15309\" class=\"wp-caption-text\">Clique para AMPLIAR.<\/p><\/div>\n<p>A carralgada de Ilh\u00e9us para Buerarema pela BR 251 organizada pela Associa\u00e7\u00e3o do Santo Antonio e regi\u00e3o teve a ades\u00e3o de muitos trabalhadores rurais, pequenos agricultores, pol\u00edticos das cidades de Ilh\u00e9us e de Buerarema, presidente de varias associa\u00e7\u00f5es e seguimentos organizados, movimento dos sem terras, lideran\u00e7as de bairros, jovens ciclistas e seguimentos de moto boys que aderiram tamb\u00e9m ao protesto.<\/p>\n<p>&nbsp;<\/p>\n<p>Em grande n\u00famero seguiram pela rodovia BR 251. A cada comunidade que passavam os moradores locais se juntavam a carralgada que seguia destino a BR 101 em Buerarema, conforme relato, todos com um s\u00f3 pensamento, sensibilizar o Governo Federal (Presidente Dilma Rusself, Minist\u00e9rios dos transportes, Agricultura e das cidades) para que tomem providencias urgentes em rela\u00e7\u00e3o aos 52 km da BR 251 que foi inaugurada em 1972 com recursos federais atrav\u00e9s da CEPLAC conforme moradores da regi\u00e3o, no governo do saudoso Antonio Carlos Magalh\u00e3es, e que segundo moradores apenas foi colocado placa inaugural, por que o asfalto que \u00e9 bom, o povo nunca viu. Moradores e pequenos produtores locais clamam por repara\u00e7\u00f5es, s\u00e3o mais de 50 anos de sofrimento. &#8220;N\u00e3o se pode viver mais nessas condi\u00e7\u00f5es de abandono por parte do estado, pol\u00edticos s\u00f3 vem a nossa regi\u00e3o buscar o nosso voto, depois nos deixam com nosso sofrimento, principalmente em nossas mesas&#8221;, finalizou D. Maria Antonia, moradora h\u00e1 mais de 60 anos, que vive desde menina na regi\u00e3o.<\/p>\n<p><!--more--><\/p>\n<p>O Presidente da Associa\u00e7\u00e3o do Santo Antonio, Sr Jorge Anuncia\u00e7\u00e3o tamb\u00e9m falou que o governo do estado foi acionado pelo Minist\u00e9rio P\u00fablico, justificou que a responsabilidade da BR 251 \u00e9 do Governo Federal, e que se encontra nessas circunstancias por falta de compromisso de gest\u00f5es passadas, for\u00e7a pol\u00edtica na regi\u00e3o, que nunca se interessou e n\u00e3o cumpre o seu papel para com os distritos de Ilh\u00e9us. Segundo Jorge Anuncia\u00e7\u00e3o, &#8220;\u00e9 preciso fazer mais manifestos, n\u00e3o parar nesse, vamos chamar \u00e1 aten\u00e7\u00e3o, parar se poss\u00edvel a ponte do Pontal, enquanto n\u00e3o se buscar a solu\u00e7\u00e3o para as 12 mil fam\u00edlias que moram na regi\u00e3o da BR 251, n\u00e3o iremos desistir, acrescentou&#8221;.<\/p>\n<p>Com uma carralgada ordeira e participativa as pessoas iam se aglutinando nas caronas que seguiam em apoio \u00e0 carralgada. Logo que chegaram \u00e0 rodovia da BR 101, fecharam o transito, liberando apenas para ambul\u00e2ncias. A Policia Rodovi\u00e1ria Federal foi chamada, conversou com os coordenadores do manifesto e acordaram que fosse breve ao manifesto e que liberassem a rodovia para n\u00e3o causar mais transtornos. Em Buerarema n\u00e3o foi diferente, tomaram a pra\u00e7a para lanchar, fizeram avalia\u00e7\u00e3o do manifesto, logo ap\u00f3s seguiram em retorno a Ilh\u00e9us para.<\/p>\n<p>Estiveram presente personalidades ilheenses como os Vereadores Edvaldo Nascimento (Dinho g\u00e1s) e Jose Reynaldo  (Z\u00e9 Neguinho), tamb\u00e9m participaram da carralgada, Ruy Carvalho, Paulo Carmo, Amil, Valdo, Clodoaldo, Arlindo da Coelba, Roberto Cors\u00e1rio, D. Maria de Cururutinga, Soraia Lisboa, Jarles Soares, Leto da filarm\u00f4nica da zona sul e o ex vereador Rodolfo Macedo, tamb\u00e9m presente a carralgada o Secretario de Agricultura, de Buerarema Sr Gild\u00e1sio.<\/p>\n<p>&#8212;<br \/>\nFotos e texto do http:\/\/tresilhasilheos.blogspot.com\/<\/p>\n","protected":false},"excerpt":{"rendered":"<p>Associa\u00e7\u00e3o do Santo Antonio e regi\u00e3o A carralgada de Ilh\u00e9us para Buerarema pela BR 251 organizada pela Associa\u00e7\u00e3o do Santo Antonio e regi\u00e3o teve a ades\u00e3o de muitos trabalhadores rurais, pequenos agricultores, pol\u00edticos das cidades de Ilh\u00e9us e de Buerarema, presidente de varias associa\u00e7\u00f5es e seguimentos organizados, movimento dos sem terras, lideran\u00e7as de bairros, jovens [&hellip;]<\/p>\n","protected":false},"author":2,"featured_media":0,"comment_status":"open","ping_status":"open","sticky":false,"template":"","format":"standard","meta":{"_links_to":"","_links_to_target":""},"categories":[13],"tags":[],"_links":{"self":[{"href":"https:\/\/www.r2cpress.com.br\/v1\/wp-json\/wp\/v2\/posts\/15308"}],"collection":[{"href":"https:\/\/www.r2cpress.com.br\/v1\/wp-json\/wp\/v2\/posts"}],"about":[{"href":"https:\/\/www.r2cpress.com.br\/v1\/wp-json\/wp\/v2\/types\/post"}],"author":[{"embeddable":true,"href":"https:\/\/www.r2cpress.com.br\/v1\/wp-json\/wp\/v2\/users\/2"}],"replies":[{"embeddable":true,"href":"https:\/\/www.r2cpress.com.br\/v1\/wp-json\/wp\/v2\/comments?post=15308"}],"version-history":[{"count":4,"href":"https:\/\/www.r2cpress.com.br\/v1\/wp-json\/wp\/v2\/posts\/15308\/revisions"}],"predecessor-version":[{"id":15366,"href":"https:\/\/www.r2cpress.com.br\/v1\/wp-json\/wp\/v2\/posts\/15308\/revisions\/15366"}],"wp:attachment":[{"href":"https:\/\/www.r2cpress.com.br\/v1\/wp-json\/wp\/v2\/media?parent=15308"}],"wp:term":[{"taxonomy":"category","embeddable":true,"href":"https:\/\/www.r2cpress.com.br\/v1\/wp-json\/wp\/v2\/categories?post=15308"},{"taxonomy":"post_tag","embeddable":true,"href":"https:\/\/www.r2cpress.com.br\/v1\/wp-json\/wp\/v2\/tags?post=15308"}],"curies":[{"name":"wp","href":"https:\/\/api.w.org\/{rel}","templated":true}]}}