{"id":15324,"date":"2011-05-16T11:04:21","date_gmt":"2011-05-16T14:04:21","guid":{"rendered":"http:\/\/www.r2cpress.com.br\/v1\/?p=15324"},"modified":"2011-05-16T11:04:21","modified_gmt":"2011-05-16T14:04:21","slug":"beatificacao-da-irma-dulce","status":"publish","type":"post","link":"https:\/\/www.r2cpress.com.br\/v1\/2011\/05\/16\/beatificacao-da-irma-dulce\/","title":{"rendered":"Beatifica\u00e7\u00e3o da Irm\u00e3 Dulce"},"content":{"rendered":"<p>A Confer\u00eancia Nacional dos Bispos do Brasil e o povo crist\u00e3o exultam de alegria pelo reconhecimento por parte da Igreja Cat\u00f3lica das virtudes da Irm\u00e3 Dulce \u2013 Anjo Bom da Bahia &#8211; e por sua beatifica\u00e7\u00e3o no pr\u00f3ximo dia 22 de maio, em Salvador, sua terra natal.<\/p>\n<p>Dignou-se Deus chamar a jovem Maria Rita de Souza Brito Lopes Pontes para um servi\u00e7o especial junto ao seu povo, em particular os pobres, os doentes, tamb\u00e9m pessoas rejeitadas por serem portadores de necessidades especiais. Deixando tudo, tornou-se religiosa na Congrega\u00e7\u00e3o das Irm\u00e3s Mission\u00e1rias da Imaculada Concei\u00e7\u00e3o da M\u00e3e de Deus e \u00e9 designada para um servi\u00e7o em sua cidade.<\/p>\n<p> <!--more--><\/p>\n<p>No hospital, em contato mais pr\u00f3ximo com os doentes, intensificou no seu cora\u00e7\u00e3o os clamores dos pobres sofredores inteiramente desamparados, a maioria dos quais sem qualquer tipo de assist\u00eancia. Da\u00ed, a decis\u00e3o de entregar-se a esta causa chegando, inclusive, com o apoio de muitos irm\u00e3os e irm\u00e3s, a abrir uma casa para acolher doentes por ela encontrados nas ruas, sem rumo e abandonados. Outros vinham bater \u00e0 sua porta j\u00e1 sabedores de que l\u00e1 encontrariam guarida.<\/p>\n<p>Sua espiritualidade era nutrida pela Eucaristia, ora\u00e7\u00e3o, Palavra de Deus, e devo\u00e7\u00e3o a Nossa Senhora.  A confian\u00e7a na Provid\u00eancia Divina que se lhe manifestava em diversas ocasi\u00f5es e, muitas vezes, de forma surpreendente, nunca lhe trazia constrangimento em estender as m\u00e3os para pedir ajuda a fim de saciar a fome de p\u00e3o e sa\u00fade aos que a procuravam e a encorajava  para  seguir adiante vendo em cada sofredor o pr\u00f3prio Cristo Jesus.<\/p>\n<p>A beatifica\u00e7\u00e3o de Irm\u00e3 Dulce nos faz mergulhar na profundidade do mist\u00e9rio de nossa f\u00e9 para pedir a gra\u00e7a de vivermos o caminho de santidade, pois esta \u00e9 a nossa voca\u00e7\u00e3o; tamb\u00e9m nos interpela quanto ao nosso modo de ver a pessoa humana e sua dignidade.<\/p>\n<p>O Papa Bento XVI, ao fazer o reconhecimento das virtudes da Irm\u00e3 Dulce, nos exorta a assumirmos nossa f\u00e9, em gestos concretos, \u201cpara que todos tenham vida e vida em abund\u00e2ncia\u201d (Jo 10,10)<\/p>\n<p>&#8212;<br \/>\nAparecida, 07.05.2011<\/p>\n","protected":false},"excerpt":{"rendered":"<p>A Confer\u00eancia Nacional dos Bispos do Brasil e o povo crist\u00e3o exultam de alegria pelo reconhecimento por parte da Igreja Cat\u00f3lica das virtudes da Irm\u00e3 Dulce \u2013 Anjo Bom da Bahia &#8211; e por sua beatifica\u00e7\u00e3o no pr\u00f3ximo dia 22 de maio, em Salvador, sua terra natal. Dignou-se Deus chamar a jovem Maria Rita de [&hellip;]<\/p>\n","protected":false},"author":2,"featured_media":0,"comment_status":"open","ping_status":"open","sticky":false,"template":"","format":"standard","meta":{"_links_to":"","_links_to_target":""},"categories":[28],"tags":[],"_links":{"self":[{"href":"https:\/\/www.r2cpress.com.br\/v1\/wp-json\/wp\/v2\/posts\/15324"}],"collection":[{"href":"https:\/\/www.r2cpress.com.br\/v1\/wp-json\/wp\/v2\/posts"}],"about":[{"href":"https:\/\/www.r2cpress.com.br\/v1\/wp-json\/wp\/v2\/types\/post"}],"author":[{"embeddable":true,"href":"https:\/\/www.r2cpress.com.br\/v1\/wp-json\/wp\/v2\/users\/2"}],"replies":[{"embeddable":true,"href":"https:\/\/www.r2cpress.com.br\/v1\/wp-json\/wp\/v2\/comments?post=15324"}],"version-history":[{"count":2,"href":"https:\/\/www.r2cpress.com.br\/v1\/wp-json\/wp\/v2\/posts\/15324\/revisions"}],"predecessor-version":[{"id":15326,"href":"https:\/\/www.r2cpress.com.br\/v1\/wp-json\/wp\/v2\/posts\/15324\/revisions\/15326"}],"wp:attachment":[{"href":"https:\/\/www.r2cpress.com.br\/v1\/wp-json\/wp\/v2\/media?parent=15324"}],"wp:term":[{"taxonomy":"category","embeddable":true,"href":"https:\/\/www.r2cpress.com.br\/v1\/wp-json\/wp\/v2\/categories?post=15324"},{"taxonomy":"post_tag","embeddable":true,"href":"https:\/\/www.r2cpress.com.br\/v1\/wp-json\/wp\/v2\/tags?post=15324"}],"curies":[{"name":"wp","href":"https:\/\/api.w.org\/{rel}","templated":true}]}}