{"id":15337,"date":"2011-05-16T11:49:13","date_gmt":"2011-05-16T14:49:13","guid":{"rendered":"http:\/\/www.r2cpress.com.br\/v1\/?p=15337"},"modified":"2011-05-16T11:49:13","modified_gmt":"2011-05-16T14:49:13","slug":"o-perigo-da-praca","status":"publish","type":"post","link":"https:\/\/www.r2cpress.com.br\/v1\/2011\/05\/16\/o-perigo-da-praca\/","title":{"rendered":"O PERIGO DA PRA\u00c7A"},"content":{"rendered":"<p>De: Z\u00c9CARLOS JUNIOR <zecarlinhos .junior@gmail.com><br \/>\nAssunto: <strong>O PERIGO DA PRA\u00c7A<\/strong><\/p>\n<p>Corpo da mensagem:<br \/>\nCaro Editor Roberto Rabat Chame,<\/p>\n<p>Nesta manh\u00e3 de uma segunda-feira, quando a gente anda um pouco devagar devido a alguns exageros do domingo, na minha travessia di\u00e1ria pela Pra\u00e7a Coronel Pessoa, deparo-me com uma cena inusitada.<\/p>\n<p>Um cadeirante totalmente atolado com sua cadeira no ponto de \u00f4nibus da Pra\u00e7a Coronel Pessoa.<\/p>\n<p>Infelizmente n\u00e3o estava com a minha digital, pois seria uma foto surrealista.<\/p>\n<p>A turma n\u00e3o est\u00e1 respeitando nenhum cidad\u00e3o, inclusive os portadores de defici\u00eancia f\u00edsica.<\/p>\n<p>O t\u00e9cnico do time quando sente uma dorzinha procura o melhor m\u00e9dico da cidade, ou seja, pega o avi\u00e3o pra Salvador.<\/p>\n<p>O nosso cadeirante que se lasque.<\/p>\n<p>Lembro que cadeirante tamb\u00e9m vota.<\/p>\n<p>Z\u00c9CARLOS JUNIOR<\/p>\n<p>&#8212;<br \/>\nEsta mensagem foi enviada atrav\u00e9s do formul\u00e1rio de contato do site R2CPRESS | A Letra Fria da Verdade http:\/\/www.r2cpress.com.br\/v1<\/zecarlinhos><\/p>\n","protected":false},"excerpt":{"rendered":"<p>De: Z\u00c9CARLOS JUNIOR Assunto: O PERIGO DA PRA\u00c7A Corpo da mensagem: Caro Editor Roberto Rabat Chame, Nesta manh\u00e3 de uma segunda-feira, quando a gente anda um pouco devagar devido a alguns exageros do domingo, na minha travessia di\u00e1ria pela Pra\u00e7a Coronel Pessoa, deparo-me com uma cena inusitada. Um cadeirante totalmente atolado com sua cadeira no [&hellip;]<\/p>\n","protected":false},"author":2,"featured_media":0,"comment_status":"open","ping_status":"open","sticky":false,"template":"","format":"standard","meta":{"_links_to":"","_links_to_target":""},"categories":[10],"tags":[],"_links":{"self":[{"href":"https:\/\/www.r2cpress.com.br\/v1\/wp-json\/wp\/v2\/posts\/15337"}],"collection":[{"href":"https:\/\/www.r2cpress.com.br\/v1\/wp-json\/wp\/v2\/posts"}],"about":[{"href":"https:\/\/www.r2cpress.com.br\/v1\/wp-json\/wp\/v2\/types\/post"}],"author":[{"embeddable":true,"href":"https:\/\/www.r2cpress.com.br\/v1\/wp-json\/wp\/v2\/users\/2"}],"replies":[{"embeddable":true,"href":"https:\/\/www.r2cpress.com.br\/v1\/wp-json\/wp\/v2\/comments?post=15337"}],"version-history":[{"count":2,"href":"https:\/\/www.r2cpress.com.br\/v1\/wp-json\/wp\/v2\/posts\/15337\/revisions"}],"predecessor-version":[{"id":15339,"href":"https:\/\/www.r2cpress.com.br\/v1\/wp-json\/wp\/v2\/posts\/15337\/revisions\/15339"}],"wp:attachment":[{"href":"https:\/\/www.r2cpress.com.br\/v1\/wp-json\/wp\/v2\/media?parent=15337"}],"wp:term":[{"taxonomy":"category","embeddable":true,"href":"https:\/\/www.r2cpress.com.br\/v1\/wp-json\/wp\/v2\/categories?post=15337"},{"taxonomy":"post_tag","embeddable":true,"href":"https:\/\/www.r2cpress.com.br\/v1\/wp-json\/wp\/v2\/tags?post=15337"}],"curies":[{"name":"wp","href":"https:\/\/api.w.org\/{rel}","templated":true}]}}