{"id":15384,"date":"2011-05-16T18:06:03","date_gmt":"2011-05-16T21:06:03","guid":{"rendered":"http:\/\/www.r2cpress.com.br\/v1\/?p=15384"},"modified":"2011-05-16T18:06:26","modified_gmt":"2011-05-16T21:06:26","slug":"eleicao-do-conselho-de-saude-de-ilhieus","status":"publish","type":"post","link":"https:\/\/www.r2cpress.com.br\/v1\/2011\/05\/16\/eleicao-do-conselho-de-saude-de-ilhieus\/","title":{"rendered":"Elei\u00e7\u00e3o do Conselho de Sa\u00fade de Ilh\u00e9us."},"content":{"rendered":"<p>O Conselho Municipal de Sa\u00fade de Ilh\u00e9us, por meio deste divulga a rela\u00e7\u00e3o das institui\u00e7\u00f5es e entidades inscritas e aptas a participar das plen\u00e1rias que eleger\u00e1 aquelas que far\u00e3o parte do Conselho Municipal de Sa\u00fade de Ilh\u00e9us no bi\u00eanio 2011\/2013:<\/p>\n<p><!--more--><\/p>\n<p>1.\tAssocia\u00e7\u00e3o Afro Cultural e Comunit\u00e1rio os Males.<br \/>\n2.\tAssocia\u00e7\u00e3o Afro Mini Kongo.<br \/>\n3.\tAssocia\u00e7\u00e3o Afro Rastafiry.<br \/>\n4.\tAssocia\u00e7\u00e3o Agr\u00edcola do Projeto Nova Jerusal\u00e9m.<br \/>\n5.\tAssocia\u00e7\u00e3o Beneficente dos \u00cdndios de Santana.<br \/>\n6.\tAssocia\u00e7\u00e3o Beneficente dos Moradores da Barra.<br \/>\n7.\tAssocia\u00e7\u00e3o Brasileira Odontologia Regional de Ilh\u00e9us.<br \/>\n8.\tAssocia\u00e7\u00e3o Coletivista Dom Helider C\u00e2mara.<br \/>\n9.\tAssocia\u00e7\u00e3o Cultural e Ambientalista dos \u00cdndios Tupinamb\u00e1 de Oliven\u00e7a.<br \/>\n10.\tAssocia\u00e7\u00e3o D Esporte da Barra.<br \/>\n11.\tAssocia\u00e7\u00e3o de Enfermeiros de Ilh\u00e9us.<br \/>\n12.\tAssocia\u00e7\u00e3o de Moradores e Desportiva de Inema.<br \/>\n13.\tAssocia\u00e7\u00e3o de Pacientes Renais Cr\u00f4nicos e Transplantados do Sul da Bahia.<br \/>\n14.\tAssocia\u00e7\u00e3o Desportiva e Comunit\u00e1ria do Bairro da Esperan\u00e7a.<br \/>\n15.\tAssocia\u00e7\u00e3o dos Agentes Comunit\u00e1rios de Sa\u00fade de Ilh\u00e9us.<br \/>\n16.\tAssocia\u00e7\u00e3o dos Agentes de Sa\u00fade Ilh\u00e9us.<br \/>\n17.\tAssocia\u00e7\u00e3o dos An\u00eamicos Falciforme de Ilh\u00e9us.<br \/>\n18.\tAssocia\u00e7\u00e3o dos Diabetes de Ilh\u00e9us.<br \/>\n19.\tAssocia\u00e7\u00e3o dos Funcion\u00e1rios da Funda\u00e7\u00e3o Nacional de Sa\u00fade de Ilh\u00e9us.<br \/>\n20.\tAssocia\u00e7\u00e3o dos Moradores do Bairro de S\u00e3o Miguel.<br \/>\n21.\tAssocia\u00e7\u00e3o dos Moradores do Iguape.<br \/>\n22.\tAssocia\u00e7\u00e3o dos Moradores do Loteamento S\u00e3o Caetano.<br \/>\n23.\tAssocia\u00e7\u00e3o dos Moradores e Agricultores do Rio do Engenho.<br \/>\n24.\tAssocia\u00e7\u00e3o dos Moradores e Amigo do Bairro Teot\u00f4nio Vilela.<br \/>\n25.\tAssocia\u00e7\u00e3o N\u00facleo da Mulher.<br \/>\n26.\tAssocia\u00e7\u00e3o Recreativa Cultural Grupo Levada da Capoeira.<br \/>\n27.\tBloco Afro Guerreiro de Zulu.<br \/>\n28.\tCentro Comunit\u00e1rio Nossa Senhora da Concei\u00e7\u00e3o.<br \/>\n29.\tCentro de A\u00e7\u00e3o Comunit\u00e1ria de Ilh\u00e9us.<br \/>\n30.\tCentro de Assist\u00eancia e Defesa do Estudante.<br \/>\n31.\tCentro de Recupera\u00e7\u00e3o Cidade de Refugio.<br \/>\n32.\tCLINAP-Laborat\u00f3rio de Analises Cl\u00ednicos e Pesquisas.<br \/>\n33.\tConselho das Entidades Afro Cultural de Ilh\u00e9us.<br \/>\n34.\tConselho regional de Farm\u00e1cia.<br \/>\n35.\tConselho Regional de Psicologia Regional 03.<br \/>\n36.\tDiocese de Ilh\u00e9us ( Pastoral da Sa\u00fade ).<br \/>\n37.\tFedera\u00e7\u00e3o das Associa\u00e7\u00f5es de Moradores de Ilh\u00e9us.<br \/>\n38.\tGrupo Afro Danados do Reggae.<br \/>\n39.\tGrupo Afro Zambi \u2013 Ax\u00e9.<br \/>\n40.\tGrupo Saphos.<br \/>\n41.\tHospital de Olhos Elclin.<br \/>\n42.\tHospital Luiz Viana Filho.<br \/>\n43.\tIrmandade da Santa Casa de Miseric\u00f3rdia de Ilh\u00e9us.<br \/>\n44.\tLABOCLIN \u2013 Laborat\u00f3rio de Analises Clinico.<br \/>\n45.\tLaborat\u00f3rio de Analises Clinicas Dr. Maltez.<br \/>\n46.\tLaborat\u00f3rio de Analises Clinicas Santa Virginia.<br \/>\n47.\tLaborat\u00f3rio de Analises Clinico Silveira Miranda.<br \/>\n48.\tLaborat\u00f3rio Hugo Magalh\u00e3es.<br \/>\n49.\tLegi\u00e3o Feminina Regenera\u00e7\u00e3o Sul Bahiana.<br \/>\n50.\tLPI \u2013 Laborat\u00f3rio de Patologia de Ilh\u00e9us.<br \/>\n51.\tMedico Centro.<br \/>\n52.\tRepresentante do Governo do Estado<br \/>\n53.\tSecretaria Municipal de Sa\u00fade &#8211; SMS &#8211; Membro nato.<br \/>\n54.\tSindicato dos Condutores Aut\u00f4nomos de Ve\u00edculos Rodovi\u00e1rio de Ilh\u00e9us.<br \/>\n55.\tSindicato dos Empregados em Estabelecimentos Banc\u00e1rios de Ilh\u00e9us.<br \/>\n56.\tSindicato dos Funcion\u00e1rios e Servidores Publico Municipal de Ilh\u00e9us.<br \/>\n57.\tSindicato dos Laborat\u00f3rios da Bahia.<br \/>\n58.\tInstituto de Analises Clinicas de Ilh\u00e9us.<br \/>\n59.\tSindicato dos Metal\u00fargicos,<br \/>\n60.\tSindicato dos Trabalhadores da Constru\u00e7\u00e3o Civil de Ilh\u00e9us.<br \/>\n61.\tSindicato dos Trabalhadores em Educa\u00e7\u00e3o de Ilh\u00e9us (APPI).<br \/>\n62.\tSindicato dos Trabalhadores Ind\u00fastria Borracha e Pneus de Ilh\u00e9us.<br \/>\n63.\tSindicato dos Trabalhadores nas Ind\u00fastrias de Alimenta\u00e7\u00e3o de Ilh\u00e9us e Itabuna.<br \/>\n64.\tSindicato dos Trabalhadores Servi\u00e7o Publico Federal.<br \/>\n65.\tUni\u00e3o dos Negros Pela Igualdade de Ilh\u00e9us.<br \/>\n66.\tUni\u00e3o dos Universit\u00e1rios e Amigos do Teot\u00f4nio Vilela.<br \/>\n67.\tVilela-LAB.<br \/>\n68.\tZimbabwe. <\/p>\n<p>COMISS\u00c3O ORGANIZADORA.<\/p>\n<p> Jorge Luis Arouca Veloso &#8211; Representante da Gest\u00e3o Municipal.<\/p>\n<p>Edson Santos Vieira &#8211; Representante dos Trabalhadores.<\/p>\n<p>Marcos A. Lessa dos Santos &#8211; Representante dos Usu\u00e1rios. <\/p>\n<p>Elza Cardoso dos Santos &#8211; Representante dos Usu\u00e1rios.  <\/p>\n","protected":false},"excerpt":{"rendered":"<p>O Conselho Municipal de Sa\u00fade de Ilh\u00e9us, por meio deste divulga a rela\u00e7\u00e3o das institui\u00e7\u00f5es e entidades inscritas e aptas a participar das plen\u00e1rias que eleger\u00e1 aquelas que far\u00e3o parte do Conselho Municipal de Sa\u00fade de Ilh\u00e9us no bi\u00eanio 2011\/2013:<\/p>\n","protected":false},"author":2,"featured_media":0,"comment_status":"open","ping_status":"open","sticky":false,"template":"","format":"standard","meta":{"_links_to":"","_links_to_target":""},"categories":[24],"tags":[],"_links":{"self":[{"href":"https:\/\/www.r2cpress.com.br\/v1\/wp-json\/wp\/v2\/posts\/15384"}],"collection":[{"href":"https:\/\/www.r2cpress.com.br\/v1\/wp-json\/wp\/v2\/posts"}],"about":[{"href":"https:\/\/www.r2cpress.com.br\/v1\/wp-json\/wp\/v2\/types\/post"}],"author":[{"embeddable":true,"href":"https:\/\/www.r2cpress.com.br\/v1\/wp-json\/wp\/v2\/users\/2"}],"replies":[{"embeddable":true,"href":"https:\/\/www.r2cpress.com.br\/v1\/wp-json\/wp\/v2\/comments?post=15384"}],"version-history":[{"count":3,"href":"https:\/\/www.r2cpress.com.br\/v1\/wp-json\/wp\/v2\/posts\/15384\/revisions"}],"predecessor-version":[{"id":15387,"href":"https:\/\/www.r2cpress.com.br\/v1\/wp-json\/wp\/v2\/posts\/15384\/revisions\/15387"}],"wp:attachment":[{"href":"https:\/\/www.r2cpress.com.br\/v1\/wp-json\/wp\/v2\/media?parent=15384"}],"wp:term":[{"taxonomy":"category","embeddable":true,"href":"https:\/\/www.r2cpress.com.br\/v1\/wp-json\/wp\/v2\/categories?post=15384"},{"taxonomy":"post_tag","embeddable":true,"href":"https:\/\/www.r2cpress.com.br\/v1\/wp-json\/wp\/v2\/tags?post=15384"}],"curies":[{"name":"wp","href":"https:\/\/api.w.org\/{rel}","templated":true}]}}